{"id":4751,"date":"2018-06-14T09:00:15","date_gmt":"2018-06-14T12:00:15","guid":{"rendered":"https:\/\/www.lasrosas.com.ar\/portal\/?p=4751"},"modified":"2019-01-15T17:50:44","modified_gmt":"2019-01-15T20:50:44","slug":"ella-es-mery-del-cerro","status":"publish","type":"post","link":"https:\/\/www.lasrosas.com.ar\/portal\/ella-es-mery-del-cerro\/","title":{"rendered":"ELLA ES&#8230; MERY DEL CERRO"},"content":{"rendered":"<h3>Hay muchas cosas que cautivan de esta modelo y actriz, desde su belleza hasta su personalidad.<br \/>\nLuego de formar su familia junto al DJ Meme Bouquet, estren\u00f3 un nuevo rol en su vida: ser madre de Mila. Fresca, segura y desafiante, ha logrado posicionarse en el mundo art\u00edstico,<br \/>\ndemostrando que tiene \u00e9xito en todo lo que se propone.<br \/>\nElla es Mery del Cerro.<\/h3>\n<p><iframe title=\"Backstage Mundial - Mery del Cerro\" width=\"500\" height=\"281\" data-src=\"https:\/\/www.youtube.com\/embed\/Pr9Z36UaLfI?feature=oembed\" frameborder=\"0\" allow=\"accelerometer; autoplay; clipboard-write; encrypted-media; gyroscope; picture-in-picture; web-share\" referrerpolicy=\"strict-origin-when-cross-origin\" allowfullscreen src=\"data:image\/svg+xml;base64,PHN2ZyB3aWR0aD0iMSIgaGVpZ2h0PSIxIiB4bWxucz0iaHR0cDovL3d3dy53My5vcmcvMjAwMC9zdmciPjwvc3ZnPg==\" class=\"lazyload\" data-load-mode=\"1\"><\/iframe><\/p>\n<p>SI TUVIERAS QUE ELEGIR UN DESFILE INTERNACIONAL EN EL QUE QUERR\u00cdAS PARTICIPAR SIEMPRE, \u00bfCU\u00c1L SER\u00cdA?<br \/>\nLos desfiles de Victoria\u2019s Secret porque son incre\u00edbles debido a la producci\u00f3n que tienen. Nunca pude verlos, pero se trata de un mega evento que me encanta.<\/p>\n<p>\u00bfQU\u00c9 ES ESO QUE NO SOPORT\u00c1S QUE TE HAGAN?<br \/>\nNo soporto que me mientan y que me den vueltas para decirme algo.<\/p>\n<p>\u00bfSENT\u00cdS, EN ALGUNAS OCASIONES, QUE LA GENTE TE JUZGA DE MANERA EQUIVOCADA?<br \/>\nGracias a Dios no siento que me juzguen sin conocerme. En general, la gente es muy buena onda, y aquellos que no saben de m\u00ed, no pueden hablar.<\/p>\n<p>\u00bfCU\u00c1L SER\u00cdA LA EDAD CON LA QUE DESEAR\u00cdAS QUEDARTE TODA LA VIDA?<br \/>\nTodas las edades tienen su encanto. No s\u00e9 si hay una edad concreta en la que me gustar\u00eda quedar porque a\u00fan tengo un largo camino por recorrer. Pero todas las etapas han tenido algo interesante. Ahora que soy mam\u00e1, obviamente, que lo estoy disfrutando a full.<\/p>\n<p><img decoding=\"async\" class=\"alignnone size-medium wp-image-4754 lazyload\" data-src=\"https:\/\/www.lasrosas.com.ar\/portal\/wp-content\/uploads\/Sin-titulo-3-960x720.png\" alt=\"\" width=\"960\" height=\"720\" data-srcset=\"https:\/\/www.lasrosas.com.ar\/portal\/wp-content\/uploads\/Sin-titulo-3-960x720.png 960w, https:\/\/www.lasrosas.com.ar\/portal\/wp-content\/uploads\/Sin-titulo-3-640x480.png 640w, https:\/\/www.lasrosas.com.ar\/portal\/wp-content\/uploads\/Sin-titulo-3.png 1000w\" data-sizes=\"(max-width: 960px) 100vw, 960px\" src=\"data:image\/svg+xml;base64,PHN2ZyB3aWR0aD0iMSIgaGVpZ2h0PSIxIiB4bWxucz0iaHR0cDovL3d3dy53My5vcmcvMjAwMC9zdmciPjwvc3ZnPg==\" style=\"--smush-placeholder-width: 960px; --smush-placeholder-aspect-ratio: 960\/720;\" \/><\/p>\n<p>\u00bfCU\u00c1L ES LA MENTIRA QUE SUELES DECIR PARA SALIR DE ALGUNA SITUACI\u00d3N COMPLICADA?<br \/>\nSoy mal\u00edsima mintiendo, se me nota mucha cuando lo hago (risas). Soy demasiado directa.<\/p>\n<p>DESDE QUE COMENZASTE EN EL MUNDO DE LA ACTUACI\u00d3N, \u00bfCU\u00c1L FUE EL PAPEL CON EL QUE TE SENTISTE M\u00c1S IDENTIFICADA?<br \/>\nSi hay algo que me parece sumamente interesante en la actuaci\u00f3n es el poder interpretar a alguien que no sos, y est\u00e1 buen\u00edsimo jugar con eso. Todos los personajes que me tocaron los disfrut\u00e9. Quiz\u00e1s el que recuerdo con m\u00e1s melancol\u00eda es el de \u201cMelody\u201d en \u201cCasi \u00c1ngeles\u201d porque dur\u00f3 tres a\u00f1os, fue el proyecto en el que m\u00e1s tiempo estuve.<\/p>\n<p>\u00bfC\u00d3MO TE SENT\u00cdS EN LAS REDES?<br \/>\nMe manejo muy bien. Tengo la suerte de recibir muy buena onda por parte del p\u00fablico. El 85% de mis seguidores son mujeres, y que haya esa energ\u00eda entre nosotras es muy lindo.<\/p>\n<p>\u00bfSOS FUTBOLERA?<br \/>\nNo soy muy futbolera pero Meme (Bouquet) s\u00ed lo es y es fan\u00e1tico de Boca. De alguna manera me convert\u00ed (risas), as\u00ed que hace poco fuimos a la cancha con Mila.<\/p>\n<p><img decoding=\"async\" class=\"alignnone size-medium wp-image-4752 lazyload\" data-src=\"https:\/\/www.lasrosas.com.ar\/portal\/wp-content\/uploads\/Sin-titulo-1-960x720.png\" alt=\"\" width=\"960\" height=\"720\" data-srcset=\"https:\/\/www.lasrosas.com.ar\/portal\/wp-content\/uploads\/Sin-titulo-1-960x720.png 960w, https:\/\/www.lasrosas.com.ar\/portal\/wp-content\/uploads\/Sin-titulo-1-640x480.png 640w, https:\/\/www.lasrosas.com.ar\/portal\/wp-content\/uploads\/Sin-titulo-1.png 1000w\" data-sizes=\"(max-width: 960px) 100vw, 960px\" src=\"data:image\/svg+xml;base64,PHN2ZyB3aWR0aD0iMSIgaGVpZ2h0PSIxIiB4bWxucz0iaHR0cDovL3d3dy53My5vcmcvMjAwMC9zdmciPjwvc3ZnPg==\" style=\"--smush-placeholder-width: 960px; --smush-placeholder-aspect-ratio: 960\/720;\" \/><\/p>\n<p>\u00bfQU\u00c9 EXPECTATIVAS TEN\u00c9S DEL MUNDIAL?<br \/>\nCreo que las mujeres que no somos tan futboleras, cuando arranca el Mundial, nos ponemos la camiseta argentina para todo (risas). Supongo que me va a pasar eso cuando empiece. \u00a1Ojal\u00e1 nos vaya b\u00e1rbaro!.<\/p>\n<!-- AddThis Advanced Settings generic via filter on the_content --><!-- AddThis Share Buttons generic via filter on the_content -->","protected":false},"excerpt":{"rendered":"<p>Hay muchas cosas que cautivan de esta modelo y actriz, desde su belleza hasta su personalidad. Luego de formar su familia junto al DJ Meme Bouquet, estren\u00f3 un nuevo rol en su vida: ser madre de Mila. Fresca, segura y desafiante, ha logrado posicionarse en el mundo art\u00edstico, demostrando que tiene \u00e9xito en todo lo [&hellip;]<!-- AddThis Advanced Settings generic via filter on get_the_excerpt --><!-- AddThis Share Buttons generic via filter on get_the_excerpt --><\/p>\n","protected":false},"author":6,"featured_media":4753,"comment_status":"closed","ping_status":"open","sticky":false,"template":"","format":"standard","meta":{"_acf_changed":false,"om_disable_all_campaigns":false,"_monsterinsights_skip_tracking":false,"_monsterinsights_sitenote_active":false,"_monsterinsights_sitenote_note":"","_monsterinsights_sitenote_category":0,"_uf_show_specific_survey":0,"_uf_disable_surveys":false,"footnotes":""},"categories":[236,235,234,100],"tags":[],"class_list":["post-4751","post","type-post","status-publish","format-standard","has-post-thumbnail","hentry","category-cover-tapa","category-home","category-trend","category-noticias"],"acf":[],"aioseo_notices":[],"_links":{"self":[{"href":"https:\/\/www.lasrosas.com.ar\/portal\/wp-json\/wp\/v2\/posts\/4751","targetHints":{"allow":["GET"]}}],"collection":[{"href":"https:\/\/www.lasrosas.com.ar\/portal\/wp-json\/wp\/v2\/posts"}],"about":[{"href":"https:\/\/www.lasrosas.com.ar\/portal\/wp-json\/wp\/v2\/types\/post"}],"author":[{"embeddable":true,"href":"https:\/\/www.lasrosas.com.ar\/portal\/wp-json\/wp\/v2\/users\/6"}],"replies":[{"embeddable":true,"href":"https:\/\/www.lasrosas.com.ar\/portal\/wp-json\/wp\/v2\/comments?post=4751"}],"version-history":[{"count":0,"href":"https:\/\/www.lasrosas.com.ar\/portal\/wp-json\/wp\/v2\/posts\/4751\/revisions"}],"wp:featuredmedia":[{"embeddable":true,"href":"https:\/\/www.lasrosas.com.ar\/portal\/wp-json\/wp\/v2\/media\/4753"}],"wp:attachment":[{"href":"https:\/\/www.lasrosas.com.ar\/portal\/wp-json\/wp\/v2\/media?parent=4751"}],"wp:term":[{"taxonomy":"category","embeddable":true,"href":"https:\/\/www.lasrosas.com.ar\/portal\/wp-json\/wp\/v2\/categories?post=4751"},{"taxonomy":"post_tag","embeddable":true,"href":"https:\/\/www.lasrosas.com.ar\/portal\/wp-json\/wp\/v2\/tags?post=4751"}],"curies":[{"name":"wp","href":"https:\/\/api.w.org\/{rel}","templated":true}]}}