{"id":47232,"date":"2022-02-02T18:19:39","date_gmt":"2022-02-02T21:19:39","guid":{"rendered":"https:\/\/www.lasrosas.com.ar\/portal\/?p=47232"},"modified":"2022-02-03T10:37:33","modified_gmt":"2022-02-03T13:37:33","slug":"el-eyeliner-de-la-temporada-otono-invierno-2022","status":"publish","type":"post","link":"https:\/\/www.lasrosas.com.ar\/portal\/el-eyeliner-de-la-temporada-otono-invierno-2022\/","title":{"rendered":"EL EYELINER DE LA TEMPORADA OTO\u00d1O\/INVIERNO 2022"},"content":{"rendered":"<p>La modelo y empresaria Chiara Ferragni suele marcar tendencia, con una actitud \u00fanica y un look angelical nos mostr\u00f3 que esto es lo que se vendr\u00e1 en la nueva temporada.<\/p>\n<p>La modelo y empresaria Chiara Ferragninos muestra la tendencia que se vendr\u00e1 esta temporada oto\u00f1o\/invierno 2022. Lleva un traje verde, haciendo juego con el delineado que promete ser lo m\u00e1s trendy de la nueva temporada.<\/p>\n<h2>Paso a paso para lograr este delineado<\/h2>\n<p>El primer paso es conseguir un pincel correcto, pueden ser los chanfleados, o los que son pinceles, tener la correcta herramienta va a convertir la acci\u00f3n en algo facilmente realizables. Aunque algunos delineadores l\u00edquidos ya vienen con el pincel correcto para un perfecto delineado \u00a1Incluso ya vienen con el color y el brillo deseado!<\/p>\n<p><img decoding=\"async\" class=\"aligncenter size-full wp-image-47233 lazyload\" data-src=\"https:\/\/www.lasrosas.com.ar\/portal\/wp-content\/uploads\/FFFCA4F6-26AE-4EA5-BE99-1FA12D420041.jpeg\" alt=\"\" width=\"740\" height=\"925\" src=\"data:image\/svg+xml;base64,PHN2ZyB3aWR0aD0iMSIgaGVpZ2h0PSIxIiB4bWxucz0iaHR0cDovL3d3dy53My5vcmcvMjAwMC9zdmciPjwvc3ZnPg==\" style=\"--smush-placeholder-width: 740px; --smush-placeholder-aspect-ratio: 740\/925;\" \/><\/p>\n<p>Vas a aplicar en tu parpado un corrector de ojeras (Si, como lees), este paso es para que se unifique con el tono de tu piel, y encima de eso pondr\u00e1s una sombra clara mate, para fijar lo que previamente hiciste.<\/p>\n<p>Luego vas a aplicar la sombra deseada solo en el parpado movil, en este caso Chiara utiliz\u00f3 una sombra clara satinada. Y luego llega el momento de la verdad, con confianza y siguiendo la linea de profundidad (Es decir la que esta justo en el hueso del ojo), vas a realizar la linea con el delineador elegido. La linea sigue levant\u00e1ndose levemente hasta donde finalizan tus cejas. Si te sent\u00eds insegura al principio, podes practicarlo solo con el pincel y una sombra.<\/p>\n<p><img decoding=\"async\" class=\"aligncenter size-full wp-image-47234 lazyload\" data-src=\"https:\/\/www.lasrosas.com.ar\/portal\/wp-content\/uploads\/6C3FE29B-D018-494C-A678-6072AE2FC52A.jpeg\" alt=\"\" width=\"740\" height=\"925\" src=\"data:image\/svg+xml;base64,PHN2ZyB3aWR0aD0iMSIgaGVpZ2h0PSIxIiB4bWxucz0iaHR0cDovL3d3dy53My5vcmcvMjAwMC9zdmciPjwvc3ZnPg==\" style=\"--smush-placeholder-width: 740px; --smush-placeholder-aspect-ratio: 740\/925;\" \/><\/p>\n<p>Chiara complet\u00f3 el look con tres pintitas del mismo tono en la linea del parpado inferior, incluso podes agregarle algunos brillantes, pero solo se pueden pegar con los pegamentos correctos, los mismos que se utilizan para las pesta\u00f1as postizas.<\/p>\n<p>En el rostro utiliz\u00f3 rubor en un tono durazno y un labial nude que amamos.<\/p>\n<p><img decoding=\"async\" class=\"aligncenter size-full wp-image-47235 lazyload\" data-src=\"https:\/\/www.lasrosas.com.ar\/portal\/wp-content\/uploads\/A7D301B2-3FBD-4D12-A887-76071B06ADB6.jpeg\" alt=\"\" width=\"740\" height=\"924\" src=\"data:image\/svg+xml;base64,PHN2ZyB3aWR0aD0iMSIgaGVpZ2h0PSIxIiB4bWxucz0iaHR0cDovL3d3dy53My5vcmcvMjAwMC9zdmciPjwvc3ZnPg==\" style=\"--smush-placeholder-width: 740px; --smush-placeholder-aspect-ratio: 740\/924;\" \/><\/p>\n<p>Chiara Ferragni hab\u00eda asistido al evento de <em>Dior <\/em>junto a su hermana Valentina Ferragni, que eligi\u00f3 un total look rose gold, incluido su maquillaje.<\/p>\n<!-- AddThis Advanced Settings generic via filter on the_content --><!-- AddThis Share Buttons generic via filter on the_content -->","protected":false},"excerpt":{"rendered":"<p>La modelo y empresaria Chiara Ferragni suele marcar tendencia, con una actitud \u00fanica y un look angelical nos mostr\u00f3 que esto es lo que se vendr\u00e1 en la nueva temporada. La modelo y empresaria Chiara Ferragninos muestra la tendencia que se vendr\u00e1 esta temporada oto\u00f1o\/invierno 2022. Lleva un traje verde, haciendo juego con el delineado [&hellip;]<!-- AddThis Advanced Settings generic via filter on get_the_excerpt --><!-- AddThis Share Buttons generic via filter on get_the_excerpt --><\/p>\n","protected":false},"author":6,"featured_media":47236,"comment_status":"closed","ping_status":"open","sticky":false,"template":"","format":"standard","meta":{"_acf_changed":false,"om_disable_all_campaigns":false,"_monsterinsights_skip_tracking":false,"_monsterinsights_sitenote_active":false,"_monsterinsights_sitenote_note":"","_monsterinsights_sitenote_category":0,"_uf_show_specific_survey":0,"_uf_disable_surveys":false,"footnotes":""},"categories":[100,30],"tags":[],"class_list":["post-47232","post","type-post","status-publish","format-standard","has-post-thumbnail","hentry","category-noticias","category-moda"],"acf":[],"aioseo_notices":[],"_links":{"self":[{"href":"https:\/\/www.lasrosas.com.ar\/portal\/wp-json\/wp\/v2\/posts\/47232","targetHints":{"allow":["GET"]}}],"collection":[{"href":"https:\/\/www.lasrosas.com.ar\/portal\/wp-json\/wp\/v2\/posts"}],"about":[{"href":"https:\/\/www.lasrosas.com.ar\/portal\/wp-json\/wp\/v2\/types\/post"}],"author":[{"embeddable":true,"href":"https:\/\/www.lasrosas.com.ar\/portal\/wp-json\/wp\/v2\/users\/6"}],"replies":[{"embeddable":true,"href":"https:\/\/www.lasrosas.com.ar\/portal\/wp-json\/wp\/v2\/comments?post=47232"}],"version-history":[{"count":0,"href":"https:\/\/www.lasrosas.com.ar\/portal\/wp-json\/wp\/v2\/posts\/47232\/revisions"}],"wp:featuredmedia":[{"embeddable":true,"href":"https:\/\/www.lasrosas.com.ar\/portal\/wp-json\/wp\/v2\/media\/47236"}],"wp:attachment":[{"href":"https:\/\/www.lasrosas.com.ar\/portal\/wp-json\/wp\/v2\/media?parent=47232"}],"wp:term":[{"taxonomy":"category","embeddable":true,"href":"https:\/\/www.lasrosas.com.ar\/portal\/wp-json\/wp\/v2\/categories?post=47232"},{"taxonomy":"post_tag","embeddable":true,"href":"https:\/\/www.lasrosas.com.ar\/portal\/wp-json\/wp\/v2\/tags?post=47232"}],"curies":[{"name":"wp","href":"https:\/\/api.w.org\/{rel}","templated":true}]}}