{"id":47139,"date":"2022-02-01T13:32:24","date_gmt":"2022-02-01T16:32:24","guid":{"rendered":"https:\/\/www.lasrosas.com.ar\/portal\/?p=47139"},"modified":"2022-02-01T13:32:24","modified_gmt":"2022-02-01T16:32:24","slug":"la-tradicion-de-la-familia-montaner-que-evaluna-no-repetira-con-su-hijo","status":"publish","type":"post","link":"https:\/\/www.lasrosas.com.ar\/portal\/la-tradicion-de-la-familia-montaner-que-evaluna-no-repetira-con-su-hijo\/","title":{"rendered":"LA TRADICI\u00d3N DE LA FAMILIA MONTANER QUE EVALUNA NO REPETIR\u00c1 CON SU HIJO"},"content":{"rendered":"<p>Camilo y Evaluna Montaner, una de las parejas m\u00e1s medi\u00e1ticas de Am\u00e9rica Latina, mantienen en vilo a sus seguidores desde que anunciaron que esperan a su primer hijo, a quien llamar\u00e1n \u00cdndigo. En ese marco, la cantante cont\u00f3 en una entrevista que \u201csalvar\u00e1\u201d al beb\u00e9 de una tradici\u00f3n familiar que ella odia.<\/p>\n<p>Durante el podcast de Amazon Music, \u201cEn la sala\u201d, la cantante estuvo con Angie Romero y aprovech\u00f3 para contar algunos detalles de su hijo\/a. Fue all\u00ed que habl\u00f3 de algo que no har\u00e1, por considerarlo traumante, y que sus padres lo han hecho con sus hermanos y tambi\u00e9n con ella, hasta que dejaron de hacerlo porque manifest\u00f3 su incomodidad.<\/p>\n<p>Evaluna sorprendi\u00f3 al contar que detesta que en los cumplea\u00f1os se embarre al festejado con la torta, lo cual es algo que se hace en muchos pa\u00edses de Am\u00e9rica Latina.<\/p>\n<p><img decoding=\"async\" class=\"aligncenter  wp-image-47141 lazyload\" data-src=\"https:\/\/www.lasrosas.com.ar\/portal\/wp-content\/uploads\/camilo-evaluna-padres-hijo-indigo-1.jpg\" alt=\"\" width=\"534\" height=\"668\" data-srcset=\"https:\/\/www.lasrosas.com.ar\/portal\/wp-content\/uploads\/camilo-evaluna-padres-hijo-indigo-1.jpg 800w, https:\/\/www.lasrosas.com.ar\/portal\/wp-content\/uploads\/camilo-evaluna-padres-hijo-indigo-1-768x960.jpg 768w\" data-sizes=\"(max-width: 534px) 100vw, 534px\" src=\"data:image\/svg+xml;base64,PHN2ZyB3aWR0aD0iMSIgaGVpZ2h0PSIxIiB4bWxucz0iaHR0cDovL3d3dy53My5vcmcvMjAwMC9zdmciPjwvc3ZnPg==\" style=\"--smush-placeholder-width: 534px; --smush-placeholder-aspect-ratio: 534\/668;\" \/><\/p>\n<p>Tambi\u00e9n revel\u00f3 que en casa dejaron de hacer eso por respeto a ella, quien no se sent\u00eda c\u00f3moda con ser manchada de esa forma un poco humillante. Es por ello que evitar\u00e1 que \u00cdndigo pase por eso.<\/p>\n<p>\u201cEra una tradici\u00f3n familiar que odiaba, pero lo dejaron de hacer por respeto a hacia m\u00ed. Espero que jam\u00e1s vuelva a pasar. Espero que a mi hijo no le guste eso\u201d, se\u00f1al\u00f3.<\/p>\n<p>Adem\u00e1s de manifestar su molestia con esa costumbre cumplea\u00f1era, la joven explic\u00f3 sus razones: \u201cEso de poner tu cara en el pastel cuando te cantan Happy Birthday, lo odio, no me gusta. Me asusta, es traum\u00e1tico, me hace sentir claustrof\u00f3bica, como que me deja pensando: \u2018T\u00fa que eres mi hermano me hiciste esto\u2019, es como que no puedo respirar\u201d, sentenci\u00f3.<\/p>\n<!-- AddThis Advanced Settings generic via filter on the_content --><!-- AddThis Share Buttons generic via filter on the_content -->","protected":false},"excerpt":{"rendered":"<p>Camilo y Evaluna Montaner, una de las parejas m\u00e1s medi\u00e1ticas de Am\u00e9rica Latina, mantienen en vilo a sus seguidores desde que anunciaron que esperan a su primer hijo, a quien llamar\u00e1n \u00cdndigo. En ese marco, la cantante cont\u00f3 en una entrevista que \u201csalvar\u00e1\u201d al beb\u00e9 de una tradici\u00f3n familiar que ella odia. Durante el podcast [&hellip;]<!-- AddThis Advanced Settings generic via filter on get_the_excerpt --><!-- AddThis Share Buttons generic via filter on get_the_excerpt --><\/p>\n","protected":false},"author":6,"featured_media":47140,"comment_status":"closed","ping_status":"open","sticky":false,"template":"","format":"standard","meta":{"_acf_changed":false,"om_disable_all_campaigns":false,"_monsterinsights_skip_tracking":false,"_monsterinsights_sitenote_active":false,"_monsterinsights_sitenote_note":"","_monsterinsights_sitenote_category":0,"_uf_show_specific_survey":0,"_uf_disable_surveys":false,"footnotes":""},"categories":[100],"tags":[],"class_list":["post-47139","post","type-post","status-publish","format-standard","has-post-thumbnail","hentry","category-noticias"],"acf":[],"aioseo_notices":[],"_links":{"self":[{"href":"https:\/\/www.lasrosas.com.ar\/portal\/wp-json\/wp\/v2\/posts\/47139","targetHints":{"allow":["GET"]}}],"collection":[{"href":"https:\/\/www.lasrosas.com.ar\/portal\/wp-json\/wp\/v2\/posts"}],"about":[{"href":"https:\/\/www.lasrosas.com.ar\/portal\/wp-json\/wp\/v2\/types\/post"}],"author":[{"embeddable":true,"href":"https:\/\/www.lasrosas.com.ar\/portal\/wp-json\/wp\/v2\/users\/6"}],"replies":[{"embeddable":true,"href":"https:\/\/www.lasrosas.com.ar\/portal\/wp-json\/wp\/v2\/comments?post=47139"}],"version-history":[{"count":0,"href":"https:\/\/www.lasrosas.com.ar\/portal\/wp-json\/wp\/v2\/posts\/47139\/revisions"}],"wp:featuredmedia":[{"embeddable":true,"href":"https:\/\/www.lasrosas.com.ar\/portal\/wp-json\/wp\/v2\/media\/47140"}],"wp:attachment":[{"href":"https:\/\/www.lasrosas.com.ar\/portal\/wp-json\/wp\/v2\/media?parent=47139"}],"wp:term":[{"taxonomy":"category","embeddable":true,"href":"https:\/\/www.lasrosas.com.ar\/portal\/wp-json\/wp\/v2\/categories?post=47139"},{"taxonomy":"post_tag","embeddable":true,"href":"https:\/\/www.lasrosas.com.ar\/portal\/wp-json\/wp\/v2\/tags?post=47139"}],"curies":[{"name":"wp","href":"https:\/\/api.w.org\/{rel}","templated":true}]}}