{"id":4634,"date":"2018-06-01T16:57:06","date_gmt":"2018-06-01T19:57:06","guid":{"rendered":"https:\/\/www.lasrosas.com.ar\/portal\/?p=4634"},"modified":"2018-06-01T16:59:05","modified_gmt":"2018-06-01T19:59:05","slug":"5-trending-topics-de-la-semana-8","status":"publish","type":"post","link":"https:\/\/www.lasrosas.com.ar\/portal\/5-trending-topics-de-la-semana-8\/","title":{"rendered":"#5 TRENDING TOPICS DE LA SEMANA"},"content":{"rendered":"<h3>Los temas m\u00e1s hablados esta semana, \u00a1te los contamos ac\u00e1!<\/h3>\n<p><img decoding=\"async\" class=\"alignnone size-full wp-image-4635 lazyload\" data-src=\"https:\/\/www.lasrosas.com.ar\/portal\/wp-content\/uploads\/1comenzo-el-sueno.jpg\" alt=\"\" width=\"928\" height=\"928\" data-srcset=\"https:\/\/www.lasrosas.com.ar\/portal\/wp-content\/uploads\/1comenzo-el-sueno.jpg 928w, https:\/\/www.lasrosas.com.ar\/portal\/wp-content\/uploads\/1comenzo-el-sueno-150x150.jpg 150w\" data-sizes=\"(max-width: 928px) 100vw, 928px\" src=\"data:image\/svg+xml;base64,PHN2ZyB3aWR0aD0iMSIgaGVpZ2h0PSIxIiB4bWxucz0iaHR0cDovL3d3dy53My5vcmcvMjAwMC9zdmciPjwvc3ZnPg==\" style=\"--smush-placeholder-width: 928px; --smush-placeholder-aspect-ratio: 928\/928;\" \/><\/p>\n<p>1# \u00a1COMENZ\u00d3 EL SUE\u00d1O DE TODOS LOS ARGENTINOS!<\/p>\n<p>Los 23 representantes de nuestra selecci\u00f3n viajaron a Europa para completar la \u00faltima fase antes del mundial. \u00a1Vamos Argentina!<\/p>\n<h3><img decoding=\"async\" class=\"alignnone size-full wp-image-4636 lazyload\" data-src=\"https:\/\/www.lasrosas.com.ar\/portal\/wp-content\/uploads\/2el-lobista.jpg\" alt=\"\" width=\"660\" height=\"370\" src=\"data:image\/svg+xml;base64,PHN2ZyB3aWR0aD0iMSIgaGVpZ2h0PSIxIiB4bWxucz0iaHR0cDovL3d3dy53My5vcmcvMjAwMC9zdmciPjwvc3ZnPg==\" style=\"--smush-placeholder-width: 660px; --smush-placeholder-aspect-ratio: 660\/370;\" \/><\/h3>\n<p>2# \u201cEL LOBISTA\u201d LO NUEVO\u00a0 DEL TRECE<\/p>\n<p>Junto con un elenco y trama excepcional arranc\u00f3 El lobista, la nueva ficci\u00f3n de Adri\u00e1n Suar. En esta miniserie nos adentramos en un mundo turbio de pol\u00edtica, sexo y negocios .<\/p>\n<p><img decoding=\"async\" class=\"alignnone size-full wp-image-4637 lazyload\" data-src=\"https:\/\/www.lasrosas.com.ar\/portal\/wp-content\/uploads\/3-angelina-elle-.jpg\" alt=\"\" width=\"850\" height=\"638\" data-srcset=\"https:\/\/www.lasrosas.com.ar\/portal\/wp-content\/uploads\/3-angelina-elle-.jpg 850w, https:\/\/www.lasrosas.com.ar\/portal\/wp-content\/uploads\/3-angelina-elle--640x480.jpg 640w\" data-sizes=\"(max-width: 850px) 100vw, 850px\" src=\"data:image\/svg+xml;base64,PHN2ZyB3aWR0aD0iMSIgaGVpZ2h0PSIxIiB4bWxucz0iaHR0cDovL3d3dy53My5vcmcvMjAwMC9zdmciPjwvc3ZnPg==\" style=\"--smush-placeholder-width: 850px; --smush-placeholder-aspect-ratio: 850\/638;\" \/><\/p>\n<p>3# ANGELINA JOLIE + ELLE FANNING<\/p>\n<p style=\"line-height: 150%;\"><span lang=\"es\" style=\"color: black; font-weight: normal;\">Las actrices han comenzado el rodaje de \u201cMalefica 2\u201d y compartieron unas graciosas fotos juntas en Instagram. <\/span><\/p>\n<p><img decoding=\"async\" class=\"alignnone size-full wp-image-4638 lazyload\" data-src=\"https:\/\/www.lasrosas.com.ar\/portal\/wp-content\/uploads\/4-discurso-jimena.jpg\" alt=\"\" width=\"720\" height=\"480\" src=\"data:image\/svg+xml;base64,PHN2ZyB3aWR0aD0iMSIgaGVpZ2h0PSIxIiB4bWxucz0iaHR0cDovL3d3dy53My5vcmcvMjAwMC9zdmciPjwvc3ZnPg==\" style=\"--smush-placeholder-width: 720px; --smush-placeholder-aspect-ratio: 720\/480;\" \/><\/p>\n<p>4# EMOTIVO DISCURSO DE JIMENA BAR\u00d3N<\/p>\n<p>Tras ganar el premio a \u201cMejor \u00e1lbum de artista nuevo pop\u201d la cantante y actriz Jimena Bar\u00f3n dio un discurso que hizo lagrimear a m\u00e1s de uno. <em>\u00abSe lo dedico a todas esas mujeres\u00a0 a las que alguien les dijo alguna vez que no eran lo suficientemente lindas o buenas, talentosas, inteligentes, fuertes o valientes como para concretar sus sue\u00f1os. Brindo por menos tontas y por m\u00e1s mujeres valientes\u201d<\/em><\/p>\n<p><img decoding=\"async\" class=\"alignnone size-full wp-image-4639 lazyload\" data-src=\"https:\/\/www.lasrosas.com.ar\/portal\/wp-content\/uploads\/5-kim-kardashian-.jpg\" alt=\"\" width=\"618\" height=\"410\" src=\"data:image\/svg+xml;base64,PHN2ZyB3aWR0aD0iMSIgaGVpZ2h0PSIxIiB4bWxucz0iaHR0cDovL3d3dy53My5vcmcvMjAwMC9zdmciPjwvc3ZnPg==\" style=\"--smush-placeholder-width: 618px; --smush-placeholder-aspect-ratio: 618\/410;\" \/><\/p>\n<p>5# UNA VISITA MUY PARTICULAR<\/p>\n<p>Kim kardashian visit\u00f3 la casa blanca donde tuvo una reuni\u00f3n con el presidente Donald Trump para discutir sobre una reforma carcelaria. Kardashian pide la liberaci\u00f3n de una mujer que ha estado en prisi\u00f3n durante m\u00e1s de 20 a\u00f1os por un delito no violento.<\/p>\n<!-- AddThis Advanced Settings generic via filter on the_content --><!-- AddThis Share Buttons generic via filter on the_content -->","protected":false},"excerpt":{"rendered":"<p>Los temas m\u00e1s hablados esta semana, \u00a1te los contamos ac\u00e1! 1# \u00a1COMENZ\u00d3 EL SUE\u00d1O DE TODOS LOS ARGENTINOS! Los 23 representantes de nuestra selecci\u00f3n viajaron a Europa para completar la \u00faltima fase antes del mundial. \u00a1Vamos Argentina! 2# \u201cEL LOBISTA\u201d LO NUEVO\u00a0 DEL TRECE Junto con un elenco y trama excepcional arranc\u00f3 El lobista, la [&hellip;]<!-- AddThis Advanced Settings generic via filter on get_the_excerpt --><!-- AddThis Share Buttons generic via filter on get_the_excerpt --><\/p>\n","protected":false},"author":6,"featured_media":4635,"comment_status":"closed","ping_status":"open","sticky":false,"template":"","format":"standard","meta":{"_acf_changed":false,"om_disable_all_campaigns":false,"_monsterinsights_skip_tracking":false,"_monsterinsights_sitenote_active":false,"_monsterinsights_sitenote_note":"","_monsterinsights_sitenote_category":0,"_uf_show_specific_survey":0,"_uf_disable_surveys":false,"footnotes":""},"categories":[235,100],"tags":[],"class_list":["post-4634","post","type-post","status-publish","format-standard","has-post-thumbnail","hentry","category-home","category-noticias"],"acf":[],"aioseo_notices":[],"_links":{"self":[{"href":"https:\/\/www.lasrosas.com.ar\/portal\/wp-json\/wp\/v2\/posts\/4634","targetHints":{"allow":["GET"]}}],"collection":[{"href":"https:\/\/www.lasrosas.com.ar\/portal\/wp-json\/wp\/v2\/posts"}],"about":[{"href":"https:\/\/www.lasrosas.com.ar\/portal\/wp-json\/wp\/v2\/types\/post"}],"author":[{"embeddable":true,"href":"https:\/\/www.lasrosas.com.ar\/portal\/wp-json\/wp\/v2\/users\/6"}],"replies":[{"embeddable":true,"href":"https:\/\/www.lasrosas.com.ar\/portal\/wp-json\/wp\/v2\/comments?post=4634"}],"version-history":[{"count":0,"href":"https:\/\/www.lasrosas.com.ar\/portal\/wp-json\/wp\/v2\/posts\/4634\/revisions"}],"wp:featuredmedia":[{"embeddable":true,"href":"https:\/\/www.lasrosas.com.ar\/portal\/wp-json\/wp\/v2\/media\/4635"}],"wp:attachment":[{"href":"https:\/\/www.lasrosas.com.ar\/portal\/wp-json\/wp\/v2\/media?parent=4634"}],"wp:term":[{"taxonomy":"category","embeddable":true,"href":"https:\/\/www.lasrosas.com.ar\/portal\/wp-json\/wp\/v2\/categories?post=4634"},{"taxonomy":"post_tag","embeddable":true,"href":"https:\/\/www.lasrosas.com.ar\/portal\/wp-json\/wp\/v2\/tags?post=4634"}],"curies":[{"name":"wp","href":"https:\/\/api.w.org\/{rel}","templated":true}]}}