{"id":45936,"date":"2022-01-03T16:31:17","date_gmt":"2022-01-03T19:31:17","guid":{"rendered":"https:\/\/www.lasrosas.com.ar\/portal\/?p=45936"},"modified":"2022-01-03T16:31:34","modified_gmt":"2022-01-03T19:31:34","slug":"las-low-cost-tambien-abren-fronteras","status":"publish","type":"post","link":"https:\/\/www.lasrosas.com.ar\/portal\/las-low-cost-tambien-abren-fronteras\/","title":{"rendered":"LAS LOW COST TAMBI\u00c9N ABREN FRONTERAS"},"content":{"rendered":"<p>Una tendencia cada vez m\u00e1s fuerte est\u00e1 marcando el mercado a\u00e9reo low cost de nuestro pa\u00eds y de Latinoam\u00e9rica, ya hay algunas l\u00edneas a\u00e9reas del segmento con propuestas de vuelos internacionales y por otro lado se est\u00e1n reiniciando operaciones que se hab\u00edan discontinuado por la pandemia, como en el caso de Flybondi con sus vuelos a Brasil, aunque la l\u00ednea low cost local va por m\u00e1s.<\/p>\n<p>Florian\u00f3polis y Punta del Este fueron los destinos que inauguraron los vuelos en el mes de diciembre.<\/p>\n<p>A partir de enero se sumaron R\u00edo de Janeiro y San Pablo y m\u00e1s de 2.400 personas ya volaron internacionalmente con ellos en el 2021.<\/p>\n<p>Los vuelos a la capital del estado de Santa Catarina, en el sur de Brasil, tienen 6 frecuencias semanales para la primera quincena, y pasar\u00e1n a 8 vuelos semanales en la segunda quincena de enero. La ruta a R\u00edo de Janeiro que inici\u00f3 con 2 frecuencias semanales ya en la segunda quincena llega a 4 frecuencias semanales. Y San Pablo tendr\u00e1 2 frecuencias semanales durante todo el mes de enero.<\/p>\n<p>Estas nuevas opciones sobre rutas internacionales tradicionales abren expectativas para el desarrollo de paquetes tur\u00edsticos, transporte de cargas y sobre todo para la baja de tarifas. Hay que seguir de cerca la tendencia porque se est\u00e1 avanzando en el terreno y habr\u00e1 nuevas aperturas<\/p>\n<div style=\"width: 640px;\" class=\"wp-video\"><!--[if lt IE 9]><script>document.createElement('video');<\/script><![endif]-->\n<video class=\"wp-video-shortcode\" id=\"video-45936-1\" width=\"640\" height=\"352\" preload=\"metadata\" controls=\"controls\"><source type=\"video\/mp4\" src=\"https:\/\/www.lasrosas.com.ar\/portal\/wp-content\/uploads\/Vuelo-GIG.mp4?_=1\" \/><a href=\"https:\/\/www.lasrosas.com.ar\/portal\/wp-content\/uploads\/Vuelo-GIG.mp4\">https:\/\/www.lasrosas.com.ar\/portal\/wp-content\/uploads\/Vuelo-GIG.mp4<\/a><\/video><\/div>\n<p>&nbsp;<\/p>\n<!-- AddThis Advanced Settings generic via filter on the_content --><!-- AddThis Share Buttons generic via filter on the_content -->","protected":false},"excerpt":{"rendered":"<p>Una tendencia cada vez m\u00e1s fuerte est\u00e1 marcando el mercado a\u00e9reo low cost de nuestro pa\u00eds y de Latinoam\u00e9rica, ya hay algunas l\u00edneas a\u00e9reas del segmento con propuestas de vuelos internacionales y por otro lado se est\u00e1n reiniciando operaciones que se hab\u00edan discontinuado por la pandemia, como en el caso de Flybondi con sus vuelos [&hellip;]<!-- AddThis Advanced Settings generic via filter on get_the_excerpt --><!-- AddThis Share Buttons generic via filter on get_the_excerpt --><\/p>\n","protected":false},"author":6,"featured_media":45938,"comment_status":"closed","ping_status":"open","sticky":false,"template":"","format":"standard","meta":{"_acf_changed":false,"om_disable_all_campaigns":false,"_monsterinsights_skip_tracking":false,"_monsterinsights_sitenote_active":false,"_monsterinsights_sitenote_note":"","_monsterinsights_sitenote_category":0,"_uf_show_specific_survey":0,"_uf_disable_surveys":false,"footnotes":""},"categories":[100,33],"tags":[],"class_list":["post-45936","post","type-post","status-publish","format-standard","has-post-thumbnail","hentry","category-noticias","category-las-rosas-trip"],"acf":[],"aioseo_notices":[],"_links":{"self":[{"href":"https:\/\/www.lasrosas.com.ar\/portal\/wp-json\/wp\/v2\/posts\/45936","targetHints":{"allow":["GET"]}}],"collection":[{"href":"https:\/\/www.lasrosas.com.ar\/portal\/wp-json\/wp\/v2\/posts"}],"about":[{"href":"https:\/\/www.lasrosas.com.ar\/portal\/wp-json\/wp\/v2\/types\/post"}],"author":[{"embeddable":true,"href":"https:\/\/www.lasrosas.com.ar\/portal\/wp-json\/wp\/v2\/users\/6"}],"replies":[{"embeddable":true,"href":"https:\/\/www.lasrosas.com.ar\/portal\/wp-json\/wp\/v2\/comments?post=45936"}],"version-history":[{"count":0,"href":"https:\/\/www.lasrosas.com.ar\/portal\/wp-json\/wp\/v2\/posts\/45936\/revisions"}],"wp:featuredmedia":[{"embeddable":true,"href":"https:\/\/www.lasrosas.com.ar\/portal\/wp-json\/wp\/v2\/media\/45938"}],"wp:attachment":[{"href":"https:\/\/www.lasrosas.com.ar\/portal\/wp-json\/wp\/v2\/media?parent=45936"}],"wp:term":[{"taxonomy":"category","embeddable":true,"href":"https:\/\/www.lasrosas.com.ar\/portal\/wp-json\/wp\/v2\/categories?post=45936"},{"taxonomy":"post_tag","embeddable":true,"href":"https:\/\/www.lasrosas.com.ar\/portal\/wp-json\/wp\/v2\/tags?post=45936"}],"curies":[{"name":"wp","href":"https:\/\/api.w.org\/{rel}","templated":true}]}}