{"id":4571,"date":"2018-05-24T17:28:19","date_gmt":"2018-05-24T20:28:19","guid":{"rendered":"https:\/\/www.lasrosas.com.ar\/portal\/?p=4571"},"modified":"2018-05-24T17:28:42","modified_gmt":"2018-05-24T20:28:42","slug":"calu-rivero-vuelve-con-todo","status":"publish","type":"post","link":"https:\/\/www.lasrosas.com.ar\/portal\/calu-rivero-vuelve-con-todo\/","title":{"rendered":"\u00a1CALU RIVERO VUELVE CON TODO!"},"content":{"rendered":"<p><span style=\"color: #000000;\"><strong>Nuestra cover girl de abril tiene nuevos proyectos en teatro y <span style=\"color: #000000;\">televisi\u00f3n. \u00a1Ac\u00e1 te los contamos!<\/span><\/strong><\/span><\/p>\n<p><span style=\"color: #000000;\">La modelo, actriz y DJ, se ha convertido en un \u00edcono de las mujeres, no s\u00f3lo por sus interpretaciones, sino por su mensaje empoderado por las mujeres. Sin embargo, despu\u00e9s de un tiempo de estar radicada en Nueva York, regresa a la Argentina para protagonizar dos nuevos proyectos.<\/span><\/p>\n<p><span style=\"color: #000000;\">Por un lado, estar\u00e1 brillando de la mano de Jos\u00e9 Mar\u00eda Muscari, en la obra \u201cDerechas\u201d, una propuesta diferente, en la que los artistas interactuar\u00e1n con el p\u00fablico de manera constante.<\/span><\/p>\n<p><img decoding=\"async\" class=\"alignnone size-full wp-image-3772 lazyload\" data-src=\"https:\/\/www.lasrosas.com.ar\/portal\/wp-content\/uploads\/CaluRivero1.jpg\" alt=\"\" width=\"750\" height=\"500\" src=\"data:image\/svg+xml;base64,PHN2ZyB3aWR0aD0iMSIgaGVpZ2h0PSIxIiB4bWxucz0iaHR0cDovL3d3dy53My5vcmcvMjAwMC9zdmciPjwvc3ZnPg==\" style=\"--smush-placeholder-width: 750px; --smush-placeholder-aspect-ratio: 750\/500;\" \/><\/p>\n<p><span style=\"color: #000000;\">Por otro lado, empezar\u00e1 a grabar \u201cCampanas en la noche\u201d, una producci\u00f3n de Telef\u00e9, en la que ser\u00e1 la actriz principal junto a Federico Amador.<\/span><\/p>\n<p><span style=\"color: #000000;\">Claramente, Calu Rivero se ha preparado para regresar con todo. Mientras esto sucede, te invitamos a que leas la entrevista que Grupo Las Rosas le hizo cuando fue nuestra chica de tapa:\u00a0<\/span><\/p>\n<p><a href=\"https:\/\/issuu.com\/lasrosas\/docs\/257\">https:\/\/issuu.com\/lasrosas\/docs\/257<\/a><\/p>\n<!-- AddThis Advanced Settings generic via filter on the_content --><!-- AddThis Share Buttons generic via filter on the_content -->","protected":false},"excerpt":{"rendered":"<p>Nuestra cover girl de abril tiene nuevos proyectos en teatro y televisi\u00f3n. \u00a1Ac\u00e1 te los contamos! La modelo, actriz y DJ, se ha convertido en un \u00edcono de las mujeres, no s\u00f3lo por sus interpretaciones, sino por su mensaje empoderado por las mujeres. Sin embargo, despu\u00e9s de un tiempo de estar radicada en Nueva York, [&hellip;]<!-- AddThis Advanced Settings generic via filter on get_the_excerpt --><!-- AddThis Share Buttons generic via filter on get_the_excerpt --><\/p>\n","protected":false},"author":6,"featured_media":3750,"comment_status":"closed","ping_status":"open","sticky":false,"template":"","format":"standard","meta":{"_acf_changed":false,"om_disable_all_campaigns":false,"_monsterinsights_skip_tracking":false,"_monsterinsights_sitenote_active":false,"_monsterinsights_sitenote_note":"","_monsterinsights_sitenote_category":0,"_uf_show_specific_survey":0,"_uf_disable_surveys":false,"footnotes":""},"categories":[100],"tags":[39,108,44,126,58,64],"class_list":["post-4571","post","type-post","status-publish","format-standard","has-post-thumbnail","hentry","category-noticias","tag-actriz","tag-artista","tag-buenos-aires","tag-inspiracion","tag-moda","tag-tendencias"],"acf":[],"aioseo_notices":[],"_links":{"self":[{"href":"https:\/\/www.lasrosas.com.ar\/portal\/wp-json\/wp\/v2\/posts\/4571","targetHints":{"allow":["GET"]}}],"collection":[{"href":"https:\/\/www.lasrosas.com.ar\/portal\/wp-json\/wp\/v2\/posts"}],"about":[{"href":"https:\/\/www.lasrosas.com.ar\/portal\/wp-json\/wp\/v2\/types\/post"}],"author":[{"embeddable":true,"href":"https:\/\/www.lasrosas.com.ar\/portal\/wp-json\/wp\/v2\/users\/6"}],"replies":[{"embeddable":true,"href":"https:\/\/www.lasrosas.com.ar\/portal\/wp-json\/wp\/v2\/comments?post=4571"}],"version-history":[{"count":0,"href":"https:\/\/www.lasrosas.com.ar\/portal\/wp-json\/wp\/v2\/posts\/4571\/revisions"}],"wp:featuredmedia":[{"embeddable":true,"href":"https:\/\/www.lasrosas.com.ar\/portal\/wp-json\/wp\/v2\/media\/3750"}],"wp:attachment":[{"href":"https:\/\/www.lasrosas.com.ar\/portal\/wp-json\/wp\/v2\/media?parent=4571"}],"wp:term":[{"taxonomy":"category","embeddable":true,"href":"https:\/\/www.lasrosas.com.ar\/portal\/wp-json\/wp\/v2\/categories?post=4571"},{"taxonomy":"post_tag","embeddable":true,"href":"https:\/\/www.lasrosas.com.ar\/portal\/wp-json\/wp\/v2\/tags?post=4571"}],"curies":[{"name":"wp","href":"https:\/\/api.w.org\/{rel}","templated":true}]}}