{"id":4506,"date":"2018-05-23T08:30:26","date_gmt":"2018-05-23T11:30:26","guid":{"rendered":"https:\/\/www.lasrosas.com.ar\/portal\/?p=4506"},"modified":"2018-05-22T16:03:43","modified_gmt":"2018-05-22T19:03:43","slug":"gc1-puma-do-you","status":"publish","type":"post","link":"https:\/\/www.lasrosas.com.ar\/portal\/gc1-puma-do-you\/","title":{"rendered":"GC1: PUMA \u201cDO YOU\u201d"},"content":{"rendered":"<h3><span style=\"color: #000000;\">Una vez m\u00e1s, <strong>PUMA<\/strong> vuelve a sorprender a sus seguidores, pero en esta ocasi\u00f3n de una manera distinta, poderosa y con un fuerte apoyo a las mujeres.<\/span><\/h3>\n<p><span style=\"color: #000000;\">La temporada primavera- verano 2018,<strong> PUMA \u201cDO YOU\u201d<\/strong>, dedicada al p\u00fablico femenino ha trascendido todas las barreras, acompa\u00f1ando este empoderamiento de la mujer, motiv\u00e1ndola a vivir sin culpas, siendo su propia l\u00edder, y abrazando el estilo personal de cada una.<\/span><\/p>\n<p><img decoding=\"async\" class=\"alignnone size-medium wp-image-4512 lazyload\" data-src=\"https:\/\/www.lasrosas.com.ar\/portal\/wp-content\/uploads\/18SS_BTL_ECOM_SP_MUSE_Email_1280_2-960x960.jpg\" alt=\"\" width=\"960\" height=\"960\" src=\"data:image\/svg+xml;base64,PHN2ZyB3aWR0aD0iMSIgaGVpZ2h0PSIxIiB4bWxucz0iaHR0cDovL3d3dy53My5vcmcvMjAwMC9zdmciPjwvc3ZnPg==\" style=\"--smush-placeholder-width: 960px; --smush-placeholder-aspect-ratio: 960\/960;\" \/><\/p>\n<p><span style=\"color: #000000;\"><strong>PUMA<\/strong> pens\u00f3 en todos los detalles. Por un lado, eligi\u00f3 como representante de esta colecci\u00f3n a Cara Delevingne, una de las modelos y actrices internacionales que se ha convertido en un \u00edcono dentro de la lucha femenina por lograr su propio espacio en un mundo tan complejo. A trav\u00e9s de peque\u00f1os cortometrajes, llamados <strong>\u201cDO YOU\u201d<\/strong>, muestra como eje central la vida de mujeres fuertes, con historias \u00fanicas, convirti\u00e9ndolas en ejemplos a seguir.<\/span><\/p>\n\r\n\t\t<style type='text\/css'>\r\n\t\t\t#gallery-1 {\r\n\t\t\t\tmargin: auto;\r\n\t\t\t}\r\n\t\t\t#gallery-1 .gallery-item {\r\n\t\t\t\tfloat: left;\r\n\t\t\t\tmargin-top: 10px;\r\n\t\t\t\ttext-align: center;\r\n\t\t\t\twidth: 50%;\r\n\t\t\t}\r\n\t\t\t#gallery-1 img {\r\n\t\t\t\tborder: 2px solid #cfcfcf;\r\n\t\t\t}\r\n\t\t\t#gallery-1 .gallery-caption {\r\n\t\t\t\tmargin-left: 0;\r\n\t\t\t}\r\n\t\t<\/style>\r\n\t\t<!-- see gallery_shortcode() in wp-includes\/media.php -->\n\t\t<div id='gallery-1' class='gallery galleryid-4506 gallery-columns-2 gallery-size-full gallery1'><script type=\"text\/javascript\">\r\n\/\/ <![CDATA[\r\n\tjQuery(document).ready(function () {\r\n\t\tjQuery(\".gallery1 a\").attr(\"rel\",\"gallery1\");\t\r\n\t\tjQuery('a[rel=\"gallery1\"]').colorbox({maxWidth:\"95%\", maxHeight:\"95%\",title: function(){ return jQuery(this).children().attr(\"alt\"); }, });\r\n\t});\r\n\/\/ ]]>\r\n<\/script>\n<dl class=\"gallery-item\">\n<dt class=\"gallery-icon\">\r\n<a href=\"https:\/\/www.lasrosas.com.ar\/portal\/wp-content\/uploads\/18SS_BTL_ECOM_SP_MUSE_PLP_PromoDouble_460x350_2.jpg\" title=\"\" rel=\"gallery1\"><img decoding=\"async\" data-src=\"https:\/\/www.lasrosas.com.ar\/portal\/wp-content\/uploads\/18SS_BTL_ECOM_SP_MUSE_PLP_PromoDouble_460x350_2.jpg\" width=\"460\" height=\"350\" alt=\"\" src=\"data:image\/svg+xml;base64,PHN2ZyB3aWR0aD0iMSIgaGVpZ2h0PSIxIiB4bWxucz0iaHR0cDovL3d3dy53My5vcmcvMjAwMC9zdmciPjwvc3ZnPg==\" class=\"lazyload\" style=\"--smush-placeholder-width: 460px; --smush-placeholder-aspect-ratio: 460\/350;\" \/><\/a>\r\n<\/dt><\/dl><dl class=\"gallery-item\">\n<dt class=\"gallery-icon\">\r\n<a href=\"https:\/\/www.lasrosas.com.ar\/portal\/wp-content\/uploads\/18SS_BTL_ECOM_SP_MUSE_PLP_PromoDouble_460x350_3.jpg\" title=\"\" rel=\"gallery1\"><img decoding=\"async\" data-src=\"https:\/\/www.lasrosas.com.ar\/portal\/wp-content\/uploads\/18SS_BTL_ECOM_SP_MUSE_PLP_PromoDouble_460x350_3.jpg\" width=\"460\" height=\"350\" alt=\"\" src=\"data:image\/svg+xml;base64,PHN2ZyB3aWR0aD0iMSIgaGVpZ2h0PSIxIiB4bWxucz0iaHR0cDovL3d3dy53My5vcmcvMjAwMC9zdmciPjwvc3ZnPg==\" class=\"lazyload\" style=\"--smush-placeholder-width: 460px; --smush-placeholder-aspect-ratio: 460\/350;\" \/><\/a>\r\n<\/dt><\/dl><br style=\"clear: both\" \/>\r\n\t\t<\/div>\n\n<p><span style=\"color: #000000;\">Por el otro, toma la esencia de cada una de las mujeres para que sean la inspiraci\u00f3n de sus propios caminos, utilizando el hashtag #DoYou, como frase de cabecera, dejando en claro que las pasiones de cada una son los impulsos necesarios para avanzar.<\/span><\/p>\n<p><span style=\"color: #000000;\">Finalmente, <strong>PUMA<\/strong> suma a su colecci\u00f3n el modelo Muse: una zapatilla dise\u00f1ada con detalles que la hacen c\u00f3moda y pr\u00e1ctica, pero sin perder estilo y belleza. Con una combinaci\u00f3n de colores suaves, minimalistas, expresa en su totalidad el apoyo a la mujer de hoy.<\/span><\/p>\n<!-- AddThis Advanced Settings generic via filter on the_content --><!-- AddThis Share Buttons generic via filter on the_content -->","protected":false},"excerpt":{"rendered":"<p>Una vez m\u00e1s, PUMA vuelve a sorprender a sus seguidores, pero en esta ocasi\u00f3n de una manera distinta, poderosa y con un fuerte apoyo a las mujeres. La temporada primavera- verano 2018, PUMA \u201cDO YOU\u201d, dedicada al p\u00fablico femenino ha trascendido todas las barreras, acompa\u00f1ando este empoderamiento de la mujer, motiv\u00e1ndola a vivir sin culpas, [&hellip;]<!-- AddThis Advanced Settings generic via filter on get_the_excerpt --><!-- AddThis Share Buttons generic via filter on get_the_excerpt --><\/p>\n","protected":false},"author":6,"featured_media":4511,"comment_status":"closed","ping_status":"open","sticky":false,"template":"","format":"standard","meta":{"_acf_changed":false,"om_disable_all_campaigns":false,"_monsterinsights_skip_tracking":false,"_monsterinsights_sitenote_active":false,"_monsterinsights_sitenote_note":"","_monsterinsights_sitenote_category":0,"_uf_show_specific_survey":0,"_uf_disable_surveys":false,"footnotes":""},"categories":[240,100],"tags":[39,108,44,43,126,167,58,276,64],"class_list":["post-4506","post","type-post","status-publish","format-standard","has-post-thumbnail","hentry","category-gc1","category-noticias","tag-actriz","tag-artista","tag-buenos-aires","tag-famosos","tag-inspiracion","tag-marca","tag-moda","tag-puma","tag-tendencias"],"acf":[],"aioseo_notices":[],"_links":{"self":[{"href":"https:\/\/www.lasrosas.com.ar\/portal\/wp-json\/wp\/v2\/posts\/4506","targetHints":{"allow":["GET"]}}],"collection":[{"href":"https:\/\/www.lasrosas.com.ar\/portal\/wp-json\/wp\/v2\/posts"}],"about":[{"href":"https:\/\/www.lasrosas.com.ar\/portal\/wp-json\/wp\/v2\/types\/post"}],"author":[{"embeddable":true,"href":"https:\/\/www.lasrosas.com.ar\/portal\/wp-json\/wp\/v2\/users\/6"}],"replies":[{"embeddable":true,"href":"https:\/\/www.lasrosas.com.ar\/portal\/wp-json\/wp\/v2\/comments?post=4506"}],"version-history":[{"count":0,"href":"https:\/\/www.lasrosas.com.ar\/portal\/wp-json\/wp\/v2\/posts\/4506\/revisions"}],"wp:featuredmedia":[{"embeddable":true,"href":"https:\/\/www.lasrosas.com.ar\/portal\/wp-json\/wp\/v2\/media\/4511"}],"wp:attachment":[{"href":"https:\/\/www.lasrosas.com.ar\/portal\/wp-json\/wp\/v2\/media?parent=4506"}],"wp:term":[{"taxonomy":"category","embeddable":true,"href":"https:\/\/www.lasrosas.com.ar\/portal\/wp-json\/wp\/v2\/categories?post=4506"},{"taxonomy":"post_tag","embeddable":true,"href":"https:\/\/www.lasrosas.com.ar\/portal\/wp-json\/wp\/v2\/tags?post=4506"}],"curies":[{"name":"wp","href":"https:\/\/api.w.org\/{rel}","templated":true}]}}