{"id":4488,"date":"2018-05-22T14:23:20","date_gmt":"2018-05-22T17:23:20","guid":{"rendered":"https:\/\/www.lasrosas.com.ar\/portal\/?p=4488"},"modified":"2018-05-22T14:23:20","modified_gmt":"2018-05-22T17:23:20","slug":"casa-memo-una-vivienda-unifamiliar-icono-de-la-sustentabilidad","status":"publish","type":"post","link":"https:\/\/www.lasrosas.com.ar\/portal\/casa-memo-una-vivienda-unifamiliar-icono-de-la-sustentabilidad\/","title":{"rendered":"CASA MEMO: UNA VIVIENDA UNIFAMILIAR \u00cdCONO DE LA SUSTENTABILIDAD"},"content":{"rendered":"<h3><span style=\"color: #000000;\">La<strong> casa MeMo<\/strong> surge con la premisa de una clienta apasionada por el paisajismo, con una fuerte convicci\u00f3n sobre la sustentabilidad y el cuidado del medio ambiente.\u00a0<\/span><\/h3>\n<p><span style=\"color: #000000;\"><strong>PROYECTO: BAM! Arquitectura\/ @bamarquitectura<\/strong><\/span><br \/>\n<span style=\"color: #000000;\"> <strong>FOTOS: Jerem\u00edas Thomas\/ @thomasjeremias<\/strong><\/span><\/p>\n<p><img decoding=\"async\" class=\"alignnone wp-image-4494 size-thumbnail lazyload\" data-src=\"https:\/\/www.lasrosas.com.ar\/portal\/wp-content\/uploads\/IMG_1539-640x480.jpg\" alt=\"\" width=\"640\" height=\"480\" src=\"data:image\/svg+xml;base64,PHN2ZyB3aWR0aD0iMSIgaGVpZ2h0PSIxIiB4bWxucz0iaHR0cDovL3d3dy53My5vcmcvMjAwMC9zdmciPjwvc3ZnPg==\" style=\"--smush-placeholder-width: 640px; --smush-placeholder-aspect-ratio: 640\/480;\" \/><\/p>\n<p><span style=\"color: #000000;\">MeMo es un proyecto donde el recorrido arquitect\u00f3nico juega un rol decisivo, teniendo en cuenta al usuario habitual y ocasional, a los que se les brinda un espect\u00e1culo, no s\u00f3lo de imagen fija, sino una serie de im\u00e1genes que se solapan y donde cada cuadro de la escena fue pensado.<\/span><\/p>\n<p><img decoding=\"async\" class=\"alignnone wp-image-4492 size-thumbnail lazyload\" data-src=\"https:\/\/www.lasrosas.com.ar\/portal\/wp-content\/uploads\/IMG_1498-640x480.jpg\" alt=\"\" width=\"640\" height=\"480\" src=\"data:image\/svg+xml;base64,PHN2ZyB3aWR0aD0iMSIgaGVpZ2h0PSIxIiB4bWxucz0iaHR0cDovL3d3dy53My5vcmcvMjAwMC9zdmciPjwvc3ZnPg==\" style=\"--smush-placeholder-width: 640px; --smush-placeholder-aspect-ratio: 640\/480;\" \/><\/p>\n<p><span style=\"color: #000000;\">El dise\u00f1o morfol\u00f3gico nace frente a la decisi\u00f3n de no desaprovecharse espacios de suelo vegetal y de generar una entrada de luz mediante un patio. Frente a esta disposici\u00f3n, se produce un juego topogr\u00e1fico entre sistemas de ramas verdes, que conectan el nivel cero con el primer piso y la cubierta, creando una continua terraza-jard\u00edn.<\/span><\/p>\n<p><img decoding=\"async\" class=\"alignnone wp-image-4495 size-thumbnail lazyload\" data-src=\"https:\/\/www.lasrosas.com.ar\/portal\/wp-content\/uploads\/IMG_1742-HDR-640x480.jpg\" alt=\"\" width=\"640\" height=\"480\" src=\"data:image\/svg+xml;base64,PHN2ZyB3aWR0aD0iMSIgaGVpZ2h0PSIxIiB4bWxucz0iaHR0cDovL3d3dy53My5vcmcvMjAwMC9zdmciPjwvc3ZnPg==\" style=\"--smush-placeholder-width: 640px; --smush-placeholder-aspect-ratio: 640\/480;\" \/><\/p>\n<p><span style=\"color: #000000;\">La sustentabilidad es concebida como un camino y no como una meta, tomando las normas LEED como base, e incorporando la durabilidad y la econom\u00eda, conceptos que son fundamentales para satisfacer las necesidades de las generaciones presentes, sin comprometer las posibilidades de las futuras, de forma tal que se reduce de manera significativa el impacto sobre el medioambiente y sus habitantes.<\/span><\/p>\n<p><img decoding=\"async\" class=\"alignnone wp-image-4496 size-thumbnail lazyload\" data-src=\"https:\/\/www.lasrosas.com.ar\/portal\/wp-content\/uploads\/IMG_1783-640x480.jpg\" alt=\"\" width=\"640\" height=\"480\" src=\"data:image\/svg+xml;base64,PHN2ZyB3aWR0aD0iMSIgaGVpZ2h0PSIxIiB4bWxucz0iaHR0cDovL3d3dy53My5vcmcvMjAwMC9zdmciPjwvc3ZnPg==\" style=\"--smush-placeholder-width: 640px; --smush-placeholder-aspect-ratio: 640\/480;\" \/><\/p>\n<p><span style=\"color: #000000;\"><strong><u>FICHA T\u00c9CNICA<\/u><\/strong><\/span><\/p>\n<ul>\n<li><span style=\"color: #000000;\"><strong>ARQUITECTOS:<\/strong> Gonzalo Bardach- Mat\u00edas Mosquera.<\/span><\/li>\n<li><span style=\"color: #000000;\"><strong>COLABORADORES:<\/strong><\/span><\/li>\n<li><span style=\"color: #000000;\"><strong>Dise\u00f1o:<\/strong><\/span><\/li>\n<li><span style=\"color: #000000;\">Gonzalo Bardach.<\/span><\/li>\n<li><span style=\"color: #000000;\">Mat\u00edas Mosquera.<\/span><\/li>\n<li><span style=\"color: #000000;\">Marcos Gonz\u00e1lez Mazza.<\/span><\/li>\n<li><span style=\"color: #000000;\">Ang\u00e9lica Weissheim.<\/span><\/li>\n<li><span style=\"color: #000000;\"><strong>Dise\u00f1o de Paisaje:<\/strong><\/span><\/li>\n<li><span style=\"color: #000000;\">Bulla.<\/span><\/li>\n<li><span style=\"color: #000000;\"><strong>Dise\u00f1o Estructural:<\/strong><\/span><\/li>\n<li><span style=\"color: #000000;\">-Pedro Gea.<\/span><\/li>\n<li><span style=\"color: #000000;\"><strong>UBICACI\u00d3N: <\/strong>San Isidro- Provincia de Buenos Aires.<\/span><\/li>\n<li><span style=\"color: #000000;\"><strong>\u00c1REA QUE OCUPA:<\/strong> 215 m2 cubiertos- 32 m2 semicubiertos- 133 m2 superficies verdes cubiertas.<\/span><\/li>\n<li><span style=\"color: #000000;\"><strong>A\u00d1O DEL PROYECTO:<\/strong> 2015- 2016.<\/span><\/li>\n<\/ul>\n<p>&nbsp;<\/p>\n<!-- AddThis Advanced Settings generic via filter on the_content --><!-- AddThis Share Buttons generic via filter on the_content -->","protected":false},"excerpt":{"rendered":"<p>La casa MeMo surge con la premisa de una clienta apasionada por el paisajismo, con una fuerte convicci\u00f3n sobre la sustentabilidad y el cuidado del medio ambiente.\u00a0 PROYECTO: BAM! Arquitectura\/ @bamarquitectura FOTOS: Jerem\u00edas Thomas\/ @thomasjeremias MeMo es un proyecto donde el recorrido arquitect\u00f3nico juega un rol decisivo, teniendo en cuenta al usuario habitual y ocasional, [&hellip;]<!-- AddThis Advanced Settings generic via filter on get_the_excerpt --><!-- AddThis Share Buttons generic via filter on get_the_excerpt --><\/p>\n","protected":false},"author":6,"featured_media":4489,"comment_status":"closed","ping_status":"open","sticky":false,"template":"","format":"standard","meta":{"_acf_changed":false,"om_disable_all_campaigns":false,"_monsterinsights_skip_tracking":false,"_monsterinsights_sitenote_active":false,"_monsterinsights_sitenote_note":"","_monsterinsights_sitenote_category":0,"_uf_show_specific_survey":0,"_uf_disable_surveys":false,"footnotes":""},"categories":[100,31],"tags":[79,324,323,80],"class_list":["post-4488","post","type-post","status-publish","format-standard","has-post-thumbnail","hentry","category-noticias","category-arquitectura-decoracion","tag-arquitectura","tag-casa-memo","tag-deco","tag-decoracion"],"acf":[],"aioseo_notices":[],"_links":{"self":[{"href":"https:\/\/www.lasrosas.com.ar\/portal\/wp-json\/wp\/v2\/posts\/4488","targetHints":{"allow":["GET"]}}],"collection":[{"href":"https:\/\/www.lasrosas.com.ar\/portal\/wp-json\/wp\/v2\/posts"}],"about":[{"href":"https:\/\/www.lasrosas.com.ar\/portal\/wp-json\/wp\/v2\/types\/post"}],"author":[{"embeddable":true,"href":"https:\/\/www.lasrosas.com.ar\/portal\/wp-json\/wp\/v2\/users\/6"}],"replies":[{"embeddable":true,"href":"https:\/\/www.lasrosas.com.ar\/portal\/wp-json\/wp\/v2\/comments?post=4488"}],"version-history":[{"count":0,"href":"https:\/\/www.lasrosas.com.ar\/portal\/wp-json\/wp\/v2\/posts\/4488\/revisions"}],"wp:featuredmedia":[{"embeddable":true,"href":"https:\/\/www.lasrosas.com.ar\/portal\/wp-json\/wp\/v2\/media\/4489"}],"wp:attachment":[{"href":"https:\/\/www.lasrosas.com.ar\/portal\/wp-json\/wp\/v2\/media?parent=4488"}],"wp:term":[{"taxonomy":"category","embeddable":true,"href":"https:\/\/www.lasrosas.com.ar\/portal\/wp-json\/wp\/v2\/categories?post=4488"},{"taxonomy":"post_tag","embeddable":true,"href":"https:\/\/www.lasrosas.com.ar\/portal\/wp-json\/wp\/v2\/tags?post=4488"}],"curies":[{"name":"wp","href":"https:\/\/api.w.org\/{rel}","templated":true}]}}