{"id":44690,"date":"2021-12-03T12:46:13","date_gmt":"2021-12-03T15:46:13","guid":{"rendered":"https:\/\/www.lasrosas.com.ar\/portal\/?p=44690"},"modified":"2021-12-03T12:46:13","modified_gmt":"2021-12-03T15:46:13","slug":"kim-kardashian-west-sera-honrada-con-el-premio-fashion-icon-en-los-e-peoples-choice-awards-2021","status":"publish","type":"post","link":"https:\/\/www.lasrosas.com.ar\/portal\/kim-kardashian-west-sera-honrada-con-el-premio-fashion-icon-en-los-e-peoples-choice-awards-2021\/","title":{"rendered":"KIM KARDASHIAN WEST SER\u00c1 HONRADA CON EL PREMIO \u00abFASHION ICON\u00bb EN LOS E! PEOPLE\u2019S CHOICE AWARDS 2021"},"content":{"rendered":"<p><em>A d\u00edas de la llegada de la premiaci\u00f3n m\u00e1s importante del mundo para los fans, E! Entertainment anuncia que la reconocida y exitosa emprendedora y s\u00edmbolo de fuerza femenina, Kim Kardashian West, ser\u00e1 honrada en los E! People\u2019s Choice Awards con el premio especial \u00a8Fashion Icon\u00a8.\u00a0<\/em><\/p>\n<p><em>Kim Kardashian West no solo es una nominada al People&#8217;s Choice Award 2021, <\/em><em>\u00a1sino que ya es una ganadora!<\/em><\/p>\n<p>Este pr\u00f3ximo martes <strong>7 de diciembre 2021<\/strong>, <strong>E! Entertainment<\/strong> transmitir\u00e1 en VIVO y exclusiva la <strong>47\u00b0 edici\u00f3n<\/strong> de la premiaci\u00f3n m\u00e1s importante para los fans y la cultura pop en el mundo, los <strong>People\u00b4s Choice Awards 2021 <\/strong>desde la imponente alfombra roja que estar\u00e1 repleta de estrellas hasta la tan esperada ceremonia a partir de las <u>7PM ANDES, 9PM ARG\/BRA, 6PM MEX.<\/u><\/p>\n<p><strong>\u00a0<\/strong><strong>E! Entertainment<\/strong> anuncia que el esperado premio <strong><em>\u00a8Fashion Icon\u00a8<\/em><\/strong> este 2021 ser\u00e1 para <strong>Kim Kardashian West<\/strong> <em>(\u00a8Keeping Up With The Kardashians\u00a8), quien <\/em>ser\u00e1 reconocida como el \u00edcono de moda m\u00e1s importante del a\u00f1o en el mundo. <em>Victoria Beckham, P!nk, Tracee Ellis Ross, Gwen Stefani,<\/em> entre muchas otras grandes estrellas han sido premiadas con este prestigioso t\u00edtulo en ediciones anteriores.<\/p>\n\r\n\t\t<style type='text\/css'>\r\n\t\t\t#gallery-1 {\r\n\t\t\t\tmargin: auto;\r\n\t\t\t}\r\n\t\t\t#gallery-1 .gallery-item {\r\n\t\t\t\tfloat: left;\r\n\t\t\t\tmargin-top: 10px;\r\n\t\t\t\ttext-align: center;\r\n\t\t\t\twidth: 33%;\r\n\t\t\t}\r\n\t\t\t#gallery-1 img {\r\n\t\t\t\tborder: 2px solid #cfcfcf;\r\n\t\t\t}\r\n\t\t\t#gallery-1 .gallery-caption {\r\n\t\t\t\tmargin-left: 0;\r\n\t\t\t}\r\n\t\t<\/style>\r\n\t\t<!-- see gallery_shortcode() in wp-includes\/media.php -->\n\t\t<div id='gallery-1' class='gallery galleryid-44690 gallery-columns-3 gallery-size-full gallery1'><script type=\"text\/javascript\">\r\n\/\/ <![CDATA[\r\n\tjQuery(document).ready(function () {\r\n\t\tjQuery(\".gallery1 a\").attr(\"rel\",\"gallery1\");\t\r\n\t\tjQuery('a[rel=\"gallery1\"]').colorbox({maxWidth:\"95%\", maxHeight:\"95%\",title: function(){ return jQuery(this).children().attr(\"alt\"); }, });\r\n\t});\r\n\/\/ ]]>\r\n<\/script>\n<dl class=\"gallery-item\">\n<dt class=\"gallery-icon\">\r\n<a href=\"https:\/\/www.lasrosas.com.ar\/portal\/wp-content\/uploads\/Kim-Kardashian-2-1319x1920.jpg\" title=\"\" rel=\"gallery1\"><img decoding=\"async\" data-src=\"https:\/\/www.lasrosas.com.ar\/portal\/wp-content\/uploads\/Kim-Kardashian-2.jpg\" width=\"2748\" height=\"4000\" alt=\"\" src=\"data:image\/svg+xml;base64,PHN2ZyB3aWR0aD0iMSIgaGVpZ2h0PSIxIiB4bWxucz0iaHR0cDovL3d3dy53My5vcmcvMjAwMC9zdmciPjwvc3ZnPg==\" class=\"lazyload\" style=\"--smush-placeholder-width: 2748px; --smush-placeholder-aspect-ratio: 2748\/4000;\" \/><\/a>\r\n<\/dt><\/dl><dl class=\"gallery-item\">\n<dt class=\"gallery-icon\">\r\n<a href=\"https:\/\/www.lasrosas.com.ar\/portal\/wp-content\/uploads\/Kim-Kardashian-1-1-1280x1920.jpg\" title=\"\" rel=\"gallery1\"><img decoding=\"async\" data-src=\"https:\/\/www.lasrosas.com.ar\/portal\/wp-content\/uploads\/Kim-Kardashian-1-1.jpg\" width=\"3392\" height=\"5088\" alt=\"\" src=\"data:image\/svg+xml;base64,PHN2ZyB3aWR0aD0iMSIgaGVpZ2h0PSIxIiB4bWxucz0iaHR0cDovL3d3dy53My5vcmcvMjAwMC9zdmciPjwvc3ZnPg==\" class=\"lazyload\" style=\"--smush-placeholder-width: 3392px; --smush-placeholder-aspect-ratio: 3392\/5088;\" \/><\/a>\r\n<\/dt><\/dl><dl class=\"gallery-item\">\n<dt class=\"gallery-icon\">\r\n<a href=\"https:\/\/www.lasrosas.com.ar\/portal\/wp-content\/uploads\/Kim-Kardashian-2-1-1280x1920.jpg\" title=\"\" rel=\"gallery1\"><img decoding=\"async\" data-src=\"https:\/\/www.lasrosas.com.ar\/portal\/wp-content\/uploads\/Kim-Kardashian-2-1.jpg\" width=\"2368\" height=\"3552\" alt=\"\" src=\"data:image\/svg+xml;base64,PHN2ZyB3aWR0aD0iMSIgaGVpZ2h0PSIxIiB4bWxucz0iaHR0cDovL3d3dy53My5vcmcvMjAwMC9zdmciPjwvc3ZnPg==\" class=\"lazyload\" style=\"--smush-placeholder-width: 2368px; --smush-placeholder-aspect-ratio: 2368\/3552;\" \/><\/a>\r\n<\/dt><\/dl><br style=\"clear: both\" \/>\r\n\t\t<\/div>\n\n<p><em>\u201cDurante casi dos d\u00e9cadas, la evoluci\u00f3n del estilo de Kim Kardashian West ha interrumpido e influido en las tendencias a nivel mundial y se ha consolidado como una fuerza a tener en cuenta dentro de la industria de la moda\u201d, <\/em>expres\u00f3 <strong>Jen Neal, VP Ejecutiva de Entertainment Live Events, Specials &amp; E! News, NBCUniversal Entertainment Television &amp; Streaming<\/strong>. <em>\u201cPor ser una inspiraci\u00f3n cultural, pionera y mucho m\u00e1s, estamos ansiosos por honrar a Kim con el premio \u00a8Fashion Icon\u00a8 de este a\u00f1o\u201d.<\/em><\/p>\n<p><em>\u00a0<\/em>La empresaria, magnate de la belleza y la moda y activista, Kim Kardashian, se convirti\u00f3 en el centro de atenci\u00f3n desde 2007 tras el estreno del \u00e9xito mundial del reality show de E! Entertainment <strong><em>\u00a8Keeping Up With The Kardashians\u00a8<\/em><\/strong>, que celebr\u00f3 su \u00faltima temporada este a\u00f1o despu\u00e9s de 20 temporadas ininterrumpidas. Hoy, <strong>Kardashian West<\/strong> se encuentra entre las celebridades m\u00e1s seguidas del mundo, y con m\u00e1s de 250 millones de seguidores en redes sociales Facebook, Instagram, TikTok y Twitter.<\/p>\n\r\n\t\t<style type='text\/css'>\r\n\t\t\t#gallery-2 {\r\n\t\t\t\tmargin: auto;\r\n\t\t\t}\r\n\t\t\t#gallery-2 .gallery-item {\r\n\t\t\t\tfloat: left;\r\n\t\t\t\tmargin-top: 10px;\r\n\t\t\t\ttext-align: center;\r\n\t\t\t\twidth: 33%;\r\n\t\t\t}\r\n\t\t\t#gallery-2 img {\r\n\t\t\t\tborder: 2px solid #cfcfcf;\r\n\t\t\t}\r\n\t\t\t#gallery-2 .gallery-caption {\r\n\t\t\t\tmargin-left: 0;\r\n\t\t\t}\r\n\t\t<\/style>\r\n\t\t<!-- see gallery_shortcode() in wp-includes\/media.php -->\n\t\t<div id='gallery-2' class='gallery galleryid-44690 gallery-columns-3 gallery-size-full gallery1'><script type=\"text\/javascript\">\r\n\/\/ <![CDATA[\r\n\tjQuery(document).ready(function () {\r\n\t\tjQuery(\".gallery1 a\").attr(\"rel\",\"gallery1\");\t\r\n\t\tjQuery('a[rel=\"gallery1\"]').colorbox({maxWidth:\"95%\", maxHeight:\"95%\",title: function(){ return jQuery(this).children().attr(\"alt\"); }, });\r\n\t});\r\n\/\/ ]]>\r\n<\/script>\n<dl class=\"gallery-item\">\n<dt class=\"gallery-icon\">\r\n<a href=\"https:\/\/www.lasrosas.com.ar\/portal\/wp-content\/uploads\/Kim-Kardashian-3-1-1280x1920.jpg\" title=\"\" rel=\"gallery1\"><img decoding=\"async\" data-src=\"https:\/\/www.lasrosas.com.ar\/portal\/wp-content\/uploads\/Kim-Kardashian-3-1.jpg\" width=\"3060\" height=\"4590\" alt=\"\" src=\"data:image\/svg+xml;base64,PHN2ZyB3aWR0aD0iMSIgaGVpZ2h0PSIxIiB4bWxucz0iaHR0cDovL3d3dy53My5vcmcvMjAwMC9zdmciPjwvc3ZnPg==\" class=\"lazyload\" style=\"--smush-placeholder-width: 3060px; --smush-placeholder-aspect-ratio: 3060\/4590;\" \/><\/a>\r\n<\/dt><\/dl><dl class=\"gallery-item\">\n<dt class=\"gallery-icon\">\r\n<a href=\"https:\/\/www.lasrosas.com.ar\/portal\/wp-content\/uploads\/Kim-Kardashian-4-1319x1920.jpg\" title=\"\" rel=\"gallery1\"><img decoding=\"async\" data-src=\"https:\/\/www.lasrosas.com.ar\/portal\/wp-content\/uploads\/Kim-Kardashian-4.jpg\" width=\"2748\" height=\"4000\" alt=\"\" src=\"data:image\/svg+xml;base64,PHN2ZyB3aWR0aD0iMSIgaGVpZ2h0PSIxIiB4bWxucz0iaHR0cDovL3d3dy53My5vcmcvMjAwMC9zdmciPjwvc3ZnPg==\" class=\"lazyload\" style=\"--smush-placeholder-width: 2748px; --smush-placeholder-aspect-ratio: 2748\/4000;\" \/><\/a>\r\n<\/dt><\/dl><dl class=\"gallery-item\">\n<dt class=\"gallery-icon\">\r\n<a href=\"https:\/\/www.lasrosas.com.ar\/portal\/wp-content\/uploads\/Kim-Kardashian-4-1-1280x1920.jpg\" title=\"\" rel=\"gallery1\"><img decoding=\"async\" data-src=\"https:\/\/www.lasrosas.com.ar\/portal\/wp-content\/uploads\/Kim-Kardashian-4-1.jpg\" width=\"3572\" height=\"5358\" alt=\"\" src=\"data:image\/svg+xml;base64,PHN2ZyB3aWR0aD0iMSIgaGVpZ2h0PSIxIiB4bWxucz0iaHR0cDovL3d3dy53My5vcmcvMjAwMC9zdmciPjwvc3ZnPg==\" class=\"lazyload\" style=\"--smush-placeholder-width: 3572px; --smush-placeholder-aspect-ratio: 3572\/5358;\" \/><\/a>\r\n<\/dt><\/dl><br style=\"clear: both\" \/>\r\n\t\t<\/div>\n\n<p>Pero no solo de contenido en redes sociales se trata, ya que <strong>Kim <\/strong><strong>Kardashian West<\/strong> es uno de los m\u00e1ximos referentes en cuanto a empoderamiento femenino y actitud emprendedora, debido a que es reconocida en la industria de la moda y la belleza por sus exitosas empresas y asociaciones comerciales. En septiembre de 2019, lanz\u00f3 su popular marca de fajas \u00a8<em>SKIMS<\/em>\u00a8, que recientemente fue valorada en m\u00e1s de US$1.000 millones, junto con sus marcas de belleza <em>\u00a8KKW Beauty\u00a8<\/em> y <em>\u00a8KKW Fragances\u00a8<\/em>, que se lanzaron en 2017.<\/p>\n<p>Kim tambi\u00e9n est\u00e1 nominada a \u00a8<strong>The Social Star of 2021\u00a8<\/strong> junto a Addison Rae, Britney Spears, Charli D&#8217;Amelio, Dwayne \u00abLa Roca\u00bb Johnson, Justin Bieber, Kylie Jenner y Lil Nas X.<\/p>\n<p>Durante las \u00faltimas dos d\u00e9cadas, Kim ha sorprendido continuamente en la alfombra roja, con moda de vanguardia y estilos editoriales que mantienen al mundo adivinando qu\u00e9 se pondr\u00e1 a continuaci\u00f3n.<\/p>\n\r\n\t\t<style type='text\/css'>\r\n\t\t\t#gallery-3 {\r\n\t\t\t\tmargin: auto;\r\n\t\t\t}\r\n\t\t\t#gallery-3 .gallery-item {\r\n\t\t\t\tfloat: left;\r\n\t\t\t\tmargin-top: 10px;\r\n\t\t\t\ttext-align: center;\r\n\t\t\t\twidth: 33%;\r\n\t\t\t}\r\n\t\t\t#gallery-3 img {\r\n\t\t\t\tborder: 2px solid #cfcfcf;\r\n\t\t\t}\r\n\t\t\t#gallery-3 .gallery-caption {\r\n\t\t\t\tmargin-left: 0;\r\n\t\t\t}\r\n\t\t<\/style>\r\n\t\t<!-- see gallery_shortcode() in wp-includes\/media.php -->\n\t\t<div id='gallery-3' class='gallery galleryid-44690 gallery-columns-3 gallery-size-full gallery1'><script type=\"text\/javascript\">\r\n\/\/ <![CDATA[\r\n\tjQuery(document).ready(function () {\r\n\t\tjQuery(\".gallery1 a\").attr(\"rel\",\"gallery1\");\t\r\n\t\tjQuery('a[rel=\"gallery1\"]').colorbox({maxWidth:\"95%\", maxHeight:\"95%\",title: function(){ return jQuery(this).children().attr(\"alt\"); }, });\r\n\t});\r\n\/\/ ]]>\r\n<\/script>\n<dl class=\"gallery-item\">\n<dt class=\"gallery-icon\">\r\n<a href=\"https:\/\/www.lasrosas.com.ar\/portal\/wp-content\/uploads\/KUWTK-S18-2-1920x1081.png\" title=\"\" rel=\"gallery1\"><img decoding=\"async\" data-src=\"https:\/\/www.lasrosas.com.ar\/portal\/wp-content\/uploads\/KUWTK-S18-2.png\" width=\"2342\" height=\"1318\" alt=\"\" src=\"data:image\/svg+xml;base64,PHN2ZyB3aWR0aD0iMSIgaGVpZ2h0PSIxIiB4bWxucz0iaHR0cDovL3d3dy53My5vcmcvMjAwMC9zdmciPjwvc3ZnPg==\" class=\"lazyload\" style=\"--smush-placeholder-width: 2342px; --smush-placeholder-aspect-ratio: 2342\/1318;\" \/><\/a>\r\n<\/dt><\/dl><dl class=\"gallery-item\">\n<dt class=\"gallery-icon\">\r\n<a href=\"https:\/\/www.lasrosas.com.ar\/portal\/wp-content\/uploads\/KUWTK-S18-6-1920x1082.png\" title=\"\" rel=\"gallery1\"><img decoding=\"async\" data-src=\"https:\/\/www.lasrosas.com.ar\/portal\/wp-content\/uploads\/KUWTK-S18-6.png\" width=\"2336\" height=\"1316\" alt=\"\" src=\"data:image\/svg+xml;base64,PHN2ZyB3aWR0aD0iMSIgaGVpZ2h0PSIxIiB4bWxucz0iaHR0cDovL3d3dy53My5vcmcvMjAwMC9zdmciPjwvc3ZnPg==\" class=\"lazyload\" style=\"--smush-placeholder-width: 2336px; --smush-placeholder-aspect-ratio: 2336\/1316;\" \/><\/a>\r\n<\/dt><\/dl><dl class=\"gallery-item\">\n<dt class=\"gallery-icon\">\r\n<a href=\"https:\/\/www.lasrosas.com.ar\/portal\/wp-content\/uploads\/KUWTK-S18-3-1920x1082.png\" title=\"\" rel=\"gallery1\"><img decoding=\"async\" data-src=\"https:\/\/www.lasrosas.com.ar\/portal\/wp-content\/uploads\/KUWTK-S18-3.png\" width=\"2350\" height=\"1324\" alt=\"\" src=\"data:image\/svg+xml;base64,PHN2ZyB3aWR0aD0iMSIgaGVpZ2h0PSIxIiB4bWxucz0iaHR0cDovL3d3dy53My5vcmcvMjAwMC9zdmciPjwvc3ZnPg==\" class=\"lazyload\" style=\"--smush-placeholder-width: 2350px; --smush-placeholder-aspect-ratio: 2350\/1324;\" \/><\/a>\r\n<\/dt><\/dl><br style=\"clear: both\" \/>\r\n\t\t<\/div>\n\n<p>Ya sea que est\u00e9 luciendo sus estilos en la alfombra en <em>Balenciaga, Schiaparelli o Balmain<\/em>, cumpliendo con sus deberes como anfitriona de <em>Saturday Night Live<\/em>, siendo due\u00f1a de la Met Gala a\u00f1o tras a\u00f1o o mostrando su codiciado estilo callejero ce\u00f1ido, Kim K. siempre hace una declaraci\u00f3n audaz e ingeniosa a la hora de expresarse a trav\u00e9s de la moda.<\/p>\n<p><strong>\u00a0<\/strong>No te pierdas a partir de las <u>7PM ANDES, 9PM ARG\/BRA, 6PM MEX <\/u>la cobertura especial que comenzar\u00e1 desde la alfombra roja liderada nada m\u00e1s y nada menos que por la aclamada actriz y defensora de los derechos de la comunidad LGBTIQ+, <strong>Laverne Cox <\/strong><em>(Orange Is The New Black)<\/em> quien estar\u00e1 a cargo de interactuar, presentar y compartir con toda Latinoam\u00e9rica los grandes looks de la noche. Luego, la transmisi\u00f3n continuar\u00e1 con lo que ser\u00e1 la gala de premiaci\u00f3n, desde Santa M\u00f3nica, California, a partir de las <u>9PM ANDES, 11PM ARG\/ BRA\/ 8PM MEX.<\/u><\/p>\n<p><strong>\u00bfListos para despedir el a\u00f1o con lo mejor de la cultura pop? <\/strong><\/p>\n<!-- AddThis Advanced Settings generic via filter on the_content --><!-- AddThis Share Buttons generic via filter on the_content -->","protected":false},"excerpt":{"rendered":"<p>A d\u00edas de la llegada de la premiaci\u00f3n m\u00e1s importante del mundo para los fans, E! Entertainment anuncia que la reconocida y exitosa emprendedora y s\u00edmbolo de fuerza femenina, Kim Kardashian West, ser\u00e1 honrada en los E! People\u2019s Choice Awards con el premio especial \u00a8Fashion Icon\u00a8.\u00a0 Kim Kardashian West no solo es una nominada al [&hellip;]<!-- AddThis Advanced Settings generic via filter on get_the_excerpt --><!-- AddThis Share Buttons generic via filter on get_the_excerpt --><\/p>\n","protected":false},"author":6,"featured_media":44692,"comment_status":"closed","ping_status":"open","sticky":false,"template":"","format":"standard","meta":{"_acf_changed":false,"om_disable_all_campaigns":false,"_monsterinsights_skip_tracking":false,"_monsterinsights_sitenote_active":false,"_monsterinsights_sitenote_note":"","_monsterinsights_sitenote_category":0,"_uf_show_specific_survey":0,"_uf_disable_surveys":false,"footnotes":""},"categories":[234,100],"tags":[],"class_list":["post-44690","post","type-post","status-publish","format-standard","has-post-thumbnail","hentry","category-trend","category-noticias"],"acf":[],"aioseo_notices":[],"_links":{"self":[{"href":"https:\/\/www.lasrosas.com.ar\/portal\/wp-json\/wp\/v2\/posts\/44690","targetHints":{"allow":["GET"]}}],"collection":[{"href":"https:\/\/www.lasrosas.com.ar\/portal\/wp-json\/wp\/v2\/posts"}],"about":[{"href":"https:\/\/www.lasrosas.com.ar\/portal\/wp-json\/wp\/v2\/types\/post"}],"author":[{"embeddable":true,"href":"https:\/\/www.lasrosas.com.ar\/portal\/wp-json\/wp\/v2\/users\/6"}],"replies":[{"embeddable":true,"href":"https:\/\/www.lasrosas.com.ar\/portal\/wp-json\/wp\/v2\/comments?post=44690"}],"version-history":[{"count":0,"href":"https:\/\/www.lasrosas.com.ar\/portal\/wp-json\/wp\/v2\/posts\/44690\/revisions"}],"wp:featuredmedia":[{"embeddable":true,"href":"https:\/\/www.lasrosas.com.ar\/portal\/wp-json\/wp\/v2\/media\/44692"}],"wp:attachment":[{"href":"https:\/\/www.lasrosas.com.ar\/portal\/wp-json\/wp\/v2\/media?parent=44690"}],"wp:term":[{"taxonomy":"category","embeddable":true,"href":"https:\/\/www.lasrosas.com.ar\/portal\/wp-json\/wp\/v2\/categories?post=44690"},{"taxonomy":"post_tag","embeddable":true,"href":"https:\/\/www.lasrosas.com.ar\/portal\/wp-json\/wp\/v2\/tags?post=44690"}],"curies":[{"name":"wp","href":"https:\/\/api.w.org\/{rel}","templated":true}]}}