{"id":44563,"date":"2021-11-30T16:51:15","date_gmt":"2021-11-30T19:51:15","guid":{"rendered":"https:\/\/www.lasrosas.com.ar\/portal\/?p=44563"},"modified":"2021-11-30T16:52:12","modified_gmt":"2021-11-30T19:52:12","slug":"alexia-putellas-hace-historia-al-convertirse-en-la-primera-espanola-en-ganar-un-balon-de-oro-alexia-putellas","status":"publish","type":"post","link":"https:\/\/www.lasrosas.com.ar\/portal\/alexia-putellas-hace-historia-al-convertirse-en-la-primera-espanola-en-ganar-un-balon-de-oro-alexia-putellas\/","title":{"rendered":"ALEXIA PUTELLAS HACE HISTORIA AL CONVERTISE EN LA PRIMERA ESPA\u00d1OLA EN GANAR UN BAL\u00d3N DE ORO"},"content":{"rendered":"<p>La futbolista del FC Barcelona e integrante de la Selecci\u00f3n espa\u00f1ola part\u00eda como una de las favoritas y los pron\u00f3sticos se han cumplido.<\/p>\n<p>La entrega del\u00a0<strong>Bal\u00f3n de Oro<\/strong>\u00a0es uno de los eventos del a\u00f1o en el mundo del f\u00fatbol y su galard\u00f3n femenino genera casi tanta expectaci\u00f3n como su contraparte masculina.\u00a0<strong>Alexia Putellas<\/strong>, jugadora del\u00a0<strong>FC Barcelona<\/strong>\u00a0e integrante de la Selecci\u00f3n espa\u00f1ola, part\u00eda como favorita y todas las quinielas se han cumplido. La jugadora de 27 a\u00f1os puede presumir de haberse convertido en la tercera mujer en hacerse con el premio y en la primera espa\u00f1ola de toda su historia.<\/p>\n<blockquote class=\"twitter-tweet\">\n<p dir=\"ltr\" lang=\"es\">&#x1f30f; Referentes mundiales <a href=\"https:\/\/t.co\/hnx7JYQvfc\">pic.twitter.com\/hnx7JYQvfc<\/a><\/p>\n<p>\u2014 FC Barcelona (@FCBarcelona_es) <a href=\"https:\/\/twitter.com\/FCBarcelona_es\/status\/1465757614231457802?ref_src=twsrc%5Etfw\">November 30, 2021<\/a><\/p><\/blockquote>\n<p><script async src=\"https:\/\/platform.twitter.com\/widgets.js\" charset=\"utf-8\"><\/script><\/p>\n<p>Con el Bal\u00f3n de Oro,\u00a0<strong>Alexia Putellas<\/strong>\u00a0pone la guinda a un a\u00f1o intenso en el que tambi\u00e9n ha sido reconocida como\u00a0<strong>Mejor Futbolista del A\u00f1o en Europa por la UEFA<\/strong>\u00a0y como Mejor Delantero de la Liga de Campeones 2020\/21. La centrocampista ha competido en esta ocasi\u00f3n con cuatro compa\u00f1eras de equipo, las espa\u00f1olas Sandra Pa\u00f1os, Irene Paredes y Jenni Hermoso y la neerlandesa Lieke Martens.<\/p>\n<p>La revista francesa\u00a0<em>France Football<\/em>\u00a0es la encargada de entregar el Bal\u00f3n de Oro desde hace 65 a\u00f1os, pero la categor\u00eda femenina solo existe desde 2018. Fue la noruega\u00a0<strong>Ada Hegerberg<\/strong>\u00a0la que se hizo con \u00e9l aquel a\u00f1o. El siguiente, la capitana de la Selecci\u00f3n de Estados Unidos,\u00a0<strong>Megan Rapinoe<\/strong>, fue la escogida. En 2020 se cancelaron estos premios y en 2021 ha sido Putellas la que se ha alzado con la victoria, con un vestido de\u00a0<strong>Fernando Claro<\/strong>, zapatos de\u00a0<strong>Luis Onofre<\/strong>\u00a0y joyas de\u00a0<strong>Rabat<\/strong>.\u00a0En una reciente entrevista de Eva Blanco para esta cabecera, la deportista ped\u00eda una mayor cobertura del f\u00fatbol femenino en los medios de comunicaci\u00f3n espa\u00f1oles. Seguro que con este nuevo reconocimiento est\u00e1 m\u00e1s cerca de conseguirla.<\/p>\n<p>&nbsp;<\/p>\n<!-- AddThis Advanced Settings generic via filter on the_content --><!-- AddThis Share Buttons generic via filter on the_content -->","protected":false},"excerpt":{"rendered":"<p>La futbolista del FC Barcelona e integrante de la Selecci\u00f3n espa\u00f1ola part\u00eda como una de las favoritas y los pron\u00f3sticos se han cumplido. La entrega del\u00a0Bal\u00f3n de Oro\u00a0es uno de los eventos del a\u00f1o en el mundo del f\u00fatbol y su galard\u00f3n femenino genera casi tanta expectaci\u00f3n como su contraparte masculina.\u00a0Alexia Putellas, jugadora del\u00a0FC Barcelona\u00a0e [&hellip;]<!-- AddThis Advanced Settings generic via filter on get_the_excerpt --><!-- AddThis Share Buttons generic via filter on get_the_excerpt --><\/p>\n","protected":false},"author":6,"featured_media":44564,"comment_status":"closed","ping_status":"open","sticky":false,"template":"","format":"standard","meta":{"_acf_changed":false,"om_disable_all_campaigns":false,"_monsterinsights_skip_tracking":false,"_monsterinsights_sitenote_active":false,"_monsterinsights_sitenote_note":"","_monsterinsights_sitenote_category":0,"_uf_show_specific_survey":0,"_uf_disable_surveys":false,"footnotes":""},"categories":[100],"tags":[],"class_list":["post-44563","post","type-post","status-publish","format-standard","has-post-thumbnail","hentry","category-noticias"],"acf":[],"aioseo_notices":[],"_links":{"self":[{"href":"https:\/\/www.lasrosas.com.ar\/portal\/wp-json\/wp\/v2\/posts\/44563","targetHints":{"allow":["GET"]}}],"collection":[{"href":"https:\/\/www.lasrosas.com.ar\/portal\/wp-json\/wp\/v2\/posts"}],"about":[{"href":"https:\/\/www.lasrosas.com.ar\/portal\/wp-json\/wp\/v2\/types\/post"}],"author":[{"embeddable":true,"href":"https:\/\/www.lasrosas.com.ar\/portal\/wp-json\/wp\/v2\/users\/6"}],"replies":[{"embeddable":true,"href":"https:\/\/www.lasrosas.com.ar\/portal\/wp-json\/wp\/v2\/comments?post=44563"}],"version-history":[{"count":0,"href":"https:\/\/www.lasrosas.com.ar\/portal\/wp-json\/wp\/v2\/posts\/44563\/revisions"}],"wp:featuredmedia":[{"embeddable":true,"href":"https:\/\/www.lasrosas.com.ar\/portal\/wp-json\/wp\/v2\/media\/44564"}],"wp:attachment":[{"href":"https:\/\/www.lasrosas.com.ar\/portal\/wp-json\/wp\/v2\/media?parent=44563"}],"wp:term":[{"taxonomy":"category","embeddable":true,"href":"https:\/\/www.lasrosas.com.ar\/portal\/wp-json\/wp\/v2\/categories?post=44563"},{"taxonomy":"post_tag","embeddable":true,"href":"https:\/\/www.lasrosas.com.ar\/portal\/wp-json\/wp\/v2\/tags?post=44563"}],"curies":[{"name":"wp","href":"https:\/\/api.w.org\/{rel}","templated":true}]}}