{"id":44543,"date":"2021-11-30T13:53:48","date_gmt":"2021-11-30T16:53:48","guid":{"rendered":"https:\/\/www.lasrosas.com.ar\/portal\/?p=44543"},"modified":"2021-11-30T13:53:48","modified_gmt":"2021-11-30T16:53:48","slug":"zendaya-lucio-un-espectacular-vestido-en-la-gala-del-balon-de-oro","status":"publish","type":"post","link":"https:\/\/www.lasrosas.com.ar\/portal\/zendaya-lucio-un-espectacular-vestido-en-la-gala-del-balon-de-oro\/","title":{"rendered":"ZENDAYA LUCI\u00d3 UN ESPECTACULAR VESTIDO EN LA GALA DEL BAL\u00d3N DE ORO"},"content":{"rendered":"<p>Zendaya capt\u00f3 todas las miradas en la alfombra roja gracias a su impresionante look. Una vez m\u00e1s, la actriz es la protagonista de una gran noche.<\/p>\n<p><img decoding=\"async\" class=\"aligncenter  wp-image-44548 lazyload\" data-src=\"https:\/\/www.lasrosas.com.ar\/portal\/wp-content\/uploads\/ZENDAYA-5.jpg\" alt=\"\" width=\"607\" height=\"607\" data-srcset=\"https:\/\/www.lasrosas.com.ar\/portal\/wp-content\/uploads\/ZENDAYA-5.jpg 1200w, https:\/\/www.lasrosas.com.ar\/portal\/wp-content\/uploads\/ZENDAYA-5-960x960.jpg 960w\" data-sizes=\"(max-width: 607px) 100vw, 607px\" src=\"data:image\/svg+xml;base64,PHN2ZyB3aWR0aD0iMSIgaGVpZ2h0PSIxIiB4bWxucz0iaHR0cDovL3d3dy53My5vcmcvMjAwMC9zdmciPjwvc3ZnPg==\" style=\"--smush-placeholder-width: 607px; --smush-placeholder-aspect-ratio: 607\/607;\" \/><\/p>\n<p>Zendaya y Tom Holland fueron los invitados de honor a la Gala de la entrega el Bal\u00f3n de Oro 2021 donde Messi fue nombrado como el mejor jugador del a\u00f1o y as\u00ed recibir su s\u00e9ptimo Bal\u00f3n de Oro en su carrera deportiva.<\/p>\n<p><img decoding=\"async\" class=\"aligncenter size-full wp-image-44544 lazyload\" data-src=\"https:\/\/www.lasrosas.com.ar\/portal\/wp-content\/uploads\/FFY9DWwWQAg9VDq.jpg\" alt=\"\" width=\"622\" height=\"763\" src=\"data:image\/svg+xml;base64,PHN2ZyB3aWR0aD0iMSIgaGVpZ2h0PSIxIiB4bWxucz0iaHR0cDovL3d3dy53My5vcmcvMjAwMC9zdmciPjwvc3ZnPg==\" style=\"--smush-placeholder-width: 622px; --smush-placeholder-aspect-ratio: 622\/763;\" \/><\/p>\n<p>La actriz deslumbr\u00f3 con su espectacular look protagonizado por un impactante vestido negro dise\u00f1ador por Fausto Puglisi para Roberto Cavalli.<\/p>\n<p>Un dise\u00f1o ajustado al cuerpo con un frente simple y una espalda, al aire y s\u00faper cavada cubierta por una estructura met\u00e1lica que asemejaba su propia columna vertebral.<\/p>\n\r\n\t\t<style type='text\/css'>\r\n\t\t\t#gallery-1 {\r\n\t\t\t\tmargin: auto;\r\n\t\t\t}\r\n\t\t\t#gallery-1 .gallery-item {\r\n\t\t\t\tfloat: left;\r\n\t\t\t\tmargin-top: 10px;\r\n\t\t\t\ttext-align: center;\r\n\t\t\t\twidth: 50%;\r\n\t\t\t}\r\n\t\t\t#gallery-1 img {\r\n\t\t\t\tborder: 2px solid #cfcfcf;\r\n\t\t\t}\r\n\t\t\t#gallery-1 .gallery-caption {\r\n\t\t\t\tmargin-left: 0;\r\n\t\t\t}\r\n\t\t<\/style>\r\n\t\t<!-- see gallery_shortcode() in wp-includes\/media.php -->\n\t\t<div id='gallery-1' class='gallery galleryid-44543 gallery-columns-2 gallery-size-full gallery1'><script type=\"text\/javascript\">\r\n\/\/ <![CDATA[\r\n\tjQuery(document).ready(function () {\r\n\t\tjQuery(\".gallery1 a\").attr(\"rel\",\"gallery1\");\t\r\n\t\tjQuery('a[rel=\"gallery1\"]').colorbox({maxWidth:\"95%\", maxHeight:\"95%\",title: function(){ return jQuery(this).children().attr(\"alt\"); }, });\r\n\t});\r\n\/\/ ]]>\r\n<\/script>\n<dl class=\"gallery-item\">\n<dt class=\"gallery-icon\">\r\n<a href=\"https:\/\/www.lasrosas.com.ar\/portal\/wp-content\/uploads\/FFY5SjXX0AEey7k-e1638291224699.jpg\" title=\"\" rel=\"gallery1\"><img decoding=\"async\" data-src=\"https:\/\/www.lasrosas.com.ar\/portal\/wp-content\/uploads\/FFY5SjXX0AEey7k-e1638291224699.jpg\" width=\"963\" height=\"1188\" alt=\"\" src=\"data:image\/svg+xml;base64,PHN2ZyB3aWR0aD0iMSIgaGVpZ2h0PSIxIiB4bWxucz0iaHR0cDovL3d3dy53My5vcmcvMjAwMC9zdmciPjwvc3ZnPg==\" class=\"lazyload\" style=\"--smush-placeholder-width: 963px; --smush-placeholder-aspect-ratio: 963\/1188;\" \/><\/a>\r\n<\/dt><\/dl><dl class=\"gallery-item\">\n<dt class=\"gallery-icon\">\r\n<a href=\"https:\/\/www.lasrosas.com.ar\/portal\/wp-content\/uploads\/FFZN2piXEAw2tXg.jpg\" title=\"\" rel=\"gallery1\"><img decoding=\"async\" data-src=\"https:\/\/www.lasrosas.com.ar\/portal\/wp-content\/uploads\/FFZN2piXEAw2tXg.jpg\" width=\"1170\" height=\"1426\" alt=\"\" src=\"data:image\/svg+xml;base64,PHN2ZyB3aWR0aD0iMSIgaGVpZ2h0PSIxIiB4bWxucz0iaHR0cDovL3d3dy53My5vcmcvMjAwMC9zdmciPjwvc3ZnPg==\" class=\"lazyload\" style=\"--smush-placeholder-width: 1170px; --smush-placeholder-aspect-ratio: 1170\/1426;\" \/><\/a>\r\n<\/dt><\/dl><br style=\"clear: both\" \/>\r\n\t\t<\/div>\n\n<p>Complet\u00f3 su look con un peinado falso bob que dejaban lucir las grandes argollas doradas gruesas.<\/p>\n<!-- AddThis Advanced Settings generic via filter on the_content --><!-- AddThis Share Buttons generic via filter on the_content -->","protected":false},"excerpt":{"rendered":"<p>Zendaya capt\u00f3 todas las miradas en la alfombra roja gracias a su impresionante look. Una vez m\u00e1s, la actriz es la protagonista de una gran noche. Zendaya y Tom Holland fueron los invitados de honor a la Gala de la entrega el Bal\u00f3n de Oro 2021 donde Messi fue nombrado como el mejor jugador del [&hellip;]<!-- AddThis Advanced Settings generic via filter on get_the_excerpt --><!-- AddThis Share Buttons generic via filter on get_the_excerpt --><\/p>\n","protected":false},"author":6,"featured_media":44545,"comment_status":"closed","ping_status":"open","sticky":false,"template":"","format":"standard","meta":{"_acf_changed":false,"om_disable_all_campaigns":false,"_monsterinsights_skip_tracking":false,"_monsterinsights_sitenote_active":false,"_monsterinsights_sitenote_note":"","_monsterinsights_sitenote_category":0,"_uf_show_specific_survey":0,"_uf_disable_surveys":false,"footnotes":""},"categories":[234,100,30],"tags":[],"class_list":["post-44543","post","type-post","status-publish","format-standard","has-post-thumbnail","hentry","category-trend","category-noticias","category-moda"],"acf":[],"aioseo_notices":[],"_links":{"self":[{"href":"https:\/\/www.lasrosas.com.ar\/portal\/wp-json\/wp\/v2\/posts\/44543","targetHints":{"allow":["GET"]}}],"collection":[{"href":"https:\/\/www.lasrosas.com.ar\/portal\/wp-json\/wp\/v2\/posts"}],"about":[{"href":"https:\/\/www.lasrosas.com.ar\/portal\/wp-json\/wp\/v2\/types\/post"}],"author":[{"embeddable":true,"href":"https:\/\/www.lasrosas.com.ar\/portal\/wp-json\/wp\/v2\/users\/6"}],"replies":[{"embeddable":true,"href":"https:\/\/www.lasrosas.com.ar\/portal\/wp-json\/wp\/v2\/comments?post=44543"}],"version-history":[{"count":0,"href":"https:\/\/www.lasrosas.com.ar\/portal\/wp-json\/wp\/v2\/posts\/44543\/revisions"}],"wp:featuredmedia":[{"embeddable":true,"href":"https:\/\/www.lasrosas.com.ar\/portal\/wp-json\/wp\/v2\/media\/44545"}],"wp:attachment":[{"href":"https:\/\/www.lasrosas.com.ar\/portal\/wp-json\/wp\/v2\/media?parent=44543"}],"wp:term":[{"taxonomy":"category","embeddable":true,"href":"https:\/\/www.lasrosas.com.ar\/portal\/wp-json\/wp\/v2\/categories?post=44543"},{"taxonomy":"post_tag","embeddable":true,"href":"https:\/\/www.lasrosas.com.ar\/portal\/wp-json\/wp\/v2\/tags?post=44543"}],"curies":[{"name":"wp","href":"https:\/\/api.w.org\/{rel}","templated":true}]}}