{"id":44336,"date":"2021-11-25T12:31:24","date_gmt":"2021-11-25T15:31:24","guid":{"rendered":"https:\/\/www.lasrosas.com.ar\/portal\/?p=44336"},"modified":"2021-11-25T12:31:24","modified_gmt":"2021-11-25T15:31:24","slug":"medicamentos-caseros-y-caida-del-cabello","status":"publish","type":"post","link":"https:\/\/www.lasrosas.com.ar\/portal\/medicamentos-caseros-y-caida-del-cabello\/","title":{"rendered":"MEDICAMENTOS CASEROS Y CA\u00cdDA DEL CABELLO"},"content":{"rendered":"<p><strong>\u00bfTe recomendaron un medicamento casero para frenar la ca\u00edda del pelo? Conoc\u00e9 los pasos a seguir para solucionar el problema de verdad.<\/strong><\/p>\n<p><strong>Nuestros amigos nos recomiendan medicamentos caseros, las b\u00fasquedas de Internet nos hablan de remedios que podemos preparar en casa, pero esto \u00bfnos acerca a una verdadera soluci\u00f3n? En esta nota charlamos con expertos que nos dan su visi\u00f3n sobre los pasos a seguir para dar con una verdadera soluci\u00f3n contra la ca\u00edda capilar y no perder energ\u00eda, dinero y tiempo con medicamentos que no tienen una efectividad comprobada.<\/strong><\/p>\n<p><img decoding=\"async\" class=\"aligncenter  wp-image-44339 lazyload\" data-src=\"https:\/\/www.lasrosas.com.ar\/portal\/wp-content\/uploads\/20-5.jpg\" alt=\"\" width=\"594\" height=\"334\" data-srcset=\"https:\/\/www.lasrosas.com.ar\/portal\/wp-content\/uploads\/20-5.jpg 1920w, https:\/\/www.lasrosas.com.ar\/portal\/wp-content\/uploads\/20-5-960x540.jpg 960w\" data-sizes=\"(max-width: 594px) 100vw, 594px\" src=\"data:image\/svg+xml;base64,PHN2ZyB3aWR0aD0iMSIgaGVpZ2h0PSIxIiB4bWxucz0iaHR0cDovL3d3dy53My5vcmcvMjAwMC9zdmciPjwvc3ZnPg==\" style=\"--smush-placeholder-width: 594px; --smush-placeholder-aspect-ratio: 594\/334;\" \/><\/p>\n<p><strong>Todos tienen un consejo para dar<\/strong><\/p>\n<p>El Dr. Nicol\u00e1s Lusicic (MN 80872), fundador de Hair Recovery, nos cuenta su experiencia de d\u00e9cadas recibiendo pacientes. \u201cLa ca\u00edda de cabello es un tema sobre lo que todos opinan con facilidad, quiz\u00e1s sobre otras cuestiones m\u00e9dicas la gente no opina tanto, pero para la ca\u00edda, \u00a1siempre hay un consejo! explica y agrega \u201c los amigos, Internet y el boca en boca muchas veces terminan llevando a la gente a perder tiempo, probando remedios caseros\u201d.<\/p>\n<p>\u201cLos medicamentos caseros son una posibilidad, tambi\u00e9n est\u00e1n los medicamentos de laboratorios no comprobados que est\u00e1n en el circuito comercial, esto tambi\u00e9n hace perder tiempo y dinero a los pacientes que intentan encontrar una soluci\u00f3n cuanto antes sin dar en la tecla\u201d cuenta Lusicic \u00a0y explica que \u201cla realidad es que estas pruebas s\u00f3lo colaboran con la ansiedad de la gente, porque terminan esperando resultados y el tiempo va pasando, sabemos que actuar a tiempo es una de las claves para la soluci\u00f3n\u201d.<\/p>\n<p><strong>\u00bfQu\u00e9 hay que hacer para dar con la soluci\u00f3n cuanto antes?<\/strong><\/p>\n<p>La Dra. Emilia Mancebo Grab (MN 102073), Cirujana Pl\u00e1stica, Est\u00e9tica y Reconstructiva, especialista de Hair Recovery nos comparte su experiencia: \u201cLa realidad es que la consulta con un profesional es el primer paso que hay que dar, es lo que recomendamos. Los profesionales son los que pueden determinar las verdaderas causas de la ca\u00edda del pelo, y teniendo la causa, podemos tener la soluci\u00f3n, es as\u00ed de simple\u201d.<\/p>\n<p><img decoding=\"async\" class=\"aligncenter  wp-image-44337 lazyload\" data-src=\"https:\/\/www.lasrosas.com.ar\/portal\/wp-content\/uploads\/shutterstock_368186126.jpg\" alt=\"\" width=\"610\" height=\"406\" data-srcset=\"https:\/\/www.lasrosas.com.ar\/portal\/wp-content\/uploads\/shutterstock_368186126.jpg 4245w, https:\/\/www.lasrosas.com.ar\/portal\/wp-content\/uploads\/shutterstock_368186126-960x640.jpg 960w, https:\/\/www.lasrosas.com.ar\/portal\/wp-content\/uploads\/shutterstock_368186126-1920x1280.jpg 1920w\" data-sizes=\"(max-width: 610px) 100vw, 610px\" src=\"data:image\/svg+xml;base64,PHN2ZyB3aWR0aD0iMSIgaGVpZ2h0PSIxIiB4bWxucz0iaHR0cDovL3d3dy53My5vcmcvMjAwMC9zdmciPjwvc3ZnPg==\" style=\"--smush-placeholder-width: 610px; --smush-placeholder-aspect-ratio: 610\/406;\" \/><\/p>\n<p>\u201cConsultar con el profesional es lo que nos va a hacer arrancar un buen tratamiento y revertir el problema, hay much\u00edsimos tratamientos disponibles, la tecnolog\u00eda avanza d\u00eda a d\u00eda y cada patolog\u00eda, cada causa tiene una soluci\u00f3n disponible para que la ca\u00edda se frene cuanto antes\u201d explica.<\/p>\n<p>Adem\u00e1s de tratamientos, la Dra. Mancebo Grab, recomienda shamp\u00faes especializados: \u201cLas l\u00edneas de shampoo y productos profesionales, de la mano de laboratorios reconocidos como Scientific Lab de Hair Recovery se pueden comprar online, recibirlas en tu casa y empezar a actuar a tiempo, incluso complementando otros tratamientos\u201d.<\/p>\n<p><strong>\u00bfQu\u00e9 nos pueden brindar los profesionales?<\/strong><\/p>\n<p>\u201cHay soluciones para todos los casos\u201d expresa el Dr. Nicol\u00e1s Lusicic, \u201cnuestras tecnolog\u00edas y tratamientos disponibles van avanzando d\u00eda a d\u00eda, y cada vez hay m\u00e1s posibilidades de frenar la ca\u00edda capilar cuanto antes; siempre y cuando tengamos el diagn\u00f3stico correcto para elegir el tratamiento adecuado\u201d.<\/p>\n<p>\u201cPodemos recomendar tratamientos no invasivos, localizados y ambulatorios, como Nutrifol de Hair Recovery\u201d cuenta Lusisic, \u201cse trata de una t\u00e9cnica de mesoterapia que aplica un shock de nutrientes en el cuero cabelludo del paciente, d\u00e1ndole las vitaminas, nutrientes y amino\u00e1cidos que el bulbo capilar necesita exactamente en la ra\u00edz para estimular el crecimiento\u201d.<\/p>\n<p><img decoding=\"async\" class=\"aligncenter  wp-image-44338 lazyload\" data-src=\"https:\/\/www.lasrosas.com.ar\/portal\/wp-content\/uploads\/shutterstock_1845308560.jpg\" alt=\"\" width=\"529\" height=\"352\" data-srcset=\"https:\/\/www.lasrosas.com.ar\/portal\/wp-content\/uploads\/shutterstock_1845308560.jpg 6000w, https:\/\/www.lasrosas.com.ar\/portal\/wp-content\/uploads\/shutterstock_1845308560-960x640.jpg 960w, https:\/\/www.lasrosas.com.ar\/portal\/wp-content\/uploads\/shutterstock_1845308560-1920x1280.jpg 1920w\" data-sizes=\"(max-width: 529px) 100vw, 529px\" src=\"data:image\/svg+xml;base64,PHN2ZyB3aWR0aD0iMSIgaGVpZ2h0PSIxIiB4bWxucz0iaHR0cDovL3d3dy53My5vcmcvMjAwMC9zdmciPjwvc3ZnPg==\" style=\"--smush-placeholder-width: 529px; --smush-placeholder-aspect-ratio: 529\/352;\" \/><\/p>\n<p>\u201cPara otros pacientes, tambi\u00e9n aconsejamos microtrasplantes capilares con resultados sorprendentes\u201d explica el Dr. Lusicic \u201cnuestras t\u00e9cnicas est\u00e1n cada vez m\u00e1s avanzadas, se logran resultados naturales, precisos, y los pacientes pueden retomar con su vida normal enseguida\u201d agrega.<\/p>\n<p>\u201cCreo que la clave para llegar a la soluci\u00f3n es la consulta con un profesional, desde ah\u00ed, ya se puede empezar a pensar en una bater\u00eda de tratamientos y recomendaciones que van a dar con una soluci\u00f3n\u201d cuenta Lusicic y remarca que \u201cas\u00ed, los pacientes se sienten tranquilos, no ponen su autoestima en juego, y tampoco pierden dinero y tiempo con soluciones que no van a funcionar\u201d.<\/p>\n<!-- AddThis Advanced Settings generic via filter on the_content --><!-- AddThis Share Buttons generic via filter on the_content -->","protected":false},"excerpt":{"rendered":"<p>\u00bfTe recomendaron un medicamento casero para frenar la ca\u00edda del pelo? Conoc\u00e9 los pasos a seguir para solucionar el problema de verdad. Nuestros amigos nos recomiendan medicamentos caseros, las b\u00fasquedas de Internet nos hablan de remedios que podemos preparar en casa, pero esto \u00bfnos acerca a una verdadera soluci\u00f3n? En esta nota charlamos con expertos [&hellip;]<!-- AddThis Advanced Settings generic via filter on get_the_excerpt --><!-- AddThis Share Buttons generic via filter on get_the_excerpt --><\/p>\n","protected":false},"author":6,"featured_media":44337,"comment_status":"closed","ping_status":"open","sticky":false,"template":"","format":"standard","meta":{"_acf_changed":false,"om_disable_all_campaigns":false,"_monsterinsights_skip_tracking":false,"_monsterinsights_sitenote_active":false,"_monsterinsights_sitenote_note":"","_monsterinsights_sitenote_category":0,"_uf_show_specific_survey":0,"_uf_disable_surveys":false,"footnotes":""},"categories":[26],"tags":[],"class_list":["post-44336","post","type-post","status-publish","format-standard","has-post-thumbnail","hentry","category-negocios"],"acf":[],"aioseo_notices":[],"_links":{"self":[{"href":"https:\/\/www.lasrosas.com.ar\/portal\/wp-json\/wp\/v2\/posts\/44336","targetHints":{"allow":["GET"]}}],"collection":[{"href":"https:\/\/www.lasrosas.com.ar\/portal\/wp-json\/wp\/v2\/posts"}],"about":[{"href":"https:\/\/www.lasrosas.com.ar\/portal\/wp-json\/wp\/v2\/types\/post"}],"author":[{"embeddable":true,"href":"https:\/\/www.lasrosas.com.ar\/portal\/wp-json\/wp\/v2\/users\/6"}],"replies":[{"embeddable":true,"href":"https:\/\/www.lasrosas.com.ar\/portal\/wp-json\/wp\/v2\/comments?post=44336"}],"version-history":[{"count":0,"href":"https:\/\/www.lasrosas.com.ar\/portal\/wp-json\/wp\/v2\/posts\/44336\/revisions"}],"wp:featuredmedia":[{"embeddable":true,"href":"https:\/\/www.lasrosas.com.ar\/portal\/wp-json\/wp\/v2\/media\/44337"}],"wp:attachment":[{"href":"https:\/\/www.lasrosas.com.ar\/portal\/wp-json\/wp\/v2\/media?parent=44336"}],"wp:term":[{"taxonomy":"category","embeddable":true,"href":"https:\/\/www.lasrosas.com.ar\/portal\/wp-json\/wp\/v2\/categories?post=44336"},{"taxonomy":"post_tag","embeddable":true,"href":"https:\/\/www.lasrosas.com.ar\/portal\/wp-json\/wp\/v2\/tags?post=44336"}],"curies":[{"name":"wp","href":"https:\/\/api.w.org\/{rel}","templated":true}]}}