{"id":44293,"date":"2021-11-24T13:54:55","date_gmt":"2021-11-24T16:54:55","guid":{"rendered":"https:\/\/www.lasrosas.com.ar\/portal\/?p=44293"},"modified":"2021-11-24T13:54:55","modified_gmt":"2021-11-24T16:54:55","slug":"wanda-nara-rompio-el-silencio","status":"publish","type":"post","link":"https:\/\/www.lasrosas.com.ar\/portal\/wanda-nara-rompio-el-silencio\/","title":{"rendered":"WANDA NARA ROMPI\u00d3 EL SILENCIO"},"content":{"rendered":"<p>La empresaria habl\u00f3 con Susana Gim\u00e9nez: revel\u00f3 c\u00f3mo se enter\u00f3 de los chats entre la actriz y el futbolista y dio detalles de la reconciliaci\u00f3n.<\/p>\n<p>Lleg\u00f3 el d\u00eda. Este martes por la noche, apenas unos minutos despu\u00e9s de las 21 horas, Wanda Nara habl\u00f3 por primera vez sobre el esc\u00e1ndalo amoroso ocurrido entre ella, su marido Mauro Icardi y Eugenia La China Su\u00e1rez, se\u00f1alada como la \u201ctercera en discordia\u201d. Si bien la medi\u00e1tica se expres\u00f3 sobre el asunto en sus redes sociales y tambi\u00e9n lanz\u00f3 mensajes a trav\u00e9s de Yanina Latorre, esta vez, por fin, se escuch\u00f3 su voz.<\/p>\n<p>Lo que se vio en Telefe Noticias fue un adelanto de un especial que Susana Gim\u00e9nez rod\u00f3 en Par\u00eds para mostrar la vida de Wanda e Icardi en la capital francesa y, adem\u00e1s, hablar del tema que tuvo en vilo al pa\u00eds. Las grabaciones se realizaron en distintas locaciones de la \u201cciudad luz\u201d: por ejemplo, se la vio a la medi\u00e1tica manejando un auto de lujo que compr\u00f3 su marido apenas comenz\u00f3 a jugar en el Paris Saint Germain. Tambi\u00e9n se realizaron tomas en el exclusivo Hotel Ritz, en el que se hosped\u00f3 la diva junto a su equipo de producci\u00f3n, compuesto por alrededor de 18 personas.<\/p>\n<p><img decoding=\"async\" class=\"aligncenter  wp-image-44298 lazyload\" data-src=\"https:\/\/www.lasrosas.com.ar\/portal\/wp-content\/uploads\/1637715018501Wanda-con-Susana-Gimenez.jpg\" alt=\"\" width=\"610\" height=\"457\" data-srcset=\"https:\/\/www.lasrosas.com.ar\/portal\/wp-content\/uploads\/1637715018501Wanda-con-Susana-Gimenez.jpg 1024w, https:\/\/www.lasrosas.com.ar\/portal\/wp-content\/uploads\/1637715018501Wanda-con-Susana-Gimenez-640x480.jpg 640w, https:\/\/www.lasrosas.com.ar\/portal\/wp-content\/uploads\/1637715018501Wanda-con-Susana-Gimenez-960x720.jpg 960w\" data-sizes=\"(max-width: 610px) 100vw, 610px\" src=\"data:image\/svg+xml;base64,PHN2ZyB3aWR0aD0iMSIgaGVpZ2h0PSIxIiB4bWxucz0iaHR0cDovL3d3dy53My5vcmcvMjAwMC9zdmciPjwvc3ZnPg==\" style=\"--smush-placeholder-width: 610px; --smush-placeholder-aspect-ratio: 610\/457;\" \/><\/p>\n<p>\u201cBuenas noches a todos\u201d, salud\u00f3 Susana con la Torre Eiffel de fondo. La postal m\u00e1s representativa de la noche parisina y la nota m\u00e1s buscada por el periodismo de espect\u00e1culos en el \u00faltimo mes. \u201cYo quer\u00eda hablar con vos\u201d, dijo Wanda Nara luego de entrar en el cuadro. \u201cAhora empieza el Wanda Gate\u201d, anunci\u00f3 Susana, m\u00e1s c\u00f3modas en el hotel, sentadas en sillones, siempre con el emblema de la ciudad luz detr\u00e1s.<\/p>\n<p>\u201cC\u00f3mo empez\u00f3 esto? \u00bfVos le viste el tel\u00e9fono a Mauro?\u201d, pregunt\u00f3 Susana sobre el inicio de la crisis. \u201cEst\u00e1bamos en un campo, estaban las nenas andando a caballo y busqu\u00e9 una foto en el tel\u00e9fono. \u201cAh\u00ed vi pantallazos de un chat con una mujer muy famosa que ya saben\u201d, se\u00f1al\u00f3 en referencia a la China, a quien nunca mencion\u00f3.<\/p>\n<p><img decoding=\"async\" class=\"aligncenter  wp-image-44296 lazyload\" data-src=\"https:\/\/www.lasrosas.com.ar\/portal\/wp-content\/uploads\/1637714464_319119_1637716496_noticia_normal.jpg\" alt=\"\" width=\"600\" height=\"337\" data-srcset=\"https:\/\/www.lasrosas.com.ar\/portal\/wp-content\/uploads\/1637714464_319119_1637716496_noticia_normal.jpg 1200w, https:\/\/www.lasrosas.com.ar\/portal\/wp-content\/uploads\/1637714464_319119_1637716496_noticia_normal-960x540.jpg 960w\" data-sizes=\"(max-width: 600px) 100vw, 600px\" src=\"data:image\/svg+xml;base64,PHN2ZyB3aWR0aD0iMSIgaGVpZ2h0PSIxIiB4bWxucz0iaHR0cDovL3d3dy53My5vcmcvMjAwMC9zdmciPjwvc3ZnPg==\" style=\"--smush-placeholder-width: 600px; --smush-placeholder-aspect-ratio: 600\/337;\" \/><\/p>\n<p>Es obvio que se empiezan a generar un mont\u00f3n de versiones, a veces cuando no quer\u00e9s hablar empiezan a inventar. Es l\u00f3gico\u201d, se\u00f1al\u00f3 comprensiva. \u201cEs el precio que una paga por ser famosa\u201d, interpret\u00f3 Susana. \u201cEs la culpa que pago por ser impulsiva\u201d, reconoci\u00f3 Wanda: \u201cLo primero que se me vino a la cabeza fue poner una historia\u201d, se\u00f1al\u00f3 en referencia a \u201cOtra familia que te cargaste por zorra\u201d, la frase que empez\u00f3 todo en la tarde del s\u00e1bado 16 de octubre.<\/p>\n<p>\u201cEllos tienen que saber que cualquier mujer se morir\u00eda por estar en el lugar. Yo conozco las partes buenas y las partes malas, la vida real no es lo que una muestra en Instagram, cuando estamos tristes no lo mostramos\u201d, analiz\u00f3 la empresaria, antes de recibir la frase de Susana.<\/p>\n<p>\u201cVos eras amiga de la China\u201d, afirm\u00f3 Susana, aunque Wanda marc\u00f3 un l\u00edmite. \u201cNo era amiga, ten\u00eda buena relaci\u00f3n, cordial. Mi enojo fue una mirada machista, de echarle la culpa a la mujer. Despu\u00e9s tom\u00e9 distancia, y admiro que una mujer pueda ser libre. Yo soy una mujer chapada a la antigua: para m\u00ed un mensajito es divorcio\u201d, reconoci\u00f3, y se imagin\u00f3 en la situaci\u00f3n opuesta. \u201cLos mensajes no los hubiera escrito y no me gust\u00f3 que no me hayan contado del otro lado\u201d; respondi\u00f3 sin dar demasiados detalles. \u201cNunca tuvimos problemas de este tipo, te lo puedo jurar por mis cinco hijos.<\/p>\n<p>Cuando vi el mensaje, agarr\u00e9 mis cinco hijos y en el primer avi\u00f3n me fui a Italia. Y \u00e9l se vino en el avi\u00f3n atr\u00e1s m\u00edo\u201d, afirm\u00f3.<\/p>\n<p>\u201cHablamos un mont\u00f3n, \u00e9l me dijo que piense en la familia, que fue el error de su vida. Nosotros nos cont\u00e1bamos cualquier cosita\u201d, revel\u00f3 la empresaria. \u201c\u00c9l no parece ser un tipo mujeriego\u201d, intuy\u00f3 Susana. \u201cNo, pero a cualquiera le puede pasar, lo importante de esto es que pudimos poner un stop a la relaci\u00f3n. Plantearnos seguir o no seguir\u201d, reconoci\u00f3 Wanda. \u201c\u00c9l te dijo que si se separaban dejaba el f\u00fatbol\u201d, apunt\u00f3 Susana. \u201cHay que ver si lo hubiera hecho, son cosas que uno dice\u201d, replic\u00f3 Wanda.<\/p>\n<p><img decoding=\"async\" class=\"aligncenter  wp-image-44297 lazyload\" data-src=\"https:\/\/www.lasrosas.com.ar\/portal\/wp-content\/uploads\/wanda-nara-susana-gimenezjpg.jpg\" alt=\"\" width=\"591\" height=\"332\" data-srcset=\"https:\/\/www.lasrosas.com.ar\/portal\/wp-content\/uploads\/wanda-nara-susana-gimenezjpg.jpg 1200w, https:\/\/www.lasrosas.com.ar\/portal\/wp-content\/uploads\/wanda-nara-susana-gimenezjpg-960x540.jpg 960w\" data-sizes=\"(max-width: 591px) 100vw, 591px\" src=\"data:image\/svg+xml;base64,PHN2ZyB3aWR0aD0iMSIgaGVpZ2h0PSIxIiB4bWxucz0iaHR0cDovL3d3dy53My5vcmcvMjAwMC9zdmciPjwvc3ZnPg==\" style=\"--smush-placeholder-width: 591px; --smush-placeholder-aspect-ratio: 591\/332;\" \/><\/p>\n<p>\u201c\u00bfSe vieron la China y Mauro?\u201d, pregunt\u00f3 Susana de repente. \u201cParezco una chusma pero es lo que tengo que hacer hoy\u201d, agreg\u00f3 casi como para justificarse. \u201cConfiamos los dos ciegamente en todo, yo pongo las manos en el fuego por Mauro, pero sent\u00ed que hubo un quiebre. Despu\u00e9s \u00e9l me dijo que hubo un encuentro y que no fue nada. Yo pienso que podr\u00eda haber pasado de todo pero es verdad que no pas\u00f3 nada\u201d, a\u00f1adi\u00f3.<\/p>\n<p>Respecto a este encuentro, y todav\u00eda sin nombrarla, reconoci\u00f3 haber llamado a la China. \u201cLo primero que hice fue pedirle perd\u00f3n por esa historia que hab\u00eda usado una palabra no muy elegante que hab\u00eda usado en un momento de calentura\u201d, reconoci\u00f3. \u201cEs comprensible, es humano que uno se equivoque\u201d, aval\u00f3 Susana. En este punto, Wanda explic\u00f3 por qu\u00e9 hab\u00eda decidido perdonar a su marido: \u201cPodemos seguir juntos, y volver\u00eda a empezar con \u00e9l. Porque fue \u00e9l el que me mostr\u00f3 las cosas como pasaron, y est\u00e1 arrepentido. Yo creo en el perd\u00f3n y creo en la palabra. Lo mir\u00e9 a los ojos, estuvimos solos y creo en su arrepentimiento\u201d, sentenci\u00f3 con firmeza.<\/p>\n<p>A continuaci\u00f3n, Susana le pregunt\u00f3 por la videollamada que comparti\u00f3 con la China: \u201cCuando Mauro me cuenta del encuentro, rebobino y me acuerdo que ella en un recital me hab\u00eda llamado, en realidad llam\u00f3 a otra persona y le dijo \u2018pasame con Wanda\u2019. Yo estaba con mis dos hijas sentadas a upa\u201d, evoc\u00f3 en referencia al recital de Camilo en Par\u00eds al que acudieron entre otros Lionel Messi y Antonela Roccuzzo. \u201cAh\u00ed le pregunt\u00e9. \u2018Hab\u00edas estado hace cinco d\u00edas con \u00e9l y ped\u00eds hablar conmigo cuando estaba con toda mi familia\u2019. No me acuerdo que explicaci\u00f3n me dio, pero lo que hablamos va a quedar y no me interesa dar detalles. Yo le ped\u00ed disculpas\u201d, repiti\u00f3.<\/p>\n<p>\u201cTodo pasa en la vida por algo, lo importante es el amor\u201d, resumi\u00f3 Wanda. \u201cY que no pas\u00f3 nada\u201d, agreg\u00f3 Susana, refiri\u00e9ndose al encuentro entre el futbolista y la actriz. \u201c\u00bfVos dec\u00eds que es lo importante? Mauro dice lo mismo que vos\u201d, replic\u00f3 la empresaria no muy convencida. \u201cTuvimos los dos la posibilidad de volver a elegirnos. Y eso fue lo m\u00e1s importante\u201d, resumi\u00f3. En relaci\u00f3n a c\u00f3mo transit\u00f3 estos d\u00edas, cont\u00f3 qu\u00e9 se refugi\u00f3 en sus afectos y revel\u00f3 una curiosa frase de su madre, Nora Colosimo: \u201cMe dec\u00eda: \u2018lo que m\u00e1s quiero es abrazar a Mauro\u2019. O sea, \u00bfde qu\u00e9 lado est\u00e1s? Mam\u00e1 me dice que soy muy antigua de cabeza. Por eso rescato la sinceridad de Mauro\u201d.<\/p>\n<p><img decoding=\"async\" class=\"aligncenter  wp-image-44295 lazyload\" data-src=\"https:\/\/www.lasrosas.com.ar\/portal\/wp-content\/uploads\/susana-y-wanda-en-el-hotel-sangrilacon-captura-de-youtube-920842-104045.jpg\" alt=\"\" width=\"625\" height=\"351\" data-srcset=\"https:\/\/www.lasrosas.com.ar\/portal\/wp-content\/uploads\/susana-y-wanda-en-el-hotel-sangrilacon-captura-de-youtube-920842-104045.jpg 1366w, https:\/\/www.lasrosas.com.ar\/portal\/wp-content\/uploads\/susana-y-wanda-en-el-hotel-sangrilacon-captura-de-youtube-920842-104045-960x540.jpg 960w\" data-sizes=\"(max-width: 625px) 100vw, 625px\" src=\"data:image\/svg+xml;base64,PHN2ZyB3aWR0aD0iMSIgaGVpZ2h0PSIxIiB4bWxucz0iaHR0cDovL3d3dy53My5vcmcvMjAwMC9zdmciPjwvc3ZnPg==\" style=\"--smush-placeholder-width: 625px; --smush-placeholder-aspect-ratio: 625\/351;\" \/><\/p>\n<p>Yo puse una historia sacada de los pelos, me preguntaron si me hab\u00eda separado y dije que s\u00ed. \u201cYo no lo pod\u00eda creer. Uno se da cuenta qui\u00e9n se ama\u201d, replic\u00f3 Susana, que le pregunt\u00f3 por el comunicado de la actriz: \u201cLo le\u00ed. Me pareci\u00f3 muy complicado para entenderlo, no s\u00e9 si yo soy demasiado tonta\u201d, admiti\u00f3. \u201cEntiendo que haya mujeres que viven diferente\u201d, repiti\u00f3.<\/p>\n<p>Hacia el final del adelanto que se vio por Telefe, Mauro Icardi hizo su ingreso al estudio. Abraz\u00f3 a la conductora y le dio un beso a su esposa. \u201cYo no estoy arreglado, vine as\u00ed nom\u00e1s\u201d, se justific\u00f3 por su look informal en contrapunto con la elegancia que mostraban las dos mujeres. \u201cPens\u00e9 que quer\u00eda cobrar por estar ac\u00e1\u201d, se sorprendi\u00f3 Wanda, que le regal\u00f3 a la diva parte de su l\u00ednea de cosm\u00e9ticos en una enorme caja roja de un coraz\u00f3n, y dejando en ese gesto una met\u00e1fora del continuar\u00e1. Para saber c\u00f3mo sigue la historia, habr\u00e1 que esperar el programa completo que se ver\u00e1 el 30 de noviembre por Paramount+.<\/p>\n<!-- AddThis Advanced Settings generic via filter on the_content --><!-- AddThis Share Buttons generic via filter on the_content -->","protected":false},"excerpt":{"rendered":"<p>La empresaria habl\u00f3 con Susana Gim\u00e9nez: revel\u00f3 c\u00f3mo se enter\u00f3 de los chats entre la actriz y el futbolista y dio detalles de la reconciliaci\u00f3n. Lleg\u00f3 el d\u00eda. Este martes por la noche, apenas unos minutos despu\u00e9s de las 21 horas, Wanda Nara habl\u00f3 por primera vez sobre el esc\u00e1ndalo amoroso ocurrido entre ella, su [&hellip;]<!-- AddThis Advanced Settings generic via filter on get_the_excerpt --><!-- AddThis Share Buttons generic via filter on get_the_excerpt --><\/p>\n","protected":false},"author":6,"featured_media":44300,"comment_status":"closed","ping_status":"open","sticky":false,"template":"","format":"standard","meta":{"_acf_changed":false,"om_disable_all_campaigns":false,"_monsterinsights_skip_tracking":false,"_monsterinsights_sitenote_active":false,"_monsterinsights_sitenote_note":"","_monsterinsights_sitenote_category":0,"_uf_show_specific_survey":0,"_uf_disable_surveys":false,"footnotes":""},"categories":[234,100],"tags":[],"class_list":["post-44293","post","type-post","status-publish","format-standard","has-post-thumbnail","hentry","category-trend","category-noticias"],"acf":[],"aioseo_notices":[],"_links":{"self":[{"href":"https:\/\/www.lasrosas.com.ar\/portal\/wp-json\/wp\/v2\/posts\/44293","targetHints":{"allow":["GET"]}}],"collection":[{"href":"https:\/\/www.lasrosas.com.ar\/portal\/wp-json\/wp\/v2\/posts"}],"about":[{"href":"https:\/\/www.lasrosas.com.ar\/portal\/wp-json\/wp\/v2\/types\/post"}],"author":[{"embeddable":true,"href":"https:\/\/www.lasrosas.com.ar\/portal\/wp-json\/wp\/v2\/users\/6"}],"replies":[{"embeddable":true,"href":"https:\/\/www.lasrosas.com.ar\/portal\/wp-json\/wp\/v2\/comments?post=44293"}],"version-history":[{"count":0,"href":"https:\/\/www.lasrosas.com.ar\/portal\/wp-json\/wp\/v2\/posts\/44293\/revisions"}],"wp:featuredmedia":[{"embeddable":true,"href":"https:\/\/www.lasrosas.com.ar\/portal\/wp-json\/wp\/v2\/media\/44300"}],"wp:attachment":[{"href":"https:\/\/www.lasrosas.com.ar\/portal\/wp-json\/wp\/v2\/media?parent=44293"}],"wp:term":[{"taxonomy":"category","embeddable":true,"href":"https:\/\/www.lasrosas.com.ar\/portal\/wp-json\/wp\/v2\/categories?post=44293"},{"taxonomy":"post_tag","embeddable":true,"href":"https:\/\/www.lasrosas.com.ar\/portal\/wp-json\/wp\/v2\/tags?post=44293"}],"curies":[{"name":"wp","href":"https:\/\/api.w.org\/{rel}","templated":true}]}}