{"id":43906,"date":"2021-11-16T15:37:50","date_gmt":"2021-11-16T18:37:50","guid":{"rendered":"https:\/\/www.lasrosas.com.ar\/portal\/?p=43906"},"modified":"2021-11-16T15:43:13","modified_gmt":"2021-11-16T18:43:13","slug":"lady-gaga-impone-el-corte-ochentoso-en-house-of-gucci","status":"publish","type":"post","link":"https:\/\/www.lasrosas.com.ar\/portal\/lady-gaga-impone-el-corte-ochentoso-en-house-of-gucci\/","title":{"rendered":"LADY GAGA IMPONE EL CORTE \u201cOCHENTOSO\u201d EN HOUSE OF GUCCI"},"content":{"rendered":"<p><span style=\"font-weight: 400;\">La camale\u00f3nica cantante y actriz luci\u00f3 un corte de pelo que fue furor en los 80. Dicen que ser\u00e1 una de las tendencias del a\u00f1o que viene: la pregunta es \u00bfqui\u00e9n se atrever\u00e1 a adoptarlo?<\/span><\/p>\n<p><span style=\"font-weight: 400;\">Para interpretar a Patrizzia Reggiani -esposa de Mauricio Gucci- <\/span><b>Lady Gaga<\/b><span style=\"font-weight: 400;\"> se someti\u00f3 a una gran transformaci\u00f3n f\u00edsica, que incluy\u00f3 su pelo, un perfecto maquillaje acorde a la \u00e9poca (1985) y, claramente, un vestuario impresionante. Las im\u00e1genes que trascendieron causaron furor al ver a la rubia en una versi\u00f3n tan diferente de la que suele mostrar.<\/span><\/p>\n<p><span style=\"font-weight: 400;\">Este hecho ha generado miles de comentarios, pero tambi\u00e9n una gran influencia hacia sus seguidores y al p\u00fablico en general que espera con ansias esta nueva producci\u00f3n cinematogr\u00e1fica, que se estrena en cines el 24 de noviembre.<\/span><\/p>\n<p><img decoding=\"async\" class=\"aligncenter wp-image-43908 size-thumbnail lazyload\" data-src=\"https:\/\/www.lasrosas.com.ar\/portal\/wp-content\/uploads\/lady-gaga-house-of-gucci-640x480.jpg\" alt=\"\" width=\"640\" height=\"480\" src=\"data:image\/svg+xml;base64,PHN2ZyB3aWR0aD0iMSIgaGVpZ2h0PSIxIiB4bWxucz0iaHR0cDovL3d3dy53My5vcmcvMjAwMC9zdmciPjwvc3ZnPg==\" style=\"--smush-placeholder-width: 640px; --smush-placeholder-aspect-ratio: 640\/480;\" \/><\/p>\n<p><span style=\"font-weight: 400;\">El corte de pelo consiste en una melena en degrad\u00e9 con ondas (aunque en ocasiones lleva rulos m\u00e1s marcados), con un flequillo tipo cortina lacio, que se lleva bien marcado. Fue furor en los 80 y uno de los looks que marcaron aquella \u00e9poca.<\/span><\/p>\n<p><span style=\"font-weight: 400;\">El personaje de la talentosa cantante se perfila como ic\u00f3nico y ya hay quienes aseguran que ser\u00e1 candidata al Oscar. M\u00e1s all\u00e1 de eso, habr\u00e1 que ver si alguien se atreve a adoptar este look, quiz\u00e1s, aggiorn\u00e1ndolo un poco.<\/span><\/p>\n<p><img decoding=\"async\" class=\"aligncenter wp-image-43907 size-thumbnail lazyload\" data-src=\"https:\/\/www.lasrosas.com.ar\/portal\/wp-content\/uploads\/MV5BYzJjZGY1ZDAtNjJjNS00MmMxLTljNzktMDQ3MGYwNmE2ZjQ0XkEyXkFqcGdeQXVyMzU1NTkxOTk@._V1_-640x480.jpg\" alt=\"\" width=\"640\" height=\"480\" src=\"data:image\/svg+xml;base64,PHN2ZyB3aWR0aD0iMSIgaGVpZ2h0PSIxIiB4bWxucz0iaHR0cDovL3d3dy53My5vcmcvMjAwMC9zdmciPjwvc3ZnPg==\" style=\"--smush-placeholder-width: 640px; --smush-placeholder-aspect-ratio: 640\/480;\" \/><\/p>\n<!-- AddThis Advanced Settings generic via filter on the_content --><!-- AddThis Share Buttons generic via filter on the_content -->","protected":false},"excerpt":{"rendered":"<p>La camale\u00f3nica cantante y actriz luci\u00f3 un corte de pelo que fue furor en los 80. Dicen que ser\u00e1 una de las tendencias del a\u00f1o que viene: la pregunta es \u00bfqui\u00e9n se atrever\u00e1 a adoptarlo? Para interpretar a Patrizzia Reggiani -esposa de Mauricio Gucci- Lady Gaga se someti\u00f3 a una gran transformaci\u00f3n f\u00edsica, que incluy\u00f3 [&hellip;]<!-- AddThis Advanced Settings generic via filter on get_the_excerpt --><!-- AddThis Share Buttons generic via filter on get_the_excerpt --><\/p>\n","protected":false},"author":6,"featured_media":43911,"comment_status":"closed","ping_status":"open","sticky":false,"template":"","format":"standard","meta":{"_acf_changed":false,"om_disable_all_campaigns":false,"_monsterinsights_skip_tracking":false,"_monsterinsights_sitenote_active":false,"_monsterinsights_sitenote_note":"","_monsterinsights_sitenote_category":0,"_uf_show_specific_survey":0,"_uf_disable_surveys":false,"footnotes":""},"categories":[234,100,30],"tags":[],"class_list":["post-43906","post","type-post","status-publish","format-standard","has-post-thumbnail","hentry","category-trend","category-noticias","category-moda"],"acf":[],"aioseo_notices":[],"_links":{"self":[{"href":"https:\/\/www.lasrosas.com.ar\/portal\/wp-json\/wp\/v2\/posts\/43906","targetHints":{"allow":["GET"]}}],"collection":[{"href":"https:\/\/www.lasrosas.com.ar\/portal\/wp-json\/wp\/v2\/posts"}],"about":[{"href":"https:\/\/www.lasrosas.com.ar\/portal\/wp-json\/wp\/v2\/types\/post"}],"author":[{"embeddable":true,"href":"https:\/\/www.lasrosas.com.ar\/portal\/wp-json\/wp\/v2\/users\/6"}],"replies":[{"embeddable":true,"href":"https:\/\/www.lasrosas.com.ar\/portal\/wp-json\/wp\/v2\/comments?post=43906"}],"version-history":[{"count":0,"href":"https:\/\/www.lasrosas.com.ar\/portal\/wp-json\/wp\/v2\/posts\/43906\/revisions"}],"wp:featuredmedia":[{"embeddable":true,"href":"https:\/\/www.lasrosas.com.ar\/portal\/wp-json\/wp\/v2\/media\/43911"}],"wp:attachment":[{"href":"https:\/\/www.lasrosas.com.ar\/portal\/wp-json\/wp\/v2\/media?parent=43906"}],"wp:term":[{"taxonomy":"category","embeddable":true,"href":"https:\/\/www.lasrosas.com.ar\/portal\/wp-json\/wp\/v2\/categories?post=43906"},{"taxonomy":"post_tag","embeddable":true,"href":"https:\/\/www.lasrosas.com.ar\/portal\/wp-json\/wp\/v2\/tags?post=43906"}],"curies":[{"name":"wp","href":"https:\/\/api.w.org\/{rel}","templated":true}]}}