{"id":43690,"date":"2021-11-11T13:31:26","date_gmt":"2021-11-11T16:31:26","guid":{"rendered":"https:\/\/www.lasrosas.com.ar\/portal\/?p=43690"},"modified":"2021-11-11T13:31:26","modified_gmt":"2021-11-11T16:31:26","slug":"copa-retoma-sus-vuelos-desde-cordoba","status":"publish","type":"post","link":"https:\/\/www.lasrosas.com.ar\/portal\/copa-retoma-sus-vuelos-desde-cordoba\/","title":{"rendered":"COPA RETOMA SUS VUELOS DESDE C\u00d3RDOBA"},"content":{"rendered":"<p>Copa anunci\u00f3 la reanudaci\u00f3n de su ruta C\u00f3rdoba-Panam\u00e1 a partir del pr\u00f3ximo 17 de noviembre en un evento que cont\u00f3 con la presencia de tour operadores, autoridades de organismos gubernamentales relacionados al turismo y otros actores del sector.<\/p>\n<p>\u201cLa ruta C\u00f3rdoba-Panam\u00e1 es de suma importancia para la gente de C\u00f3rdoba y alrededores, ya que permite salir de Argentina sin la necesidad de pasar por Buenos Aires. Adem\u00e1s, el Hub las Am\u00e9ricas de Copa Airlines, situado en Panam\u00e1, es ampliamente estrat\u00e9gico y conveniente, dado que brinda conexiones a todos los rincones del continente americano. Estamos muy felices de volver a volar desde C\u00f3rdoba\u201d aseguraron Lorena Gasser, Gerente Ventas para Argentina y Carlos Antunes, Gerente Regional de Ventas para Mercosur de Copa Airlines.<\/p>\n<p><img decoding=\"async\" class=\"aligncenter size-full wp-image-43691 lazyload\" data-src=\"https:\/\/www.lasrosas.com.ar\/portal\/wp-content\/uploads\/CA-Evento-1.jpeg\" alt=\"\" width=\"1024\" height=\"682\" data-srcset=\"https:\/\/www.lasrosas.com.ar\/portal\/wp-content\/uploads\/CA-Evento-1.jpeg 1024w, https:\/\/www.lasrosas.com.ar\/portal\/wp-content\/uploads\/CA-Evento-1-960x639.jpeg 960w\" data-sizes=\"(max-width: 1024px) 100vw, 1024px\" src=\"data:image\/svg+xml;base64,PHN2ZyB3aWR0aD0iMSIgaGVpZ2h0PSIxIiB4bWxucz0iaHR0cDovL3d3dy53My5vcmcvMjAwMC9zdmciPjwvc3ZnPg==\" style=\"--smush-placeholder-width: 1024px; --smush-placeholder-aspect-ratio: 1024\/682;\" \/><\/p>\n<p>Al mismo tiempo se inform\u00f3 el itinerario aprobado entre Argentina y el Hub de Las Am\u00e9ricas en el aeropuerto internacional de Tocumen, en Panam\u00e1 durante los meses de noviembre y diciembre, siendo los siguientes:<\/p>\n<p>Noviembre, desde C\u00f3rdoba, 3 vuelos semanales<br \/>\nDiciembre desde C\u00f3rdoba, 4 vuelos semanales<\/p>\n<!-- AddThis Advanced Settings generic via filter on the_content --><!-- AddThis Share Buttons generic via filter on the_content -->","protected":false},"excerpt":{"rendered":"<p>Copa anunci\u00f3 la reanudaci\u00f3n de su ruta C\u00f3rdoba-Panam\u00e1 a partir del pr\u00f3ximo 17 de noviembre en un evento que cont\u00f3 con la presencia de tour operadores, autoridades de organismos gubernamentales relacionados al turismo y otros actores del sector. \u201cLa ruta C\u00f3rdoba-Panam\u00e1 es de suma importancia para la gente de C\u00f3rdoba y alrededores, ya que permite [&hellip;]<!-- AddThis Advanced Settings generic via filter on get_the_excerpt --><!-- AddThis Share Buttons generic via filter on get_the_excerpt --><\/p>\n","protected":false},"author":6,"featured_media":43692,"comment_status":"closed","ping_status":"open","sticky":false,"template":"","format":"standard","meta":{"_acf_changed":false,"om_disable_all_campaigns":false,"_monsterinsights_skip_tracking":false,"_monsterinsights_sitenote_active":false,"_monsterinsights_sitenote_note":"","_monsterinsights_sitenote_category":0,"_uf_show_specific_survey":0,"_uf_disable_surveys":false,"footnotes":""},"categories":[100,33],"tags":[],"class_list":["post-43690","post","type-post","status-publish","format-standard","has-post-thumbnail","hentry","category-noticias","category-las-rosas-trip"],"acf":[],"aioseo_notices":[],"_links":{"self":[{"href":"https:\/\/www.lasrosas.com.ar\/portal\/wp-json\/wp\/v2\/posts\/43690","targetHints":{"allow":["GET"]}}],"collection":[{"href":"https:\/\/www.lasrosas.com.ar\/portal\/wp-json\/wp\/v2\/posts"}],"about":[{"href":"https:\/\/www.lasrosas.com.ar\/portal\/wp-json\/wp\/v2\/types\/post"}],"author":[{"embeddable":true,"href":"https:\/\/www.lasrosas.com.ar\/portal\/wp-json\/wp\/v2\/users\/6"}],"replies":[{"embeddable":true,"href":"https:\/\/www.lasrosas.com.ar\/portal\/wp-json\/wp\/v2\/comments?post=43690"}],"version-history":[{"count":0,"href":"https:\/\/www.lasrosas.com.ar\/portal\/wp-json\/wp\/v2\/posts\/43690\/revisions"}],"wp:featuredmedia":[{"embeddable":true,"href":"https:\/\/www.lasrosas.com.ar\/portal\/wp-json\/wp\/v2\/media\/43692"}],"wp:attachment":[{"href":"https:\/\/www.lasrosas.com.ar\/portal\/wp-json\/wp\/v2\/media?parent=43690"}],"wp:term":[{"taxonomy":"category","embeddable":true,"href":"https:\/\/www.lasrosas.com.ar\/portal\/wp-json\/wp\/v2\/categories?post=43690"},{"taxonomy":"post_tag","embeddable":true,"href":"https:\/\/www.lasrosas.com.ar\/portal\/wp-json\/wp\/v2\/tags?post=43690"}],"curies":[{"name":"wp","href":"https:\/\/api.w.org\/{rel}","templated":true}]}}