{"id":43361,"date":"2021-11-04T15:51:00","date_gmt":"2021-11-04T18:51:00","guid":{"rendered":"https:\/\/www.lasrosas.com.ar\/portal\/?p=43361"},"modified":"2021-11-04T15:51:00","modified_gmt":"2021-11-04T18:51:00","slug":"chiara-ferragni-y-fedez-anucian-el-lanzamineto-de-su-propio-reality","status":"publish","type":"post","link":"https:\/\/www.lasrosas.com.ar\/portal\/chiara-ferragni-y-fedez-anucian-el-lanzamineto-de-su-propio-reality\/","title":{"rendered":"CHIARA FERRAGNI Y FEDEZ ANUCIAN EL LANZAMINETO DE SU PROPIO REALITY"},"content":{"rendered":"<p><span style=\"font-weight: 400;\">Si cre\u00edas que conoc\u00edas a Chiara Ferragni, pi\u00e9nsalo mejor dos veces. La \u2018influencer\u2019 y creadora del medio \u2018The Blonde Salad\u2019, que amasa casi 25 millones de seguidores solo en Instagram, ha decidido ir un paso m\u00e1s all\u00e1 y protagonizar su propio \u2018reality show\u2019 en <\/span><span style=\"font-weight: 400;\">Amazon Prime Video<\/span><span style=\"font-weight: 400;\">.\u00a0<\/span><\/p>\n<p><span style=\"font-weight: 400;\">Un proyecto que ella misma anunciaba a trav\u00e9s de sus redes sociales, donde tambi\u00e9n sab\u00edamos su fecha de estreno: diciembre de este mismo a\u00f1o, aunque todav\u00eda no adelantaba el d\u00eda exacto.<\/span><\/p>\n<p><span style=\"font-weight: 400;\">Y claro, como era previsible, el \u2018hype\u2019 por este nuevo proyecto se disparaba por las nubes. Muchos \u2018influs\u2019 amigos de la misma la felicitaban en el posteo. Este era el v\u00eddeo en el que anuncian el programa a golpe de luces de ne\u00f3n, muy en su estilo.\u00a0<\/span><\/p>\n<p><img decoding=\"async\" class=\"aligncenter wp-image-43362 lazyload\" data-src=\"https:\/\/www.lasrosas.com.ar\/portal\/wp-content\/uploads\/chiara-ferragni-reality-show-amazon-1-1635944184.png\" alt=\"\" width=\"582\" height=\"582\" src=\"data:image\/svg+xml;base64,PHN2ZyB3aWR0aD0iMSIgaGVpZ2h0PSIxIiB4bWxucz0iaHR0cDovL3d3dy53My5vcmcvMjAwMC9zdmciPjwvc3ZnPg==\" style=\"--smush-placeholder-width: 582px; --smush-placeholder-aspect-ratio: 582\/582;\" \/><\/p>\n<p><span style=\"font-weight: 400;\">Y este el p\u00f3ster oficial en el que aparece toda la familia m\u00e1s cercana de Chiara y Fedez al completo. La foto era tomada por el prestigioso fot\u00f3grafo de moda David LaChapelle.<\/span><\/p>\n<h4><strong>\u00bfQu\u00e9 podremos ver en \u201cLos Ferragnez\u201d?<\/strong><\/h4>\n<p><span style=\"font-weight: 400;\">En dicho \u2018reality\u2019, grabado a finales de 2020 y principios de ese a\u00f1o, podremos ahondar mucho m\u00e1s a fondo en la vida de la pareja, la cual despierta tremendo inter\u00e9s mucho m\u00e1s all\u00e1 de su Italia natal, donde son todas unas \u2018celebrities\u2019 e iconos generacionales. As\u00ed, seremos testigos de c\u00f3mo Chiara organiza su imperio digital \u2014cuya base es su ic\u00f3nico blog, \u2018The Blonde Salad\u2019\u2014, c\u00f3mo trabaja en el d\u00eda a d\u00eda y c\u00f3mo es cuando llega a casa y se baja de su calzado. Su marido y cantante, Fedez, tambi\u00e9n se prestar\u00e1 al \u2018show\u2019, donde podr\u00edan aparecer sus dos hijos: Leone, de tres a\u00f1os; y Vittoria, que nac\u00eda en marzo de este a\u00f1o. Seg\u00fan ha avanzado, la trama tambi\u00e9n mostrar\u00e1 el segundo embarazo y parto de la \u2018influencer\u2019, as\u00ed como la participaci\u00f3n de su marido en el famoso Festival de M\u00fasica de Sanremo.<\/span><\/p>\n<p><img decoding=\"async\" class=\"aligncenter  wp-image-43364 lazyload\" data-src=\"https:\/\/www.lasrosas.com.ar\/portal\/wp-content\/uploads\/614862f9978a9.r_d.340-169-16177.jpeg\" alt=\"\" width=\"754\" height=\"370\" src=\"data:image\/svg+xml;base64,PHN2ZyB3aWR0aD0iMSIgaGVpZ2h0PSIxIiB4bWxucz0iaHR0cDovL3d3dy53My5vcmcvMjAwMC9zdmciPjwvc3ZnPg==\" style=\"--smush-placeholder-width: 754px; --smush-placeholder-aspect-ratio: 754\/370;\" \/><\/p>\n<p><span style=\"font-weight: 400;\">Comienza la cuenta atr\u00e1s para adentrarnos en una de las vidas privadas m\u00e1s codiciadas de internet, la vida de la joven que redefini\u00f3 el concepto de \u2018celebrity\u2019 hace ya cerca de una d\u00e9cada y que ahora se intenta apoderar de las plataformas de \u2018streaming\u2019. El \u00e9xito, como en casi todo lo que ha hecho hasta la fecha, est\u00e1 m\u00e1s que asegurado.<\/span><\/p>\n<!-- AddThis Advanced Settings generic via filter on the_content --><!-- AddThis Share Buttons generic via filter on the_content -->","protected":false},"excerpt":{"rendered":"<p>Si cre\u00edas que conoc\u00edas a Chiara Ferragni, pi\u00e9nsalo mejor dos veces. La \u2018influencer\u2019 y creadora del medio \u2018The Blonde Salad\u2019, que amasa casi 25 millones de seguidores solo en Instagram, ha decidido ir un paso m\u00e1s all\u00e1 y protagonizar su propio \u2018reality show\u2019 en Amazon Prime Video.\u00a0 Un proyecto que ella misma anunciaba a trav\u00e9s [&hellip;]<!-- AddThis Advanced Settings generic via filter on get_the_excerpt --><!-- AddThis Share Buttons generic via filter on get_the_excerpt --><\/p>\n","protected":false},"author":6,"featured_media":43363,"comment_status":"closed","ping_status":"open","sticky":false,"template":"","format":"standard","meta":{"_acf_changed":false,"om_disable_all_campaigns":false,"_monsterinsights_skip_tracking":false,"_monsterinsights_sitenote_active":false,"_monsterinsights_sitenote_note":"","_monsterinsights_sitenote_category":0,"_uf_show_specific_survey":0,"_uf_disable_surveys":false,"footnotes":""},"categories":[234,100],"tags":[],"class_list":["post-43361","post","type-post","status-publish","format-standard","has-post-thumbnail","hentry","category-trend","category-noticias"],"acf":[],"aioseo_notices":[],"_links":{"self":[{"href":"https:\/\/www.lasrosas.com.ar\/portal\/wp-json\/wp\/v2\/posts\/43361","targetHints":{"allow":["GET"]}}],"collection":[{"href":"https:\/\/www.lasrosas.com.ar\/portal\/wp-json\/wp\/v2\/posts"}],"about":[{"href":"https:\/\/www.lasrosas.com.ar\/portal\/wp-json\/wp\/v2\/types\/post"}],"author":[{"embeddable":true,"href":"https:\/\/www.lasrosas.com.ar\/portal\/wp-json\/wp\/v2\/users\/6"}],"replies":[{"embeddable":true,"href":"https:\/\/www.lasrosas.com.ar\/portal\/wp-json\/wp\/v2\/comments?post=43361"}],"version-history":[{"count":0,"href":"https:\/\/www.lasrosas.com.ar\/portal\/wp-json\/wp\/v2\/posts\/43361\/revisions"}],"wp:featuredmedia":[{"embeddable":true,"href":"https:\/\/www.lasrosas.com.ar\/portal\/wp-json\/wp\/v2\/media\/43363"}],"wp:attachment":[{"href":"https:\/\/www.lasrosas.com.ar\/portal\/wp-json\/wp\/v2\/media?parent=43361"}],"wp:term":[{"taxonomy":"category","embeddable":true,"href":"https:\/\/www.lasrosas.com.ar\/portal\/wp-json\/wp\/v2\/categories?post=43361"},{"taxonomy":"post_tag","embeddable":true,"href":"https:\/\/www.lasrosas.com.ar\/portal\/wp-json\/wp\/v2\/tags?post=43361"}],"curies":[{"name":"wp","href":"https:\/\/api.w.org\/{rel}","templated":true}]}}