{"id":43280,"date":"2021-11-03T13:52:53","date_gmt":"2021-11-03T16:52:53","guid":{"rendered":"https:\/\/www.lasrosas.com.ar\/portal\/?p=43280"},"modified":"2021-11-03T13:52:53","modified_gmt":"2021-11-03T16:52:53","slug":"kristen-stewart-se-casa-con-su-novia-dylan-meyer","status":"publish","type":"post","link":"https:\/\/www.lasrosas.com.ar\/portal\/kristen-stewart-se-casa-con-su-novia-dylan-meyer\/","title":{"rendered":"KRISTEN STEWART SE CASA CON SU NOVIA, DYLAN MEYER"},"content":{"rendered":"<p>La protagonista de Spencer confirm\u00f3 que su pareja, quien trabaja como guionista, le propuso matrimonio.<\/p>\n<p>Kristen Stewart confirm\u00f3 que se casar\u00e1 con la guionista Dylan Meyer, luego de dos a\u00f1os de noviazgo. La actriz de 31 a\u00f1os dio a conocer la noticia en el programa radial de Howard Stern. \u201cNos vamos a casar, lo haremos\u201d, revel\u00f3 feliz.<\/p>\n<p>\u201cYo quer\u00eda que ella me propusiera matrimonio, as\u00ed que creo que dej\u00e9 en claro c\u00f3mo quer\u00eda que fuese y ella acert\u00f3. Fue muy lindo, lo hizo muy bien, nos casamos, suceder\u00e1\u201d, remarc\u00f3 la actriz que se encuentra promocionando Spencer, la biopic de Pablo Larra\u00edn sobre la princesa Diana por la que podr\u00eda ser nominada al Oscar.<\/p>\n<blockquote class=\"instagram-media\" style=\"background: #FFF; border: 0; border-radius: 3px; box-shadow: 0 0 1px 0 rgba(0,0,0,0.5),0 1px 10px 0 rgba(0,0,0,0.15); margin: 1px; max-width: 540px; min-width: 326px; padding: 0; width: calc(100% - 2px);\" data-instgrm-captioned=\"\" data-instgrm-permalink=\"https:\/\/www.instagram.com\/p\/CHI3r0xnUmX\/?utm_source=ig_embed&amp;utm_campaign=loading\" data-instgrm-version=\"14\">\n<div style=\"padding: 16px;\">\n<p>&nbsp;<\/p>\n<div style=\"display: flex; flex-direction: row; align-items: center;\">\n<div style=\"background-color: #f4f4f4; border-radius: 50%; flex-grow: 0; height: 40px; margin-right: 14px; width: 40px;\"><\/div>\n<div style=\"display: flex; flex-direction: column; flex-grow: 1; justify-content: center;\">\n<div style=\"background-color: #f4f4f4; border-radius: 4px; flex-grow: 0; height: 14px; margin-bottom: 6px; width: 100px;\"><\/div>\n<div style=\"background-color: #f4f4f4; border-radius: 4px; flex-grow: 0; height: 14px; width: 60px;\"><\/div>\n<\/div>\n<\/div>\n<div style=\"padding: 19% 0;\"><\/div>\n<div style=\"display: block; height: 50px; margin: 0 auto 12px; width: 50px;\"><\/div>\n<div style=\"padding-top: 8px;\">\n<div style=\"color: #3897f0; font-family: Arial,sans-serif; font-size: 14px; font-style: normal; font-weight: 550; line-height: 18px;\">Ver esta publicaci\u00f3n en Instagram<\/div>\n<\/div>\n<div style=\"padding: 12.5% 0;\"><\/div>\n<div style=\"display: flex; flex-direction: row; margin-bottom: 14px; align-items: center;\">\n<div>\n<div style=\"background-color: #f4f4f4; border-radius: 50%; height: 12.5px; width: 12.5px; transform: translateX(0px) translateY(7px);\"><\/div>\n<div style=\"background-color: #f4f4f4; height: 12.5px; transform: rotate(-45deg) translateX(3px) translateY(1px); width: 12.5px; flex-grow: 0; margin-right: 14px; margin-left: 2px;\"><\/div>\n<div style=\"background-color: #f4f4f4; border-radius: 50%; height: 12.5px; width: 12.5px; transform: translateX(9px) translateY(-18px);\"><\/div>\n<\/div>\n<div style=\"margin-left: 8px;\">\n<div style=\"background-color: #f4f4f4; border-radius: 50%; flex-grow: 0; height: 20px; width: 20px;\"><\/div>\n<div style=\"width: 0; height: 0; border-top: 2px solid transparent; border-left: 6px solid #f4f4f4; border-bottom: 2px solid transparent; transform: translateX(16px) translateY(-4px) rotate(30deg);\"><\/div>\n<\/div>\n<div style=\"margin-left: auto;\">\n<div style=\"width: 0px; border-top: 8px solid #F4F4F4; border-right: 8px solid transparent; transform: translateY(16px);\"><\/div>\n<div style=\"background-color: #f4f4f4; flex-grow: 0; height: 12px; width: 16px; transform: translateY(-4px);\"><\/div>\n<div style=\"width: 0; height: 0; border-top: 8px solid #F4F4F4; border-left: 8px solid transparent; transform: translateY(-4px) translateX(8px);\"><\/div>\n<\/div>\n<\/div>\n<div style=\"display: flex; flex-direction: column; flex-grow: 1; justify-content: center; margin-bottom: 24px;\">\n<div style=\"background-color: #f4f4f4; border-radius: 4px; flex-grow: 0; height: 14px; margin-bottom: 6px; width: 224px;\"><\/div>\n<div style=\"background-color: #f4f4f4; border-radius: 4px; flex-grow: 0; height: 14px; width: 144px;\"><\/div>\n<\/div>\n<p>&nbsp;<\/p>\n<p style=\"color: #c9c8cd; font-family: Arial,sans-serif; font-size: 14px; line-height: 17px; margin-bottom: 0; margin-top: 8px; overflow: hidden; padding: 8px 0 7px; text-align: center; text-overflow: ellipsis; white-space: nowrap;\"><a style=\"color: #c9c8cd; font-family: Arial,sans-serif; font-size: 14px; font-style: normal; font-weight: normal; line-height: 17px; text-decoration: none;\" href=\"https:\/\/www.instagram.com\/p\/CHI3r0xnUmX\/?utm_source=ig_embed&amp;utm_campaign=loading\" target=\"_blank\" rel=\"noopener\">Una publicaci\u00f3n compartida de Dylan Meyer (@spillzdylz)<\/a><\/p>\n<\/div>\n<\/blockquote>\n<p><script async src=\"\/\/www.instagram.com\/embed.js\"><\/script><\/p>\n<p>En cuanto a los detalles de la propuesta, Kristen dijo que fue todo muy relajado. \u201cNo hubo algo espec\u00edfico, con dos mujeres vos no sab\u00e9s qui\u00e9n va a cumplir cualquier maldito rol de g\u00e9nero. No queremos pensar en esos t\u00e9rminos, as\u00ed que simplemente sucedi\u00f3\u201d, explic\u00f3, dejando entrever que todo se suscit\u00f3 espont\u00e1neamente.<\/p>\n<p><img decoding=\"async\" class=\"aligncenter wp-image-43281 size-thumbnail lazyload\" data-src=\"https:\/\/www.lasrosas.com.ar\/portal\/wp-content\/uploads\/kristen-stewart-anuncio-que-se-casa-con-su-pareja-dylan-meyer-1263461-640x480.jpg\" alt=\"\" width=\"640\" height=\"480\" src=\"data:image\/svg+xml;base64,PHN2ZyB3aWR0aD0iMSIgaGVpZ2h0PSIxIiB4bWxucz0iaHR0cDovL3d3dy53My5vcmcvMjAwMC9zdmciPjwvc3ZnPg==\" style=\"--smush-placeholder-width: 640px; --smush-placeholder-aspect-ratio: 640\/480;\" \/><\/p>\n<p>Asimismo, habl\u00f3 sobre el momento en el que le confes\u00f3 su amor a la guionista. \u201cEra muy tarde y est\u00e1bamos en un bar de mala muerte con sus amigos, y cuando salimos le dije: \u2018Oh, estoy tan enamorada de vos\u2019, no fue nada espectacular, pero al mismo tiempo era muy obvio lo que me pasaba\u201d, expres\u00f3.<\/p>\n<p>Kristen Stewart estaba promocionando el reboot de Los \u00c1ngeles de Charlie cuando fue vista por primera vez a los besos con Meyer. Sentadas en la entrada de un edificio, con un jugo a cada lado, ambas disfrutaban de una tarde de verano en Nueva York cuando fueron captadas por los paparazzi en agosto de 2019.<\/p>\n<p>Ahora se casan, felicidades.<\/p>\n<!-- AddThis Advanced Settings generic via filter on the_content --><!-- AddThis Share Buttons generic via filter on the_content -->","protected":false},"excerpt":{"rendered":"<p>La protagonista de Spencer confirm\u00f3 que su pareja, quien trabaja como guionista, le propuso matrimonio. Kristen Stewart confirm\u00f3 que se casar\u00e1 con la guionista Dylan Meyer, luego de dos a\u00f1os de noviazgo. La actriz de 31 a\u00f1os dio a conocer la noticia en el programa radial de Howard Stern. \u201cNos vamos a casar, lo haremos\u201d, [&hellip;]<!-- AddThis Advanced Settings generic via filter on get_the_excerpt --><!-- AddThis Share Buttons generic via filter on get_the_excerpt --><\/p>\n","protected":false},"author":6,"featured_media":43282,"comment_status":"closed","ping_status":"open","sticky":false,"template":"","format":"standard","meta":{"_acf_changed":false,"om_disable_all_campaigns":false,"_monsterinsights_skip_tracking":false,"_monsterinsights_sitenote_active":false,"_monsterinsights_sitenote_note":"","_monsterinsights_sitenote_category":0,"_uf_show_specific_survey":0,"_uf_disable_surveys":false,"footnotes":""},"categories":[234,100],"tags":[],"class_list":["post-43280","post","type-post","status-publish","format-standard","has-post-thumbnail","hentry","category-trend","category-noticias"],"acf":[],"aioseo_notices":[],"_links":{"self":[{"href":"https:\/\/www.lasrosas.com.ar\/portal\/wp-json\/wp\/v2\/posts\/43280","targetHints":{"allow":["GET"]}}],"collection":[{"href":"https:\/\/www.lasrosas.com.ar\/portal\/wp-json\/wp\/v2\/posts"}],"about":[{"href":"https:\/\/www.lasrosas.com.ar\/portal\/wp-json\/wp\/v2\/types\/post"}],"author":[{"embeddable":true,"href":"https:\/\/www.lasrosas.com.ar\/portal\/wp-json\/wp\/v2\/users\/6"}],"replies":[{"embeddable":true,"href":"https:\/\/www.lasrosas.com.ar\/portal\/wp-json\/wp\/v2\/comments?post=43280"}],"version-history":[{"count":0,"href":"https:\/\/www.lasrosas.com.ar\/portal\/wp-json\/wp\/v2\/posts\/43280\/revisions"}],"wp:featuredmedia":[{"embeddable":true,"href":"https:\/\/www.lasrosas.com.ar\/portal\/wp-json\/wp\/v2\/media\/43282"}],"wp:attachment":[{"href":"https:\/\/www.lasrosas.com.ar\/portal\/wp-json\/wp\/v2\/media?parent=43280"}],"wp:term":[{"taxonomy":"category","embeddable":true,"href":"https:\/\/www.lasrosas.com.ar\/portal\/wp-json\/wp\/v2\/categories?post=43280"},{"taxonomy":"post_tag","embeddable":true,"href":"https:\/\/www.lasrosas.com.ar\/portal\/wp-json\/wp\/v2\/tags?post=43280"}],"curies":[{"name":"wp","href":"https:\/\/api.w.org\/{rel}","templated":true}]}}