{"id":43185,"date":"2021-11-02T13:05:16","date_gmt":"2021-11-02T16:05:16","guid":{"rendered":"https:\/\/www.lasrosas.com.ar\/portal\/?p=43185"},"modified":"2021-11-02T13:05:16","modified_gmt":"2021-11-02T16:05:16","slug":"forever-free-pride-la-nueva-coleccion-de-puma-y-cara-delevingne","status":"publish","type":"post","link":"https:\/\/www.lasrosas.com.ar\/portal\/forever-free-pride-la-nueva-coleccion-de-puma-y-cara-delevingne\/","title":{"rendered":"FOREVER FREE PRIDE, LA NUEVA COLECCI\u00d3N DE PUMA Y CARA DELEVINGNE"},"content":{"rendered":"<p>Llega a la argentina la nueva colecci\u00f3n de puma y Cara Delevingne por el mes del orgullo.<\/p>\n<p>La compa\u00f1\u00eda deportiva PUMA y la embajadora global de la marca y activista LGBTQIA + Cara Delevingne trabajaron juntos nuevamente para una segunda colecci\u00f3n c\u00e1psula que celebr\u00f3 el Mes del Orgullo en todo el mundo. La colecci\u00f3n Forever Free Pride de este a\u00f1o est\u00e1 dise\u00f1ada para inspirar a otros a liberarse del miedo y creer en s\u00ed mismos.<\/p>\n<p><img decoding=\"async\" class=\"aligncenter wp-image-43187 size-thumbnail lazyload\" data-src=\"https:\/\/www.lasrosas.com.ar\/portal\/wp-content\/uploads\/21SS_RT_Pride_Product_0060_RGB-640x480.jpg\" alt=\"\" width=\"640\" height=\"480\" src=\"data:image\/svg+xml;base64,PHN2ZyB3aWR0aD0iMSIgaGVpZ2h0PSIxIiB4bWxucz0iaHR0cDovL3d3dy53My5vcmcvMjAwMC9zdmciPjwvc3ZnPg==\" style=\"--smush-placeholder-width: 640px; --smush-placeholder-aspect-ratio: 640\/480;\" \/><\/p>\n<p>Esta es la colecci\u00f3n m\u00e1s personal e introspectiva de Cara, inspirada en la idea de que para existir al m\u00e1ximo potencial, debemos expresar y mostrar aquello que nos hace \u00fanicos, de lo contrario, nunca mostraremos nuestro verdadero yo.<\/p>\n<p>\u201cPara mi segunda colaboraci\u00f3n del Orgullo con PUMA, no solo quer\u00eda celebrar el mes del Orgullo, sino tambi\u00e9n honrar la fortaleza de la comunidad, especialmente en los obst\u00e1culos emocionales y hasta de salud ps\u00edquica que ha enfrentado la comunidad LGBTQIA +\u201d, dijo Delevingne. \u00abEstoy muy emocionada por el impacto que podremos lograr con el generoso apoyo financiero que PUMA est\u00e1 haciendo a mi fundaci\u00f3n. Hay muchas organizaciones a las que podremos apoyar gracias a esto\u00bb.<\/p>\n<p>En un esfuerzo por crear conciencia y apoyo en la comunidad, PUMA ha anunciado que el 20% de los ingresos de las ventas de esta colecci\u00f3n se destinar\u00e1 a la Fundaci\u00f3n Cara Delevingne y la Fundaci\u00f3n norteamericana Giving Back, que brindar\u00e1n apoyo a organizaciones ben\u00e9ficas LGBTQIA + en todo el mundo.<\/p>\n\r\n\t\t<style type='text\/css'>\r\n\t\t\t#gallery-1 {\r\n\t\t\t\tmargin: auto;\r\n\t\t\t}\r\n\t\t\t#gallery-1 .gallery-item {\r\n\t\t\t\tfloat: left;\r\n\t\t\t\tmargin-top: 10px;\r\n\t\t\t\ttext-align: center;\r\n\t\t\t\twidth: 50%;\r\n\t\t\t}\r\n\t\t\t#gallery-1 img {\r\n\t\t\t\tborder: 2px solid #cfcfcf;\r\n\t\t\t}\r\n\t\t\t#gallery-1 .gallery-caption {\r\n\t\t\t\tmargin-left: 0;\r\n\t\t\t}\r\n\t\t<\/style>\r\n\t\t<!-- see gallery_shortcode() in wp-includes\/media.php -->\n\t\t<div id='gallery-1' class='gallery galleryid-43185 gallery-columns-2 gallery-size-full gallery1'><script type=\"text\/javascript\">\r\n\/\/ <![CDATA[\r\n\tjQuery(document).ready(function () {\r\n\t\tjQuery(\".gallery1 a\").attr(\"rel\",\"gallery1\");\t\r\n\t\tjQuery('a[rel=\"gallery1\"]').colorbox({maxWidth:\"95%\", maxHeight:\"95%\",title: function(){ return jQuery(this).children().attr(\"alt\"); }, });\r\n\t});\r\n\/\/ ]]>\r\n<\/script>\n<dl class=\"gallery-item\">\n<dt class=\"gallery-icon\">\r\n<a href=\"https:\/\/www.lasrosas.com.ar\/portal\/wp-content\/uploads\/382634_01-1920x1920.jpg\" title=\"\" rel=\"gallery1\"><img decoding=\"async\" data-src=\"https:\/\/www.lasrosas.com.ar\/portal\/wp-content\/uploads\/382634_01.jpg\" width=\"2000\" height=\"2000\" alt=\"\" src=\"data:image\/svg+xml;base64,PHN2ZyB3aWR0aD0iMSIgaGVpZ2h0PSIxIiB4bWxucz0iaHR0cDovL3d3dy53My5vcmcvMjAwMC9zdmciPjwvc3ZnPg==\" class=\"lazyload\" style=\"--smush-placeholder-width: 2000px; --smush-placeholder-aspect-ratio: 2000\/2000;\" \/><\/a>\r\n<\/dt><\/dl><dl class=\"gallery-item\">\n<dt class=\"gallery-icon\">\r\n<a href=\"https:\/\/www.lasrosas.com.ar\/portal\/wp-content\/uploads\/382634_01_sv01-1920x1920.jpg\" title=\"\" rel=\"gallery1\"><img decoding=\"async\" data-src=\"https:\/\/www.lasrosas.com.ar\/portal\/wp-content\/uploads\/382634_01_sv01.jpg\" width=\"2000\" height=\"2000\" alt=\"\" src=\"data:image\/svg+xml;base64,PHN2ZyB3aWR0aD0iMSIgaGVpZ2h0PSIxIiB4bWxucz0iaHR0cDovL3d3dy53My5vcmcvMjAwMC9zdmciPjwvc3ZnPg==\" class=\"lazyload\" style=\"--smush-placeholder-width: 2000px; --smush-placeholder-aspect-ratio: 2000\/2000;\" \/><\/a>\r\n<\/dt><\/dl><br style=\"clear: both\" \/>\r\n\t\t<\/div>\n\n<p>La colecci\u00f3n es unisex e incluye modelos cl\u00e1sicos de PUMA, como las Suede y las Future Rider, con detalles brillantes y coloridos que aportan una sensaci\u00f3n de alegr\u00eda y celebraci\u00f3n.<\/p>\n<p>Adem\u00e1s, Forever Free Pride es parte de la plataforma She Moves Us, la cual destaca a algunas de las principales embajadoras de PUMA para celebrar a todas las mujeres que han hecho avanzar la cultura y el deporte e inspirar a otras alrededor del mundo.<\/p>\n<p><img decoding=\"async\" class=\"aligncenter wp-image-43190 lazyload\" data-src=\"https:\/\/www.lasrosas.com.ar\/portal\/wp-content\/uploads\/21SS_SP_PRIDE_CARA_MODEL_774.jpg\" alt=\"\" width=\"413\" height=\"620\" data-srcset=\"https:\/\/www.lasrosas.com.ar\/portal\/wp-content\/uploads\/21SS_SP_PRIDE_CARA_MODEL_774.jpg 4480w, https:\/\/www.lasrosas.com.ar\/portal\/wp-content\/uploads\/21SS_SP_PRIDE_CARA_MODEL_774-640x960.jpg 640w, https:\/\/www.lasrosas.com.ar\/portal\/wp-content\/uploads\/21SS_SP_PRIDE_CARA_MODEL_774-1280x1920.jpg 1280w\" data-sizes=\"(max-width: 413px) 100vw, 413px\" src=\"data:image\/svg+xml;base64,PHN2ZyB3aWR0aD0iMSIgaGVpZ2h0PSIxIiB4bWxucz0iaHR0cDovL3d3dy53My5vcmcvMjAwMC9zdmciPjwvc3ZnPg==\" style=\"--smush-placeholder-width: 413px; --smush-placeholder-aspect-ratio: 413\/620;\" \/><\/p>\n<p>La colecci\u00f3n Forever Free Pride estar\u00e1 disponible desde el 2 de noviembre en PUMA.COM, todos los PUMA Stores y DIONYSOS.<\/p>\n<!-- AddThis Advanced Settings generic via filter on the_content --><!-- AddThis Share Buttons generic via filter on the_content -->","protected":false},"excerpt":{"rendered":"<p>Llega a la argentina la nueva colecci\u00f3n de puma y Cara Delevingne por el mes del orgullo. La compa\u00f1\u00eda deportiva PUMA y la embajadora global de la marca y activista LGBTQIA + Cara Delevingne trabajaron juntos nuevamente para una segunda colecci\u00f3n c\u00e1psula que celebr\u00f3 el Mes del Orgullo en todo el mundo. La colecci\u00f3n Forever [&hellip;]<!-- AddThis Advanced Settings generic via filter on get_the_excerpt --><!-- AddThis Share Buttons generic via filter on get_the_excerpt --><\/p>\n","protected":false},"author":6,"featured_media":43186,"comment_status":"closed","ping_status":"open","sticky":false,"template":"","format":"standard","meta":{"_acf_changed":false,"om_disable_all_campaigns":false,"_monsterinsights_skip_tracking":false,"_monsterinsights_sitenote_active":false,"_monsterinsights_sitenote_note":"","_monsterinsights_sitenote_category":0,"_uf_show_specific_survey":0,"_uf_disable_surveys":false,"footnotes":""},"categories":[240,100],"tags":[],"class_list":["post-43185","post","type-post","status-publish","format-standard","has-post-thumbnail","hentry","category-gc1","category-noticias"],"acf":[],"aioseo_notices":[],"_links":{"self":[{"href":"https:\/\/www.lasrosas.com.ar\/portal\/wp-json\/wp\/v2\/posts\/43185","targetHints":{"allow":["GET"]}}],"collection":[{"href":"https:\/\/www.lasrosas.com.ar\/portal\/wp-json\/wp\/v2\/posts"}],"about":[{"href":"https:\/\/www.lasrosas.com.ar\/portal\/wp-json\/wp\/v2\/types\/post"}],"author":[{"embeddable":true,"href":"https:\/\/www.lasrosas.com.ar\/portal\/wp-json\/wp\/v2\/users\/6"}],"replies":[{"embeddable":true,"href":"https:\/\/www.lasrosas.com.ar\/portal\/wp-json\/wp\/v2\/comments?post=43185"}],"version-history":[{"count":0,"href":"https:\/\/www.lasrosas.com.ar\/portal\/wp-json\/wp\/v2\/posts\/43185\/revisions"}],"wp:featuredmedia":[{"embeddable":true,"href":"https:\/\/www.lasrosas.com.ar\/portal\/wp-json\/wp\/v2\/media\/43186"}],"wp:attachment":[{"href":"https:\/\/www.lasrosas.com.ar\/portal\/wp-json\/wp\/v2\/media?parent=43185"}],"wp:term":[{"taxonomy":"category","embeddable":true,"href":"https:\/\/www.lasrosas.com.ar\/portal\/wp-json\/wp\/v2\/categories?post=43185"},{"taxonomy":"post_tag","embeddable":true,"href":"https:\/\/www.lasrosas.com.ar\/portal\/wp-json\/wp\/v2\/tags?post=43185"}],"curies":[{"name":"wp","href":"https:\/\/api.w.org\/{rel}","templated":true}]}}