{"id":43029,"date":"2021-10-29T12:30:47","date_gmt":"2021-10-29T15:30:47","guid":{"rendered":"https:\/\/www.lasrosas.com.ar\/portal\/?p=43029"},"modified":"2021-10-29T12:36:04","modified_gmt":"2021-10-29T15:36:04","slug":"casi-2-decadas-despues-vuelve-pasion-de-gavilanes","status":"publish","type":"post","link":"https:\/\/www.lasrosas.com.ar\/portal\/casi-2-decadas-despues-vuelve-pasion-de-gavilanes\/","title":{"rendered":"CASI 2 D\u00c9CADAS DESPU\u00c9S VUELVE PASI\u00d3N DE GAVILANES"},"content":{"rendered":"<p>Casi 20 a\u00f1os despu\u00e9s, la telenovela colombiana que se convirti\u00f3 en \u00e9xito mundial tendr\u00e1 una segunda temporada.<\/p>\n<p><img decoding=\"async\" class=\"aligncenter wp-image-43036 lazyload\" data-src=\"https:\/\/www.lasrosas.com.ar\/portal\/wp-content\/uploads\/16345997517763.jpg\" alt=\"\" width=\"628\" height=\"353\" data-srcset=\"https:\/\/www.lasrosas.com.ar\/portal\/wp-content\/uploads\/16345997517763.jpg 1980w, https:\/\/www.lasrosas.com.ar\/portal\/wp-content\/uploads\/16345997517763-960x540.jpg 960w, https:\/\/www.lasrosas.com.ar\/portal\/wp-content\/uploads\/16345997517763-1920x1080.jpg 1920w\" data-sizes=\"(max-width: 628px) 100vw, 628px\" src=\"data:image\/svg+xml;base64,PHN2ZyB3aWR0aD0iMSIgaGVpZ2h0PSIxIiB4bWxucz0iaHR0cDovL3d3dy53My5vcmcvMjAwMC9zdmciPjwvc3ZnPg==\" style=\"--smush-placeholder-width: 628px; --smush-placeholder-aspect-ratio: 628\/353;\" \/><\/p>\n<p>La telenovela Pasi\u00f3n de Gavilanes tendr\u00e1 una segunda temporada y contar\u00e1 con los protagonistas iniciales, as\u00ed lo ha confirmado la cadena de televisi\u00f3n Telemundo. A trav\u00e9s de un comunicado oficial se han conocido m\u00e1s detalles sobre esta secuela.<\/p>\n<p>\u00abLuego del \u00e9xito mundial de la primera temporada, nos entusiasma dar inicio a la producci\u00f3n de Pasi\u00f3n de Gavilanes II y poder reunir al elenco original casi 20 a\u00f1os despu\u00e9s para continuar esta maravillosa historia\u00bb.<\/p>\n<p><img decoding=\"async\" class=\"aligncenter wp-image-43033 size-thumbnail lazyload\" data-src=\"https:\/\/www.lasrosas.com.ar\/portal\/wp-content\/uploads\/f1280x720-1056043_1187718_5050-640x480.jpg\" alt=\"\" width=\"640\" height=\"480\" src=\"data:image\/svg+xml;base64,PHN2ZyB3aWR0aD0iMSIgaGVpZ2h0PSIxIiB4bWxucz0iaHR0cDovL3d3dy53My5vcmcvMjAwMC9zdmciPjwvc3ZnPg==\" style=\"--smush-placeholder-width: 640px; --smush-placeholder-aspect-ratio: 640\/480;\" \/><\/p>\n<p>Entre las sorpresas que esconde esta nueva entrega est\u00e1n los actores. El secreto mejor guardado se ha desvelado este lunes en un v\u00eddeo promocional. En \u00e9l se puede ver el reencuentro de 5 de los 6 protagonistas originales, que ya han comenzado a grabar las primeras escenas en Villa de Leyva, Bogot\u00e1.<\/p>\n<p>Entre ellos est\u00e1n Danna Garc\u00eda (Norma), Mario Cimarro (Juan), Paola Rey (Jimena), Juan Alfonso Baptista (Reyes) y Natasha Klauss (Sarita). Quien no estar\u00e1 ser\u00e1 Michel Brown (Franco) porque, seg\u00fan explic\u00f3, el rodaje le coincide con otro proyecto.<\/p>\n<p><img decoding=\"async\" class=\"aligncenter wp-image-43032 lazyload\" data-src=\"https:\/\/www.lasrosas.com.ar\/portal\/wp-content\/uploads\/original-Pasion-gavilanes-regresa-historia_525557447_41388_1440x600.jpg\" alt=\"\" width=\"569\" height=\"237\" data-srcset=\"https:\/\/www.lasrosas.com.ar\/portal\/wp-content\/uploads\/original-Pasion-gavilanes-regresa-historia_525557447_41388_1440x600.jpg 1440w, https:\/\/www.lasrosas.com.ar\/portal\/wp-content\/uploads\/original-Pasion-gavilanes-regresa-historia_525557447_41388_1440x600-960x400.jpg 960w\" data-sizes=\"(max-width: 569px) 100vw, 569px\" src=\"data:image\/svg+xml;base64,PHN2ZyB3aWR0aD0iMSIgaGVpZ2h0PSIxIiB4bWxucz0iaHR0cDovL3d3dy53My5vcmcvMjAwMC9zdmciPjwvc3ZnPg==\" style=\"--smush-placeholder-width: 569px; --smush-placeholder-aspect-ratio: 569\/237;\" \/><\/p>\n<p>No esperes los nuevo episodios antes de 2022. Este a\u00f1o comenzar\u00e1n las grabaciones y no ser\u00e1 hasta el siguiente cuando podamos volver a escuchar esa intro tan pegadiza. Hasta entonces, puedes disfrutar de los 188 cap\u00edtulos de la temporada 1 en Netflix y Atresplayer Premium.<\/p>\n<blockquote class=\"twitter-tweet\">\n<p dir=\"ltr\" lang=\"es\">\u00a1Confirmado! &#x1f4e3; El elenco original de <a href=\"https:\/\/twitter.com\/hashtag\/PasionDeGavilanes?src=hash&amp;ref_src=twsrc%5Etfw\">#PasionDeGavilanes<\/a> se une a la nueva temporada en 2022 &#x1f973; Aqu\u00ed un adelanto del emocionante reencuentro &#x1f449;&#x1f3fc; RT si te hace feliz la noticia y sigue <a href=\"https:\/\/twitter.com\/PasionGavilanes?ref_src=twsrc%5Etfw\">@PasionGavilanes<\/a> para que te enteres de todo lo que viene <a href=\"https:\/\/twitter.com\/hashtag\/PDG2?src=hash&amp;ref_src=twsrc%5Etfw\">#PDG2<\/a> <a href=\"https:\/\/twitter.com\/DannaGarcia?ref_src=twsrc%5Etfw\">@DannaGarcia<\/a> <a href=\"https:\/\/twitter.com\/MarioCimarro?ref_src=twsrc%5Etfw\">@MarioCimarro<\/a> <a href=\"https:\/\/t.co\/MC0wXDyyLv\">pic.twitter.com\/MC0wXDyyLv<\/a><\/p>\n<p>\u2014 Telemundo (@Telemundo) <a href=\"https:\/\/twitter.com\/Telemundo\/status\/1450133390880124937?ref_src=twsrc%5Etfw\">October 18, 2021<\/a><\/p><\/blockquote>\n<p><script async src=\"https:\/\/platform.twitter.com\/widgets.js\" charset=\"utf-8\"><\/script><\/p>\n<!-- AddThis Advanced Settings generic via filter on the_content --><!-- AddThis Share Buttons generic via filter on the_content -->","protected":false},"excerpt":{"rendered":"<p>Casi 20 a\u00f1os despu\u00e9s, la telenovela colombiana que se convirti\u00f3 en \u00e9xito mundial tendr\u00e1 una segunda temporada. La telenovela Pasi\u00f3n de Gavilanes tendr\u00e1 una segunda temporada y contar\u00e1 con los protagonistas iniciales, as\u00ed lo ha confirmado la cadena de televisi\u00f3n Telemundo. A trav\u00e9s de un comunicado oficial se han conocido m\u00e1s detalles sobre esta secuela. [&hellip;]<!-- AddThis Advanced Settings generic via filter on get_the_excerpt --><!-- AddThis Share Buttons generic via filter on get_the_excerpt --><\/p>\n","protected":false},"author":6,"featured_media":43038,"comment_status":"closed","ping_status":"open","sticky":false,"template":"","format":"standard","meta":{"_acf_changed":false,"om_disable_all_campaigns":false,"_monsterinsights_skip_tracking":false,"_monsterinsights_sitenote_active":false,"_monsterinsights_sitenote_note":"","_monsterinsights_sitenote_category":0,"_uf_show_specific_survey":0,"_uf_disable_surveys":false,"footnotes":""},"categories":[100],"tags":[],"class_list":["post-43029","post","type-post","status-publish","format-standard","has-post-thumbnail","hentry","category-noticias"],"acf":[],"aioseo_notices":[],"_links":{"self":[{"href":"https:\/\/www.lasrosas.com.ar\/portal\/wp-json\/wp\/v2\/posts\/43029","targetHints":{"allow":["GET"]}}],"collection":[{"href":"https:\/\/www.lasrosas.com.ar\/portal\/wp-json\/wp\/v2\/posts"}],"about":[{"href":"https:\/\/www.lasrosas.com.ar\/portal\/wp-json\/wp\/v2\/types\/post"}],"author":[{"embeddable":true,"href":"https:\/\/www.lasrosas.com.ar\/portal\/wp-json\/wp\/v2\/users\/6"}],"replies":[{"embeddable":true,"href":"https:\/\/www.lasrosas.com.ar\/portal\/wp-json\/wp\/v2\/comments?post=43029"}],"version-history":[{"count":0,"href":"https:\/\/www.lasrosas.com.ar\/portal\/wp-json\/wp\/v2\/posts\/43029\/revisions"}],"wp:featuredmedia":[{"embeddable":true,"href":"https:\/\/www.lasrosas.com.ar\/portal\/wp-json\/wp\/v2\/media\/43038"}],"wp:attachment":[{"href":"https:\/\/www.lasrosas.com.ar\/portal\/wp-json\/wp\/v2\/media?parent=43029"}],"wp:term":[{"taxonomy":"category","embeddable":true,"href":"https:\/\/www.lasrosas.com.ar\/portal\/wp-json\/wp\/v2\/categories?post=43029"},{"taxonomy":"post_tag","embeddable":true,"href":"https:\/\/www.lasrosas.com.ar\/portal\/wp-json\/wp\/v2\/tags?post=43029"}],"curies":[{"name":"wp","href":"https:\/\/api.w.org\/{rel}","templated":true}]}}