{"id":42838,"date":"2021-10-26T12:45:25","date_gmt":"2021-10-26T15:45:25","guid":{"rendered":"https:\/\/www.lasrosas.com.ar\/portal\/?p=42838"},"modified":"2021-10-26T12:45:25","modified_gmt":"2021-10-26T15:45:25","slug":"anya-taylor-joy-consagrada-como-actriz-y-como-icono-de-estilo","status":"publish","type":"post","link":"https:\/\/www.lasrosas.com.ar\/portal\/anya-taylor-joy-consagrada-como-actriz-y-como-icono-de-estilo\/","title":{"rendered":"ANYA TAYLOR-JOY, CONSAGRADA COMO ACTRIZ Y COMO \u00cdCONO DE ESTILO"},"content":{"rendered":"<p>La actriz anglo argentina fue elegida como embajadora de la l\u00ednea de belleza de Dior, la firma que ya la vest\u00eda con sus dise\u00f1os para sus apariciones p\u00fablicas en la red carpet.<\/p>\n<p>Hace tiempo que\u00a0<strong>Anya Taylor-Joy<\/strong>\u00a0es la actriz del momento: su espectacular actuaci\u00f3n Gambito de dama la convirti\u00f3 en un fen\u00f3meno global. Tras ese \u00e9xito de Netflix, la actriz acumul\u00f3 decenas de proyectos en muy poco tiempo.<\/p>\n<p>Adem\u00e1s de haber ganado el Globo de Oro y el premio del Sindicato de Actores por su papel en la serie de la plataforma. A ra\u00edz de su alto perfil y de su actitud, una marca de lujo ha puso sus ojos en ella.<\/p>\n<p><img decoding=\"async\" class=\"aligncenter wp-image-42839 size-thumbnail lazyload\" data-src=\"https:\/\/www.lasrosas.com.ar\/portal\/wp-content\/uploads\/anya-taylor-joy-t-640x480.jpg\" alt=\"\" width=\"640\" height=\"480\" src=\"data:image\/svg+xml;base64,PHN2ZyB3aWR0aD0iMSIgaGVpZ2h0PSIxIiB4bWxucz0iaHR0cDovL3d3dy53My5vcmcvMjAwMC9zdmciPjwvc3ZnPg==\" style=\"--smush-placeholder-width: 640px; --smush-placeholder-aspect-ratio: 640\/480;\" \/><\/p>\n<p>La actriz se asoci\u00f3 a Dior, y ser\u00e1 una de las responsables de lucir los dise\u00f1os de la directora creativa de la colecci\u00f3n femenina de la maison, Maria Grazia Chiuri. La firma busca ahora conceptos globales, con lo que -adem\u00e1s de ser una de sus embajadoras en la moda- tambi\u00e9n ser\u00e1 uno de los rostros elegidos para que uno de sus creativos m\u00e1s destacados, el director de maquillaje, Peter Philips, se inspire en ella como lienzo para sus composiciones de color y maquillaje.<\/p>\n<p>Sab\u00edamos que hab\u00eda cautivado al p\u00fablico a nivel mundial, tambi\u00e9n a los cr\u00edticos y profesionales del sector, pero con este fichaje las marcas de lujo se acaban de rendir a sus pies con un contrato por el medio, algo que a muchas otras int\u00e9rpretes les ha costado d\u00e9cadas conseguir.<\/p>\n<p><img decoding=\"async\" class=\"aligncenter wp-image-42840 size-thumbnail lazyload\" data-src=\"https:\/\/www.lasrosas.com.ar\/portal\/wp-content\/uploads\/anya-taylor-joy-es-la-nueva-embajadora-de-moda-y-makeup-de-dior-1255523-640x480.jpg\" alt=\"\" width=\"640\" height=\"480\" src=\"data:image\/svg+xml;base64,PHN2ZyB3aWR0aD0iMSIgaGVpZ2h0PSIxIiB4bWxucz0iaHR0cDovL3d3dy53My5vcmcvMjAwMC9zdmciPjwvc3ZnPg==\" style=\"--smush-placeholder-width: 640px; --smush-placeholder-aspect-ratio: 640\/480;\" \/><\/p>\n<p>La actriz, que naci\u00f3 en Miami (Estados Unidos), ser\u00e1 la nueva embajadora de la firma francesa, un personaje que encaja perfectamente con los que eligen desde\u00a0Par\u00eds para mostrar un Dior m\u00e1s global.\u00a0Vivi\u00f3 seis a\u00f1os de peque\u00f1a en Argentina, hija de padre argentino con ra\u00edces escocesas y madre oriunda de Zambia pero con ancestros ingleses y espa\u00f1oles: \u00abSoy muy apasionada y supongo que eso viene de mi abuela espa\u00f1ola. Cuando me enfado, insulto en castellano. Adem\u00e1s, los espa\u00f1oles tienen una pasi\u00f3n por la vida que yo comparto\u00bb, dijo recientemente la actriz en una entrevista para &#8216;La Vanguardia&#8217;. Anya habla espa\u00f1ol (con acento porte\u00f1o) e ingl\u00e9s a la perfecci\u00f3n.<\/p>\n<p><img decoding=\"async\" class=\"aligncenter wp-image-42841 size-thumbnail lazyload\" data-src=\"https:\/\/www.lasrosas.com.ar\/portal\/wp-content\/uploads\/KVY5BU7XOZFA5N73J6WOC7JZFE-640x480.jpg\" alt=\"\" width=\"640\" height=\"480\" src=\"data:image\/svg+xml;base64,PHN2ZyB3aWR0aD0iMSIgaGVpZ2h0PSIxIiB4bWxucz0iaHR0cDovL3d3dy53My5vcmcvMjAwMC9zdmciPjwvc3ZnPg==\" style=\"--smush-placeholder-width: 640px; --smush-placeholder-aspect-ratio: 640\/480;\" \/><\/p>\n<p>Con tan solo 25 a\u00f1os, la carrera de Anya Taylor-Joy est\u00e1 lanzada al estrellato y parece imparable. Est\u00e1 claro que\u00a0<strong>Sarah Doukas<\/strong>, la agente de modelos que la fich\u00f3 en sus inicios y que tambi\u00e9n fue la responsable de lanzar, entre otras,\u00a0las carreras de\u00a0Kate Moss\u00a0y\u00a0<strong>Cara Delevingne<\/strong><strong>,<\/strong>\u00a0tuvo muy buen ojo.<\/p>\n<!-- AddThis Advanced Settings generic via filter on the_content --><!-- AddThis Share Buttons generic via filter on the_content -->","protected":false},"excerpt":{"rendered":"<p>La actriz anglo argentina fue elegida como embajadora de la l\u00ednea de belleza de Dior, la firma que ya la vest\u00eda con sus dise\u00f1os para sus apariciones p\u00fablicas en la red carpet. Hace tiempo que\u00a0Anya Taylor-Joy\u00a0es la actriz del momento: su espectacular actuaci\u00f3n Gambito de dama la convirti\u00f3 en un fen\u00f3meno global. Tras ese \u00e9xito [&hellip;]<!-- AddThis Advanced Settings generic via filter on get_the_excerpt --><!-- AddThis Share Buttons generic via filter on get_the_excerpt --><\/p>\n","protected":false},"author":6,"featured_media":42842,"comment_status":"closed","ping_status":"open","sticky":false,"template":"","format":"standard","meta":{"_acf_changed":false,"om_disable_all_campaigns":false,"_monsterinsights_skip_tracking":false,"_monsterinsights_sitenote_active":false,"_monsterinsights_sitenote_note":"","_monsterinsights_sitenote_category":0,"_uf_show_specific_survey":0,"_uf_disable_surveys":false,"footnotes":""},"categories":[234,100],"tags":[],"class_list":["post-42838","post","type-post","status-publish","format-standard","has-post-thumbnail","hentry","category-trend","category-noticias"],"acf":[],"aioseo_notices":[],"_links":{"self":[{"href":"https:\/\/www.lasrosas.com.ar\/portal\/wp-json\/wp\/v2\/posts\/42838","targetHints":{"allow":["GET"]}}],"collection":[{"href":"https:\/\/www.lasrosas.com.ar\/portal\/wp-json\/wp\/v2\/posts"}],"about":[{"href":"https:\/\/www.lasrosas.com.ar\/portal\/wp-json\/wp\/v2\/types\/post"}],"author":[{"embeddable":true,"href":"https:\/\/www.lasrosas.com.ar\/portal\/wp-json\/wp\/v2\/users\/6"}],"replies":[{"embeddable":true,"href":"https:\/\/www.lasrosas.com.ar\/portal\/wp-json\/wp\/v2\/comments?post=42838"}],"version-history":[{"count":0,"href":"https:\/\/www.lasrosas.com.ar\/portal\/wp-json\/wp\/v2\/posts\/42838\/revisions"}],"wp:featuredmedia":[{"embeddable":true,"href":"https:\/\/www.lasrosas.com.ar\/portal\/wp-json\/wp\/v2\/media\/42842"}],"wp:attachment":[{"href":"https:\/\/www.lasrosas.com.ar\/portal\/wp-json\/wp\/v2\/media?parent=42838"}],"wp:term":[{"taxonomy":"category","embeddable":true,"href":"https:\/\/www.lasrosas.com.ar\/portal\/wp-json\/wp\/v2\/categories?post=42838"},{"taxonomy":"post_tag","embeddable":true,"href":"https:\/\/www.lasrosas.com.ar\/portal\/wp-json\/wp\/v2\/tags?post=42838"}],"curies":[{"name":"wp","href":"https:\/\/api.w.org\/{rel}","templated":true}]}}