{"id":42792,"date":"2021-10-25T14:15:23","date_gmt":"2021-10-25T17:15:23","guid":{"rendered":"https:\/\/www.lasrosas.com.ar\/portal\/?p=42792"},"modified":"2021-10-25T14:15:23","modified_gmt":"2021-10-25T17:15:23","slug":"letizia-ortiz-se-convierte-en-la-reina-del-estilo-del-siglo-xxi","status":"publish","type":"post","link":"https:\/\/www.lasrosas.com.ar\/portal\/letizia-ortiz-se-convierte-en-la-reina-del-estilo-del-siglo-xxi\/","title":{"rendered":"LETIZIA ORTIZ, SE CONVIERTE EN LA REINA DEL ESTILO DEL SIGLO XXI"},"content":{"rendered":"<p>La reina de Espa\u00f1a sorprendi\u00f3 con una impecable propuesta estil\u00edstica. Con un elegante vestido de color negro, con vol\u00famen y detalles de mo\u00f1os es por lejos, uno de sus mejores looks.<\/p>\n<p><img decoding=\"async\" class=\"aligncenter wp-image-42795 size-thumbnail lazyload\" data-src=\"https:\/\/www.lasrosas.com.ar\/portal\/wp-content\/uploads\/letizia-ortiz-640x480.jpg\" alt=\"\" width=\"640\" height=\"480\" src=\"data:image\/svg+xml;base64,PHN2ZyB3aWR0aD0iMSIgaGVpZ2h0PSIxIiB4bWxucz0iaHR0cDovL3d3dy53My5vcmcvMjAwMC9zdmciPjwvc3ZnPg==\" style=\"--smush-placeholder-width: 640px; --smush-placeholder-aspect-ratio: 640\/480;\" \/><\/p>\n<p>Para Espa\u00f1a le entrega de los Premios Princesa de Asturias es un acto muy importante al que asiste toda la realeza espa\u00f1ola.<\/p>\n<p>En esta ocasi\u00f3n, la reina Letizia, una vez m\u00e1s, deslumbr\u00f3 con su elegancia y sofisticaci\u00f3n el poder del \u00abtotal black\u00bb en un voluminoso vestido.<\/p>\n\r\n\t\t<style type='text\/css'>\r\n\t\t\t#gallery-1 {\r\n\t\t\t\tmargin: auto;\r\n\t\t\t}\r\n\t\t\t#gallery-1 .gallery-item {\r\n\t\t\t\tfloat: left;\r\n\t\t\t\tmargin-top: 10px;\r\n\t\t\t\ttext-align: center;\r\n\t\t\t\twidth: 50%;\r\n\t\t\t}\r\n\t\t\t#gallery-1 img {\r\n\t\t\t\tborder: 2px solid #cfcfcf;\r\n\t\t\t}\r\n\t\t\t#gallery-1 .gallery-caption {\r\n\t\t\t\tmargin-left: 0;\r\n\t\t\t}\r\n\t\t<\/style>\r\n\t\t<!-- see gallery_shortcode() in wp-includes\/media.php -->\n\t\t<div id='gallery-1' class='gallery galleryid-42792 gallery-columns-2 gallery-size-full gallery1'><script type=\"text\/javascript\">\r\n\/\/ <![CDATA[\r\n\tjQuery(document).ready(function () {\r\n\t\tjQuery(\".gallery1 a\").attr(\"rel\",\"gallery1\");\t\r\n\t\tjQuery('a[rel=\"gallery1\"]').colorbox({maxWidth:\"95%\", maxHeight:\"95%\",title: function(){ return jQuery(this).children().attr(\"alt\"); }, });\r\n\t});\r\n\/\/ ]]>\r\n<\/script>\n<dl class=\"gallery-item\">\n<dt class=\"gallery-icon\">\r\n<a href=\"https:\/\/www.lasrosas.com.ar\/portal\/wp-content\/uploads\/letizia-1-2-e1635182084666.jpg\" title=\"\" rel=\"gallery1\"><img decoding=\"async\" data-src=\"https:\/\/www.lasrosas.com.ar\/portal\/wp-content\/uploads\/letizia-1-2-e1635182084666.jpg\" width=\"737\" height=\"1054\" alt=\"\" src=\"data:image\/svg+xml;base64,PHN2ZyB3aWR0aD0iMSIgaGVpZ2h0PSIxIiB4bWxucz0iaHR0cDovL3d3dy53My5vcmcvMjAwMC9zdmciPjwvc3ZnPg==\" class=\"lazyload\" style=\"--smush-placeholder-width: 737px; --smush-placeholder-aspect-ratio: 737\/1054;\" \/><\/a>\r\n<\/dt><\/dl><dl class=\"gallery-item\">\n<dt class=\"gallery-icon\">\r\n<a href=\"https:\/\/www.lasrosas.com.ar\/portal\/wp-content\/uploads\/9325d10e-6771-4226-b84d-20d2f12f3b40-1327x1920.jpeg\" title=\"\" rel=\"gallery1\"><img decoding=\"async\" data-src=\"https:\/\/www.lasrosas.com.ar\/portal\/wp-content\/uploads\/9325d10e-6771-4226-b84d-20d2f12f3b40.jpeg\" width=\"2614\" height=\"3783\" alt=\"\" src=\"data:image\/svg+xml;base64,PHN2ZyB3aWR0aD0iMSIgaGVpZ2h0PSIxIiB4bWxucz0iaHR0cDovL3d3dy53My5vcmcvMjAwMC9zdmciPjwvc3ZnPg==\" class=\"lazyload\" style=\"--smush-placeholder-width: 2614px; --smush-placeholder-aspect-ratio: 2614\/3783;\" \/><\/a>\r\n<\/dt><\/dl><br style=\"clear: both\" \/>\r\n\t\t<\/div>\n\n<p>La cita se di\u00f3 en el Teatro Campoamor y all\u00ed la monarca se luci\u00f3 gracias a su elecci\u00f3n estil\u00edstica. Llev\u00f3 un total look black compuesto por un vestido de 2nd Skin Co, un dise\u00f1o sin mangas, con falda con mucho vuelo, cintura entallada, y grandes mo\u00f1os a cada lado.<\/p>\n<p>Complet\u00f3 el look con un clutch negro trenzado, stilettos alt\u00edsimos y pulseras tipo brazalete.<\/p>\n<p>Como es habitual en sus actos de noche, Letizia llev\u00f3 su pelo recogido con raya al medio y un rodete bien bajo.<\/p>\n<!-- AddThis Advanced Settings generic via filter on the_content --><!-- AddThis Share Buttons generic via filter on the_content -->","protected":false},"excerpt":{"rendered":"<p>La reina de Espa\u00f1a sorprendi\u00f3 con una impecable propuesta estil\u00edstica. Con un elegante vestido de color negro, con vol\u00famen y detalles de mo\u00f1os es por lejos, uno de sus mejores looks. Para Espa\u00f1a le entrega de los Premios Princesa de Asturias es un acto muy importante al que asiste toda la realeza espa\u00f1ola. En esta [&hellip;]<!-- AddThis Advanced Settings generic via filter on get_the_excerpt --><!-- AddThis Share Buttons generic via filter on get_the_excerpt --><\/p>\n","protected":false},"author":6,"featured_media":42796,"comment_status":"closed","ping_status":"open","sticky":false,"template":"","format":"standard","meta":{"_acf_changed":false,"om_disable_all_campaigns":false,"_monsterinsights_skip_tracking":false,"_monsterinsights_sitenote_active":false,"_monsterinsights_sitenote_note":"","_monsterinsights_sitenote_category":0,"_uf_show_specific_survey":0,"_uf_disable_surveys":false,"footnotes":""},"categories":[100,30],"tags":[],"class_list":["post-42792","post","type-post","status-publish","format-standard","has-post-thumbnail","hentry","category-noticias","category-moda"],"acf":[],"aioseo_notices":[],"_links":{"self":[{"href":"https:\/\/www.lasrosas.com.ar\/portal\/wp-json\/wp\/v2\/posts\/42792","targetHints":{"allow":["GET"]}}],"collection":[{"href":"https:\/\/www.lasrosas.com.ar\/portal\/wp-json\/wp\/v2\/posts"}],"about":[{"href":"https:\/\/www.lasrosas.com.ar\/portal\/wp-json\/wp\/v2\/types\/post"}],"author":[{"embeddable":true,"href":"https:\/\/www.lasrosas.com.ar\/portal\/wp-json\/wp\/v2\/users\/6"}],"replies":[{"embeddable":true,"href":"https:\/\/www.lasrosas.com.ar\/portal\/wp-json\/wp\/v2\/comments?post=42792"}],"version-history":[{"count":0,"href":"https:\/\/www.lasrosas.com.ar\/portal\/wp-json\/wp\/v2\/posts\/42792\/revisions"}],"wp:featuredmedia":[{"embeddable":true,"href":"https:\/\/www.lasrosas.com.ar\/portal\/wp-json\/wp\/v2\/media\/42796"}],"wp:attachment":[{"href":"https:\/\/www.lasrosas.com.ar\/portal\/wp-json\/wp\/v2\/media?parent=42792"}],"wp:term":[{"taxonomy":"category","embeddable":true,"href":"https:\/\/www.lasrosas.com.ar\/portal\/wp-json\/wp\/v2\/categories?post=42792"},{"taxonomy":"post_tag","embeddable":true,"href":"https:\/\/www.lasrosas.com.ar\/portal\/wp-json\/wp\/v2\/tags?post=42792"}],"curies":[{"name":"wp","href":"https:\/\/api.w.org\/{rel}","templated":true}]}}