{"id":42675,"date":"2021-10-22T13:15:53","date_gmt":"2021-10-22T16:15:53","guid":{"rendered":"https:\/\/www.lasrosas.com.ar\/portal\/?p=42675"},"modified":"2021-10-22T11:38:43","modified_gmt":"2021-10-22T14:38:43","slug":"selena-gomez-es-fan-de-su-nuevo-look","status":"publish","type":"post","link":"https:\/\/www.lasrosas.com.ar\/portal\/selena-gomez-es-fan-de-su-nuevo-look\/","title":{"rendered":"SELENA G\u00d3MEZ ES FAN DE SU NUEVO LOOK"},"content":{"rendered":"<p><em>Presume con orgullo su nueva y dr\u00e1stico cambio de imagen con el que dice sentirse fabulosa.<\/em><\/p>\n<p><em>Ya us\u00f3 el cabello rubio para el debut de su l\u00ednea de belleza en abril. Al parecer la cantante lleg\u00f3 a la conclusi\u00f3n que ese color le sienta mejor y la hace m\u00e1s divertid por lo que se aventur\u00f3 a permanecer con su cabellera dorada para la nueva temporada de su programa de cocina &#8216;Selena + Chef&#8217;, en una plataforma de series.<\/em><\/p>\n<p><em><img decoding=\"async\" class=\"aligncenter wp-image-42676 lazyload\" data-src=\"https:\/\/www.lasrosas.com.ar\/portal\/wp-content\/uploads\/FBHw2SjWUAAUkRy.jpg\" alt=\"\" width=\"1088\" height=\"1088\" data-srcset=\"https:\/\/www.lasrosas.com.ar\/portal\/wp-content\/uploads\/FBHw2SjWUAAUkRy.jpg 1200w, https:\/\/www.lasrosas.com.ar\/portal\/wp-content\/uploads\/FBHw2SjWUAAUkRy-960x960.jpg 960w\" data-sizes=\"(max-width: 1088px) 100vw, 1088px\" src=\"data:image\/svg+xml;base64,PHN2ZyB3aWR0aD0iMSIgaGVpZ2h0PSIxIiB4bWxucz0iaHR0cDovL3d3dy53My5vcmcvMjAwMC9zdmciPjwvc3ZnPg==\" style=\"--smush-placeholder-width: 1088px; --smush-placeholder-aspect-ratio: 1088\/1088;\" \/><\/em><\/p>\n<p><em>La cantante confirm\u00f3 que permanecer\u00e1 en la lista de rubias Hollywood hasta nuevo aviso, seg\u00fan report\u00f3 People.<\/em><\/p>\n<p><strong><em>\u00abMe lo quedo, me lo quedo\u00bb<\/em><\/strong><em>, asegur\u00f3\u00a0<\/em><strong><em>Selena G\u00f3mez\u00a0<\/em><\/strong><em>programa\u00a0<\/em><em>E! News<\/em><em>.\u00a0<\/em><em>\u00abNo se va a ninguna parte\u00bb.<\/em><\/p>\n<p><em>El nuevo tono rubio platinado con ra\u00edces obscuras estuvo a cargo de su equipo de coloristas de cabecera, que pasaron varias horas perfeccionando el look.\u00a0<\/em><strong><em>La cantante acept\u00f3 que esta nueva imagen se merece un nombre que vaya con la \u00abnueva\u00bb personalidad.<\/em><\/strong><\/p>\n<!-- AddThis Advanced Settings generic via filter on the_content --><!-- AddThis Share Buttons generic via filter on the_content -->","protected":false},"excerpt":{"rendered":"<p>Presume con orgullo su nueva y dr\u00e1stico cambio de imagen con el que dice sentirse fabulosa. Ya us\u00f3 el cabello rubio para el debut de su l\u00ednea de belleza en abril. Al parecer la cantante lleg\u00f3 a la conclusi\u00f3n que ese color le sienta mejor y la hace m\u00e1s divertid por lo que se aventur\u00f3 [&hellip;]<!-- AddThis Advanced Settings generic via filter on get_the_excerpt --><!-- AddThis Share Buttons generic via filter on get_the_excerpt --><\/p>\n","protected":false},"author":6,"featured_media":42677,"comment_status":"closed","ping_status":"open","sticky":false,"template":"","format":"standard","meta":{"_acf_changed":false,"om_disable_all_campaigns":false,"_monsterinsights_skip_tracking":false,"_monsterinsights_sitenote_active":false,"_monsterinsights_sitenote_note":"","_monsterinsights_sitenote_category":0,"_uf_show_specific_survey":0,"_uf_disable_surveys":false,"footnotes":""},"categories":[100],"tags":[],"class_list":["post-42675","post","type-post","status-publish","format-standard","has-post-thumbnail","hentry","category-noticias"],"acf":[],"aioseo_notices":[],"_links":{"self":[{"href":"https:\/\/www.lasrosas.com.ar\/portal\/wp-json\/wp\/v2\/posts\/42675","targetHints":{"allow":["GET"]}}],"collection":[{"href":"https:\/\/www.lasrosas.com.ar\/portal\/wp-json\/wp\/v2\/posts"}],"about":[{"href":"https:\/\/www.lasrosas.com.ar\/portal\/wp-json\/wp\/v2\/types\/post"}],"author":[{"embeddable":true,"href":"https:\/\/www.lasrosas.com.ar\/portal\/wp-json\/wp\/v2\/users\/6"}],"replies":[{"embeddable":true,"href":"https:\/\/www.lasrosas.com.ar\/portal\/wp-json\/wp\/v2\/comments?post=42675"}],"version-history":[{"count":0,"href":"https:\/\/www.lasrosas.com.ar\/portal\/wp-json\/wp\/v2\/posts\/42675\/revisions"}],"wp:featuredmedia":[{"embeddable":true,"href":"https:\/\/www.lasrosas.com.ar\/portal\/wp-json\/wp\/v2\/media\/42677"}],"wp:attachment":[{"href":"https:\/\/www.lasrosas.com.ar\/portal\/wp-json\/wp\/v2\/media?parent=42675"}],"wp:term":[{"taxonomy":"category","embeddable":true,"href":"https:\/\/www.lasrosas.com.ar\/portal\/wp-json\/wp\/v2\/categories?post=42675"},{"taxonomy":"post_tag","embeddable":true,"href":"https:\/\/www.lasrosas.com.ar\/portal\/wp-json\/wp\/v2\/tags?post=42675"}],"curies":[{"name":"wp","href":"https:\/\/api.w.org\/{rel}","templated":true}]}}