{"id":4230,"date":"2018-05-14T08:30:03","date_gmt":"2018-05-14T11:30:03","guid":{"rendered":"https:\/\/www.lasrosas.com.ar\/portal\/?p=4230"},"modified":"2019-01-15T17:53:17","modified_gmt":"2019-01-15T20:53:17","slug":"julieta-nair-calvo-nacida-para-triunfar","status":"publish","type":"post","link":"https:\/\/www.lasrosas.com.ar\/portal\/julieta-nair-calvo-nacida-para-triunfar\/","title":{"rendered":"JULIETA NAIR CALVO: NACIDA PARA TRIUNFAR"},"content":{"rendered":"<h3><span style=\"color: #000000;\">Fresca, en\u00e9rgica y con una sonrisa que atraviesa paredes, esta actriz ha recorrido un largo camino en el mundo art\u00edstico. Con miles de interpretaciones en su profesi\u00f3n, supo cautivar a chicos y grandes, dejando en claro que su belleza no es lo \u00fanico que atrae. Ella es <strong>Julieta Nair Calvo<\/strong>.<\/span><\/h3>\n<p><span style=\"color: #000000;\"><strong>FOTOS: MARIANO MICHKIN\/ @marianomichkin<\/strong><\/span><\/p>\n<p><iframe title=\"#YoElijo - Julieta Nair Calvo\" width=\"500\" height=\"281\" data-src=\"https:\/\/www.youtube.com\/embed\/9N1R4mQLA3c?feature=oembed\" frameborder=\"0\" allow=\"accelerometer; autoplay; clipboard-write; encrypted-media; gyroscope; picture-in-picture; web-share\" referrerpolicy=\"strict-origin-when-cross-origin\" allowfullscreen src=\"data:image\/svg+xml;base64,PHN2ZyB3aWR0aD0iMSIgaGVpZ2h0PSIxIiB4bWxucz0iaHR0cDovL3d3dy53My5vcmcvMjAwMC9zdmciPjwvc3ZnPg==\" class=\"lazyload\" data-load-mode=\"1\"><\/iframe><\/p>\n<p><span style=\"color: #000000;\"><strong>Volvamos a tu infancia, \u00bfqu\u00e9 recuerdo se te viene a la cabeza?<\/strong><\/span><\/p>\n<p><span style=\"color: #000000;\">La casa de mis abuelos.\u00a0 De peque\u00f1a, cuando los visitaba, mi abuelo nos tra\u00eda cereales a cada uno de sus nietos, y mientras lo com\u00eda, me gustaba peinarlo.<\/span><\/p>\n<p><span style=\"color: #000000;\"><strong>\u00bfQu\u00e9 te hace \u00fanica?<\/strong><\/span><\/p>\n<p><span style=\"color: #000000;\">Bueno, en realidad creo que hay un mont\u00f3n de cosas porque todos somos \u00fanicos. Pero si tengo que pensar en una puntual, dir\u00eda que mi sentido del humor.<\/span><\/p>\n<p><img decoding=\"async\" class=\"alignnone wp-image-4205 size-thumbnail lazyload\" data-src=\"https:\/\/www.lasrosas.com.ar\/portal\/wp-content\/uploads\/Sin-titulo-1-8-640x480.jpg\" alt=\"\" width=\"640\" height=\"480\" src=\"data:image\/svg+xml;base64,PHN2ZyB3aWR0aD0iMSIgaGVpZ2h0PSIxIiB4bWxucz0iaHR0cDovL3d3dy53My5vcmcvMjAwMC9zdmciPjwvc3ZnPg==\" style=\"--smush-placeholder-width: 640px; --smush-placeholder-aspect-ratio: 640\/480;\" \/><\/p>\n<p><span style=\"color: #000000;\"><strong>En tus fotos siempre mostr\u00e1s a tu mascota, un conejo, \u00bfc\u00f3mo te llev\u00e1s con los animales?<\/strong><\/span><\/p>\n<p><span style=\"color: #000000;\">Con los animales me llevo incre\u00edble, me encantan. Tengo un conejo que se llama \u201cAlb\u00f3ndiga\u201d y lo amo. De hecho, lo tengo tatuado en la piel.<\/span><\/p>\n<p><span style=\"color: #000000;\"><strong>La sociedad est\u00e1 lleno de prejuicios, \u00bfc\u00f3mo te llev\u00e1s con eso?<\/strong><\/span><\/p>\n<p><span style=\"color: #000000;\">A veces no se puede hacer nada contra ellos. La gente los tiene y ojal\u00e1 que cada vez existan menos. Tambi\u00e9n los tengo y lucho para no sea as\u00ed.<\/span><\/p>\n<p><span style=\"color: #000000;\"><strong>Ten\u00e9s una carrera art\u00edstica que comienza con el mundo de Disney Junior, \u00bfc\u00f3mo se inicia?<\/strong><\/span><\/p>\n<p><span style=\"color: #000000;\">En realidad, mi carrera comienza mucho antes, a mi edad de cuatro a\u00f1os. Llegu\u00e9 a Disney porque estaba haciendo una obra de teatro musical llamada \u201cMamma M\u00eda\u201d, y a la par, audicion\u00e9 para el programa \u201cPlayground\u201d y qued\u00e9.<\/span><\/p>\n\r\n\t\t<style type='text\/css'>\r\n\t\t\t#gallery-1 {\r\n\t\t\t\tmargin: auto;\r\n\t\t\t}\r\n\t\t\t#gallery-1 .gallery-item {\r\n\t\t\t\tfloat: left;\r\n\t\t\t\tmargin-top: 10px;\r\n\t\t\t\ttext-align: center;\r\n\t\t\t\twidth: 50%;\r\n\t\t\t}\r\n\t\t\t#gallery-1 img {\r\n\t\t\t\tborder: 2px solid #cfcfcf;\r\n\t\t\t}\r\n\t\t\t#gallery-1 .gallery-caption {\r\n\t\t\t\tmargin-left: 0;\r\n\t\t\t}\r\n\t\t<\/style>\r\n\t\t<!-- see gallery_shortcode() in wp-includes\/media.php -->\n\t\t<div id='gallery-1' class='gallery galleryid-4230 gallery-columns-2 gallery-size-full gallery1'><script type=\"text\/javascript\">\r\n\/\/ <![CDATA[\r\n\tjQuery(document).ready(function () {\r\n\t\tjQuery(\".gallery1 a\").attr(\"rel\",\"gallery1\");\t\r\n\t\tjQuery('a[rel=\"gallery1\"]').colorbox({maxWidth:\"95%\", maxHeight:\"95%\",title: function(){ return jQuery(this).children().attr(\"alt\"); }, });\r\n\t});\r\n\/\/ ]]>\r\n<\/script>\n<dl class=\"gallery-item\">\n<dt class=\"gallery-icon\">\r\n<a href=\"https:\/\/www.lasrosas.com.ar\/portal\/wp-content\/uploads\/IMG_0495ret-1920x1703.jpg\" title=\"\" rel=\"gallery1\"><img decoding=\"async\" data-src=\"https:\/\/www.lasrosas.com.ar\/portal\/wp-content\/uploads\/IMG_0495ret-e1525982382700.jpg\" width=\"750\" height=\"665\" alt=\"\" src=\"data:image\/svg+xml;base64,PHN2ZyB3aWR0aD0iMSIgaGVpZ2h0PSIxIiB4bWxucz0iaHR0cDovL3d3dy53My5vcmcvMjAwMC9zdmciPjwvc3ZnPg==\" class=\"lazyload\" style=\"--smush-placeholder-width: 750px; --smush-placeholder-aspect-ratio: 750\/665;\" \/><\/a>\r\n<\/dt><\/dl><dl class=\"gallery-item\">\n<dt class=\"gallery-icon\">\r\n<a href=\"https:\/\/www.lasrosas.com.ar\/portal\/wp-content\/uploads\/IMG_0498ret-1920x1595.jpg\" title=\"\" rel=\"gallery1\"><img decoding=\"async\" data-src=\"https:\/\/www.lasrosas.com.ar\/portal\/wp-content\/uploads\/IMG_0498ret-e1525982488913.jpg\" width=\"750\" height=\"623\" alt=\"\" src=\"data:image\/svg+xml;base64,PHN2ZyB3aWR0aD0iMSIgaGVpZ2h0PSIxIiB4bWxucz0iaHR0cDovL3d3dy53My5vcmcvMjAwMC9zdmciPjwvc3ZnPg==\" class=\"lazyload\" style=\"--smush-placeholder-width: 750px; --smush-placeholder-aspect-ratio: 750\/623;\" \/><\/a>\r\n<\/dt><\/dl><br style=\"clear: both\" \/>\r\n\t\t<\/div>\n\n<p><span style=\"color: #000000;\"><strong>Hiciste un papel muy complejo en \u201cLas Estrellas\u201d, \u00bfcu\u00e1l fue la respuesta de la gente?<\/strong><\/span><\/p>\n<p><span style=\"color: #000000;\">Fue un desaf\u00edo porque nunca hab\u00eda actuado un personaje gay. Estuvo buen\u00edsimo porque hubo una repercusi\u00f3n hermosa, de hecho, es el d\u00eda de hoy en que la gente nos sigue diciendo cosas lindas a Violeta (Urtizberea) y a m\u00ed.<\/span><\/p>\n<p><span style=\"color: #000000;\"><strong>\u00bfC\u00f3mo viene este 2018 a nivel profesional?<\/strong><\/span><\/p>\n<p><span style=\"color: #000000;\">En lo profesional, ser\u00e1 un a\u00f1o de muchas cosas. Por un lado, estoy grabando el unitario \u201cEl Lobista\u201d, una gran oportunidad por la trama, la direcci\u00f3n de Daniel Barone, los actores con los que comparto: resulta un desaf\u00edo muy completo para m\u00ed. Por el otro, soy la princesa del musical \u201cAlad\u00edn, ser\u00e1 genial\u201d, en el Teatro Gran Rex en calle Corrientes. Es una s\u00faper apuesta que me tiene muy ansiosa.<\/span><\/p>\n<p><img decoding=\"async\" class=\"alignnone wp-image-4237 size-thumbnail lazyload\" data-src=\"https:\/\/www.lasrosas.com.ar\/portal\/wp-content\/uploads\/IMG_0501ret-640x480.jpg\" alt=\"\" width=\"640\" height=\"480\" src=\"data:image\/svg+xml;base64,PHN2ZyB3aWR0aD0iMSIgaGVpZ2h0PSIxIiB4bWxucz0iaHR0cDovL3d3dy53My5vcmcvMjAwMC9zdmciPjwvc3ZnPg==\" style=\"--smush-placeholder-width: 640px; --smush-placeholder-aspect-ratio: 640\/480;\" \/><\/p>\n<p><span style=\"color: #000000;\"><strong><u>#CONTAME<\/u><\/strong><\/span><\/p>\n<p><span style=\"color: #000000;\"><strong>Me hace re\u00edr mucho\u2026<\/strong><\/span><\/p>\n<p><span style=\"color: #000000;\">Mi hermano.<\/span><\/p>\n<p><span style=\"color: #000000;\"><strong>No me canso de\u2026<\/strong><\/span><\/p>\n<p><span style=\"color: #000000;\">De comer.<\/span><\/p>\n<p><span style=\"color: #000000;\"><strong>Siempre me olvido\u2026<\/strong><\/span><\/p>\n<p><span style=\"color: #000000;\">De pagar impuestos.<\/span><\/p>\n<p><span style=\"color: #000000;\"><strong>Tarareo sin darme cuenta\u2026<\/strong><\/span><\/p>\n<p><span style=\"color: #000000;\">\u201cI have nothing\u201d de Whitney Houston.<\/span><\/p>\n<p><span style=\"color: #000000;\"><strong>El sexo en las relaciones es\u2026<\/strong><\/span><\/p>\n<p><span style=\"color: #000000;\">Muy importante.<\/span><\/p>\n<p><span style=\"color: #000000;\"><strong>Mi man\u00eda secreta es\u2026<\/strong><\/span><\/p>\n<p><span style=\"color: #000000;\">No tengo ninguna.<\/span><\/p>\n<p><span style=\"color: #000000;\"><strong>Los hombres las prefieren\u2026<\/strong><\/span><\/p>\n<p><span style=\"color: #000000;\">Ojal\u00e1 que graciosas porque as\u00ed me siento yo (risas).<\/span><\/p>\n<p><img decoding=\"async\" class=\"alignnone wp-image-4276 size-medium lazyload\" data-src=\"https:\/\/www.lasrosas.com.ar\/portal\/wp-content\/uploads\/IMG_0480ret-640x960.jpg\" alt=\"\" width=\"640\" height=\"960\" src=\"data:image\/svg+xml;base64,PHN2ZyB3aWR0aD0iMSIgaGVpZ2h0PSIxIiB4bWxucz0iaHR0cDovL3d3dy53My5vcmcvMjAwMC9zdmciPjwvc3ZnPg==\" style=\"--smush-placeholder-width: 640px; --smush-placeholder-aspect-ratio: 640\/960;\" \/><\/p>\n<p><span style=\"color: #000000;\"><strong>CR\u00c9DITOS:<\/strong><\/span><\/p>\n<ul>\n<li><span style=\"color: #000000;\"><strong>ESTILISMO:<\/strong> Romina Giangreco\/ @rominagiangreco para RFG Stylecoaching Estudio<\/span><\/li>\n<li><span style=\"color: #000000;\"><strong>ASISTENTE DE ESTILISMO:<\/strong> Sharon Dana\/ @sharontdana<\/span><\/li>\n<li><span style=\"color: #000000;\"><strong>MAQUILLAJE:<\/strong> Agustina Caparra\/ @aguscaparra para Bettina Fr\u00famboli Estudio\/ @frumboliestudio con productos Lanc\u00f4me\/ @lancomeofficial<\/span><\/li>\n<li><span style=\"color: #000000;\"><strong>PELO: <\/strong>Cristian Rey\/ @cristianreystyle con productos Sebastian Professional\/ @sebastianpro_official<\/span><\/li>\n<li><span style=\"color: #000000;\"><strong>AGRADECIMIENTOS:<\/strong><\/span><\/li>\n<li><span style=\"color: #000000;\">Guevara Ocampo\/ @guevaraocampo<\/span><\/li>\n<li><span style=\"color: #000000;\">Comit\u00e9 Apparel\/ @comiteapparel<\/span><\/li>\n<li><span style=\"color: #000000;\">Carolina Sid<\/span><\/li>\n<li><span style=\"color: #000000;\">Justa Osad\u00eda\/ @justaosadia<\/span><\/li>\n<li><span style=\"color: #000000;\">Made in Chola\/ @madeinchola<\/span><\/li>\n<li><span style=\"color: #000000;\">Barbarella Estudio\/ @barbarella.estudio<\/span><\/li>\n<li><span style=\"color: #000000;\">Te\u00f3fila\/ @teofilabsas<\/span><\/li>\n<\/ul>\n<!-- AddThis Advanced Settings generic via filter on the_content --><!-- AddThis Share Buttons generic via filter on the_content -->","protected":false},"excerpt":{"rendered":"<p>Fresca, en\u00e9rgica y con una sonrisa que atraviesa paredes, esta actriz ha recorrido un largo camino en el mundo art\u00edstico. Con miles de interpretaciones en su profesi\u00f3n, supo cautivar a chicos y grandes, dejando en claro que su belleza no es lo \u00fanico que atrae. Ella es Julieta Nair Calvo. FOTOS: MARIANO MICHKIN\/ @marianomichkin Volvamos [&hellip;]<!-- AddThis Advanced Settings generic via filter on get_the_excerpt --><!-- AddThis Share Buttons generic via filter on get_the_excerpt --><\/p>\n","protected":false},"author":6,"featured_media":4232,"comment_status":"closed","ping_status":"open","sticky":false,"template":"","format":"standard","meta":{"_acf_changed":false,"om_disable_all_campaigns":false,"_monsterinsights_skip_tracking":false,"_monsterinsights_sitenote_active":false,"_monsterinsights_sitenote_note":"","_monsterinsights_sitenote_category":0,"_uf_show_specific_survey":0,"_uf_disable_surveys":false,"footnotes":""},"categories":[236,234,100],"tags":[39,108,44,46,287,288,43,126,47,58],"class_list":["post-4230","post","type-post","status-publish","format-standard","has-post-thumbnail","hentry","category-cover-tapa","category-trend","category-noticias","tag-actriz","tag-artista","tag-buenos-aires","tag-cantante","tag-cover-girl","tag-cover-profile","tag-famosos","tag-inspiracion","tag-las-estrellas","tag-moda"],"acf":[],"aioseo_notices":[],"_links":{"self":[{"href":"https:\/\/www.lasrosas.com.ar\/portal\/wp-json\/wp\/v2\/posts\/4230","targetHints":{"allow":["GET"]}}],"collection":[{"href":"https:\/\/www.lasrosas.com.ar\/portal\/wp-json\/wp\/v2\/posts"}],"about":[{"href":"https:\/\/www.lasrosas.com.ar\/portal\/wp-json\/wp\/v2\/types\/post"}],"author":[{"embeddable":true,"href":"https:\/\/www.lasrosas.com.ar\/portal\/wp-json\/wp\/v2\/users\/6"}],"replies":[{"embeddable":true,"href":"https:\/\/www.lasrosas.com.ar\/portal\/wp-json\/wp\/v2\/comments?post=4230"}],"version-history":[{"count":0,"href":"https:\/\/www.lasrosas.com.ar\/portal\/wp-json\/wp\/v2\/posts\/4230\/revisions"}],"wp:featuredmedia":[{"embeddable":true,"href":"https:\/\/www.lasrosas.com.ar\/portal\/wp-json\/wp\/v2\/media\/4232"}],"wp:attachment":[{"href":"https:\/\/www.lasrosas.com.ar\/portal\/wp-json\/wp\/v2\/media?parent=4230"}],"wp:term":[{"taxonomy":"category","embeddable":true,"href":"https:\/\/www.lasrosas.com.ar\/portal\/wp-json\/wp\/v2\/categories?post=4230"},{"taxonomy":"post_tag","embeddable":true,"href":"https:\/\/www.lasrosas.com.ar\/portal\/wp-json\/wp\/v2\/tags?post=4230"}],"curies":[{"name":"wp","href":"https:\/\/api.w.org\/{rel}","templated":true}]}}