{"id":42106,"date":"2021-10-08T14:54:40","date_gmt":"2021-10-08T17:54:40","guid":{"rendered":"https:\/\/www.lasrosas.com.ar\/portal\/?p=42106"},"modified":"2021-10-08T14:54:40","modified_gmt":"2021-10-08T17:54:40","slug":"el-picante-comentario-que-le-hizo-neymar-a-icardi","status":"publish","type":"post","link":"https:\/\/www.lasrosas.com.ar\/portal\/el-picante-comentario-que-le-hizo-neymar-a-icardi\/","title":{"rendered":"EL PICANTE COMENTARIO QUE LE HIZO NEYMAR A ICARDI"},"content":{"rendered":"<p>Louis Vuitton present\u00f3 su nueva colecci\u00f3n primavera-verano 2022 en el museo Louvre y Mauro Icardi asisti\u00f3 al sofisticado evento con un look muy particular y el jugador brasile\u00f1o, compa\u00f1ero de Mauro en el PSG, no pudo evitar darle su opini\u00f3n sobre su outfit.<\/p>\n<p>Louis Vuitton present\u00f3 su nueva colecci\u00f3n donde se destaca la combinaci\u00f3n perfecta del pasado y el presente. Nicolas Ghesqui\u00e8re, su director creativo, es amante de jugar con el concepto de tiempo y eligio el museo Louvre, un monumento emblem\u00e1tico de la ciudad de Par\u00eds para ofrecer su gran show. Obviamente, Wanda Nara lleg\u00f3 al evento acompa\u00f1ada por Mauro Icardi, su marido.<\/p>\n<p><img decoding=\"async\" class=\"aligncenter wp-image-42107 lazyload\" data-src=\"https:\/\/www.lasrosas.com.ar\/portal\/wp-content\/uploads\/WhatsApp-Image-2021-10-08-at-2.52.09-PM.jpeg\" alt=\"\" width=\"589\" height=\"821\" data-srcset=\"https:\/\/www.lasrosas.com.ar\/portal\/wp-content\/uploads\/WhatsApp-Image-2021-10-08-at-2.52.09-PM.jpeg 828w, https:\/\/www.lasrosas.com.ar\/portal\/wp-content\/uploads\/WhatsApp-Image-2021-10-08-at-2.52.09-PM-688x960.jpeg 688w\" data-sizes=\"(max-width: 589px) 100vw, 589px\" src=\"data:image\/svg+xml;base64,PHN2ZyB3aWR0aD0iMSIgaGVpZ2h0PSIxIiB4bWxucz0iaHR0cDovL3d3dy53My5vcmcvMjAwMC9zdmciPjwvc3ZnPg==\" style=\"--smush-placeholder-width: 589px; --smush-placeholder-aspect-ratio: 589\/821;\" \/><\/p>\n<p>Neymar da Silva Santos J\u00fanior, conocido como Neymar J\u00fanior o simplemente Neymar, es un futbolista brasile\u00f1o que forma parte de la selecci\u00f3n de su pa\u00eds desde el a\u00f1o 2010. Juega como delantero y su equipo actual es el Paris Saint-Germain, el mismo equipo en el que juega Mauro. Cuando vi\u00f3 la foto que subi\u00f3 Mauro al feed de su Instagram con el look que eligi\u00f3 para ir al importante evento de Louis Vuitt\u00f3n no pudo contenerse y le hizo un gracioso comentario.<\/p>\n<p><img decoding=\"async\" class=\"aligncenter size-full wp-image-42108 lazyload\" data-src=\"https:\/\/www.lasrosas.com.ar\/portal\/wp-content\/uploads\/WhatsApp-Image-2021-10-08-at-2.52.10-PM.jpeg\" alt=\"\" width=\"828\" height=\"203\" src=\"data:image\/svg+xml;base64,PHN2ZyB3aWR0aD0iMSIgaGVpZ2h0PSIxIiB4bWxucz0iaHR0cDovL3d3dy53My5vcmcvMjAwMC9zdmciPjwvc3ZnPg==\" style=\"--smush-placeholder-width: 828px; --smush-placeholder-aspect-ratio: 828\/203;\" \/><\/p>\n<blockquote><p>\u00abFuiste asi?? En serio???\u00bb, le escribi\u00f3 el jugador brasile\u00f1o a su compa\u00f1ero de PSG con varios emojis de risa.<\/p><\/blockquote>\n<p>Es que\u00a0Mauro Icardi,\u00a0irrumpi\u00f3 con su cl\u00e1sico look gauchesco. S\u00faper relajado, teniendo en cuenta que se trataba de un compromiso en el que primaba la etiqueta.<\/p>\n<p>Fue as\u00ed que el jugador del Par\u00eds Saint-Germain luci\u00f3 unas zapatillas marrones de una conocida marca deportiva, un pantal\u00f3n azul con pu\u00f1os, un chaleco de gamuza marr\u00f3n y un su\u00e9ter azul.\u00a0El toque con el que termin\u00f3 de coronar esta impronta argentina vino de la mano de una boina tambi\u00e9n en azul. Y, claro, a Neymar le caus\u00f3 gracia que haya elegido un look tan particular.<\/p>\n<!-- AddThis Advanced Settings generic via filter on the_content --><!-- AddThis Share Buttons generic via filter on the_content -->","protected":false},"excerpt":{"rendered":"<p>Louis Vuitton present\u00f3 su nueva colecci\u00f3n primavera-verano 2022 en el museo Louvre y Mauro Icardi asisti\u00f3 al sofisticado evento con un look muy particular y el jugador brasile\u00f1o, compa\u00f1ero de Mauro en el PSG, no pudo evitar darle su opini\u00f3n sobre su outfit. Louis Vuitton present\u00f3 su nueva colecci\u00f3n donde se destaca la combinaci\u00f3n perfecta [&hellip;]<!-- AddThis Advanced Settings generic via filter on get_the_excerpt --><!-- AddThis Share Buttons generic via filter on get_the_excerpt --><\/p>\n","protected":false},"author":6,"featured_media":42109,"comment_status":"closed","ping_status":"open","sticky":false,"template":"","format":"standard","meta":{"_acf_changed":false,"om_disable_all_campaigns":false,"_monsterinsights_skip_tracking":false,"_monsterinsights_sitenote_active":false,"_monsterinsights_sitenote_note":"","_monsterinsights_sitenote_category":0,"_uf_show_specific_survey":0,"_uf_disable_surveys":false,"footnotes":""},"categories":[100],"tags":[],"class_list":["post-42106","post","type-post","status-publish","format-standard","has-post-thumbnail","hentry","category-noticias"],"acf":[],"aioseo_notices":[],"_links":{"self":[{"href":"https:\/\/www.lasrosas.com.ar\/portal\/wp-json\/wp\/v2\/posts\/42106","targetHints":{"allow":["GET"]}}],"collection":[{"href":"https:\/\/www.lasrosas.com.ar\/portal\/wp-json\/wp\/v2\/posts"}],"about":[{"href":"https:\/\/www.lasrosas.com.ar\/portal\/wp-json\/wp\/v2\/types\/post"}],"author":[{"embeddable":true,"href":"https:\/\/www.lasrosas.com.ar\/portal\/wp-json\/wp\/v2\/users\/6"}],"replies":[{"embeddable":true,"href":"https:\/\/www.lasrosas.com.ar\/portal\/wp-json\/wp\/v2\/comments?post=42106"}],"version-history":[{"count":0,"href":"https:\/\/www.lasrosas.com.ar\/portal\/wp-json\/wp\/v2\/posts\/42106\/revisions"}],"wp:featuredmedia":[{"embeddable":true,"href":"https:\/\/www.lasrosas.com.ar\/portal\/wp-json\/wp\/v2\/media\/42109"}],"wp:attachment":[{"href":"https:\/\/www.lasrosas.com.ar\/portal\/wp-json\/wp\/v2\/media?parent=42106"}],"wp:term":[{"taxonomy":"category","embeddable":true,"href":"https:\/\/www.lasrosas.com.ar\/portal\/wp-json\/wp\/v2\/categories?post=42106"},{"taxonomy":"post_tag","embeddable":true,"href":"https:\/\/www.lasrosas.com.ar\/portal\/wp-json\/wp\/v2\/tags?post=42106"}],"curies":[{"name":"wp","href":"https:\/\/api.w.org\/{rel}","templated":true}]}}