{"id":41502,"date":"2021-09-23T13:18:51","date_gmt":"2021-09-23T16:18:51","guid":{"rendered":"https:\/\/www.lasrosas.com.ar\/portal\/?p=41502"},"modified":"2021-09-23T13:18:51","modified_gmt":"2021-09-23T16:18:51","slug":"equus-presenta-marrakech-portrait-su-coleccion-ss2022","status":"publish","type":"post","link":"https:\/\/www.lasrosas.com.ar\/portal\/equus-presenta-marrakech-portrait-su-coleccion-ss2022\/","title":{"rendered":"EQUUS PRESENTA MARRAKECH PORTRAIT, SU COLECCI\u00d3N SS2022"},"content":{"rendered":"<p><i><span style=\"font-weight: 400;\">Equus presenta su nueva colecci\u00f3n Marrakech &#8211; Portrait. Ropa c\u00f3moda en la que se incorporaron tejidos flexibles y livianos para lograr looks m\u00e1s descontracturados y frescos.<\/span><\/i><\/p>\n<p><span style=\"font-weight: 400;\">Marrakech &#8211; Portrait es el nombre de la nueva colecci\u00f3n de Equus, una propuesta en la que se hacen presentes tres grandes tendencias: lo n\u00e1utico, lo tropical y el tie dye. La colecci\u00f3n parte de estos pilares para lograr un look casual de la mano de prendas m\u00e1s holgadas y c\u00f3modas.\u00a0<\/span><\/p>\n<p><span style=\"font-weight: 400;\">La pandemia impulso nuevos h\u00e1bitos y costumbres dentro de nuestras casas: la apuesta se centra en la comodidad y looks descontracturados. El mejor aliado de este verano es el lino, una tela liviana que se apropia de las camisas, pantalones, bermudas y sacos en propuestas lisas, rayadas y a cuadros.\u00a0<\/span><\/p>\n\r\n\t\t<style type='text\/css'>\r\n\t\t\t#gallery-1 {\r\n\t\t\t\tmargin: auto;\r\n\t\t\t}\r\n\t\t\t#gallery-1 .gallery-item {\r\n\t\t\t\tfloat: left;\r\n\t\t\t\tmargin-top: 10px;\r\n\t\t\t\ttext-align: center;\r\n\t\t\t\twidth: 33%;\r\n\t\t\t}\r\n\t\t\t#gallery-1 img {\r\n\t\t\t\tborder: 2px solid #cfcfcf;\r\n\t\t\t}\r\n\t\t\t#gallery-1 .gallery-caption {\r\n\t\t\t\tmargin-left: 0;\r\n\t\t\t}\r\n\t\t<\/style>\r\n\t\t<!-- see gallery_shortcode() in wp-includes\/media.php -->\n\t\t<div id='gallery-1' class='gallery galleryid-41502 gallery-columns-3 gallery-size-full gallery1'><script type=\"text\/javascript\">\r\n\/\/ <![CDATA[\r\n\tjQuery(document).ready(function () {\r\n\t\tjQuery(\".gallery1 a\").attr(\"rel\",\"gallery1\");\t\r\n\t\tjQuery('a[rel=\"gallery1\"]').colorbox({maxWidth:\"95%\", maxHeight:\"95%\",title: function(){ return jQuery(this).children().attr(\"alt\"); }, });\r\n\t});\r\n\/\/ ]]>\r\n<\/script>\n<dl class=\"gallery-item\">\n<dt class=\"gallery-icon\">\r\n<a href=\"https:\/\/www.lasrosas.com.ar\/portal\/wp-content\/uploads\/EQUUS-SS22-0435-rgb-1280x1920.jpg\" title=\"\" rel=\"gallery1\"><img decoding=\"async\" data-src=\"https:\/\/www.lasrosas.com.ar\/portal\/wp-content\/uploads\/EQUUS-SS22-0435-rgb.jpg\" width=\"4480\" height=\"6720\" alt=\"\" src=\"data:image\/svg+xml;base64,PHN2ZyB3aWR0aD0iMSIgaGVpZ2h0PSIxIiB4bWxucz0iaHR0cDovL3d3dy53My5vcmcvMjAwMC9zdmciPjwvc3ZnPg==\" class=\"lazyload\" style=\"--smush-placeholder-width: 4480px; --smush-placeholder-aspect-ratio: 4480\/6720;\" \/><\/a>\r\n<\/dt><\/dl><dl class=\"gallery-item\">\n<dt class=\"gallery-icon\">\r\n<a href=\"https:\/\/www.lasrosas.com.ar\/portal\/wp-content\/uploads\/EQUUS-SS22-0500-rgb-1280x1920.jpg\" title=\"\" rel=\"gallery1\"><img decoding=\"async\" data-src=\"https:\/\/www.lasrosas.com.ar\/portal\/wp-content\/uploads\/EQUUS-SS22-0500-rgb.jpg\" width=\"4480\" height=\"6720\" alt=\"\" src=\"data:image\/svg+xml;base64,PHN2ZyB3aWR0aD0iMSIgaGVpZ2h0PSIxIiB4bWxucz0iaHR0cDovL3d3dy53My5vcmcvMjAwMC9zdmciPjwvc3ZnPg==\" class=\"lazyload\" style=\"--smush-placeholder-width: 4480px; --smush-placeholder-aspect-ratio: 4480\/6720;\" \/><\/a>\r\n<\/dt><\/dl><dl class=\"gallery-item\">\n<dt class=\"gallery-icon\">\r\n<a href=\"https:\/\/www.lasrosas.com.ar\/portal\/wp-content\/uploads\/EQUUS-SS22-1168-rgb-1280x1920.jpg\" title=\"\" rel=\"gallery1\"><img decoding=\"async\" data-src=\"https:\/\/www.lasrosas.com.ar\/portal\/wp-content\/uploads\/EQUUS-SS22-1168-rgb.jpg\" width=\"4480\" height=\"6720\" alt=\"\" src=\"data:image\/svg+xml;base64,PHN2ZyB3aWR0aD0iMSIgaGVpZ2h0PSIxIiB4bWxucz0iaHR0cDovL3d3dy53My5vcmcvMjAwMC9zdmciPjwvc3ZnPg==\" class=\"lazyload\" style=\"--smush-placeholder-width: 4480px; --smush-placeholder-aspect-ratio: 4480\/6720;\" \/><\/a>\r\n<\/dt><\/dl><br style=\"clear: both\" \/>\r\n\t\t<\/div>\n\n<p><span style=\"font-weight: 400;\">La camisa manga corta se reversiona en un uso m\u00e1s casual y relajado, con una molder\u00eda m\u00e1s amplia. Al lino, gran protagonista de la temporada, lo acompa\u00f1an otras opciones como la fibrana, los te\u00f1idos batik y estampados de tem\u00e1tica tropical: tejidos que transmiten a la perfecci\u00f3n lo que la marca quiere comunicar esta temporada.\u00a0<\/span><\/p>\n<p><span style=\"font-weight: 400;\">La paleta de colores contempla colores neutros, pasteles y terrosos con opciones vibrantes y frescas que renuevan y revitalizan el guardarropa. Rosas, lilas, aero, beige, naranja y neutros en tonos bajos remiten a la naturaleza, mientras que las variantes en colores rojos, naranja y francia vibrantes aportan mayor fuerza a una paleta propia del verano.\u00a0<\/span><\/p>\n<p><span style=\"font-weight: 400;\">En cuanto a los accesorios, se propone una amplia variedad de caps, pilusos y ri\u00f1oneras que ser\u00e1n los \u00edtems clave para completar el look este verano.<\/span><\/p>\n<p><span style=\"font-weight: 400;\">La l\u00ednea <\/span><i><span style=\"font-weight: 400;\">denim <\/span><\/i><span style=\"font-weight: 400;\">suma un nuevo calce m\u00e1s relajado, c\u00f3modo y amplio m\u00e1s alineado a la propuesta de estilos comfy. Se incorporaron g\u00e9neros 360\u00b0 stretch y joggjean para mayor confort.\u00a0<\/span><\/p>\n\r\n\t\t<style type='text\/css'>\r\n\t\t\t#gallery-2 {\r\n\t\t\t\tmargin: auto;\r\n\t\t\t}\r\n\t\t\t#gallery-2 .gallery-item {\r\n\t\t\t\tfloat: left;\r\n\t\t\t\tmargin-top: 10px;\r\n\t\t\t\ttext-align: center;\r\n\t\t\t\twidth: 33%;\r\n\t\t\t}\r\n\t\t\t#gallery-2 img {\r\n\t\t\t\tborder: 2px solid #cfcfcf;\r\n\t\t\t}\r\n\t\t\t#gallery-2 .gallery-caption {\r\n\t\t\t\tmargin-left: 0;\r\n\t\t\t}\r\n\t\t<\/style>\r\n\t\t<!-- see gallery_shortcode() in wp-includes\/media.php -->\n\t\t<div id='gallery-2' class='gallery galleryid-41502 gallery-columns-3 gallery-size-full gallery1'><script type=\"text\/javascript\">\r\n\/\/ <![CDATA[\r\n\tjQuery(document).ready(function () {\r\n\t\tjQuery(\".gallery1 a\").attr(\"rel\",\"gallery1\");\t\r\n\t\tjQuery('a[rel=\"gallery1\"]').colorbox({maxWidth:\"95%\", maxHeight:\"95%\",title: function(){ return jQuery(this).children().attr(\"alt\"); }, });\r\n\t});\r\n\/\/ ]]>\r\n<\/script>\n<dl class=\"gallery-item\">\n<dt class=\"gallery-icon\">\r\n<a href=\"https:\/\/www.lasrosas.com.ar\/portal\/wp-content\/uploads\/EQUUS-SS22-0054-rgb-1-1280x1920.jpg\" title=\"\" rel=\"gallery1\"><img decoding=\"async\" data-src=\"https:\/\/www.lasrosas.com.ar\/portal\/wp-content\/uploads\/EQUUS-SS22-0054-rgb-1.jpg\" width=\"4480\" height=\"6720\" alt=\"\" src=\"data:image\/svg+xml;base64,PHN2ZyB3aWR0aD0iMSIgaGVpZ2h0PSIxIiB4bWxucz0iaHR0cDovL3d3dy53My5vcmcvMjAwMC9zdmciPjwvc3ZnPg==\" class=\"lazyload\" style=\"--smush-placeholder-width: 4480px; --smush-placeholder-aspect-ratio: 4480\/6720;\" \/><\/a>\r\n<\/dt><\/dl><dl class=\"gallery-item\">\n<dt class=\"gallery-icon\">\r\n<a href=\"https:\/\/www.lasrosas.com.ar\/portal\/wp-content\/uploads\/EQUUS-SS22-1906-rgb-1280x1920.jpg\" title=\"\" rel=\"gallery1\"><img decoding=\"async\" data-src=\"https:\/\/www.lasrosas.com.ar\/portal\/wp-content\/uploads\/EQUUS-SS22-1906-rgb.jpg\" width=\"4480\" height=\"6720\" alt=\"\" src=\"data:image\/svg+xml;base64,PHN2ZyB3aWR0aD0iMSIgaGVpZ2h0PSIxIiB4bWxucz0iaHR0cDovL3d3dy53My5vcmcvMjAwMC9zdmciPjwvc3ZnPg==\" class=\"lazyload\" style=\"--smush-placeholder-width: 4480px; --smush-placeholder-aspect-ratio: 4480\/6720;\" \/><\/a>\r\n<\/dt><\/dl><dl class=\"gallery-item\">\n<dt class=\"gallery-icon\">\r\n<a href=\"https:\/\/www.lasrosas.com.ar\/portal\/wp-content\/uploads\/EQUUS-SS22-1686-rgb-1280x1920.jpg\" title=\"\" rel=\"gallery1\"><img decoding=\"async\" data-src=\"https:\/\/www.lasrosas.com.ar\/portal\/wp-content\/uploads\/EQUUS-SS22-1686-rgb.jpg\" width=\"4480\" height=\"6720\" alt=\"\" src=\"data:image\/svg+xml;base64,PHN2ZyB3aWR0aD0iMSIgaGVpZ2h0PSIxIiB4bWxucz0iaHR0cDovL3d3dy53My5vcmcvMjAwMC9zdmciPjwvc3ZnPg==\" class=\"lazyload\" style=\"--smush-placeholder-width: 4480px; --smush-placeholder-aspect-ratio: 4480\/6720;\" \/><\/a>\r\n<\/dt><\/dl><br style=\"clear: both\" \/>\r\n\t\t<\/div>\n\n<p><span style=\"font-weight: 400;\">Benjam\u00edn Vicu\u00f1a, el actor chileno que triunfa en nuestro pa\u00eds, protagonizar\u00e1 por segunda vez la campa\u00f1a, esta vez con un look and feel completamente distinto.<\/span><\/p>\n<p><span style=\"font-weight: 400;\">Con su amplia propuesta, Equus reafirma su decisi\u00f3n de ser la marca de indumentaria masculina\u00a0<\/span><\/p>\n<p><span style=\"font-weight: 400;\">que acompa\u00f1e a los argentinos en todos los \u00e1mbitos de su vida este verano.\u00a0\u00a0<\/span><\/p>\n<!-- AddThis Advanced Settings generic via filter on the_content --><!-- AddThis Share Buttons generic via filter on the_content -->","protected":false},"excerpt":{"rendered":"<p>Equus presenta su nueva colecci\u00f3n Marrakech &#8211; Portrait. Ropa c\u00f3moda en la que se incorporaron tejidos flexibles y livianos para lograr looks m\u00e1s descontracturados y frescos. Marrakech &#8211; Portrait es el nombre de la nueva colecci\u00f3n de Equus, una propuesta en la que se hacen presentes tres grandes tendencias: lo n\u00e1utico, lo tropical y el [&hellip;]<!-- AddThis Advanced Settings generic via filter on get_the_excerpt --><!-- AddThis Share Buttons generic via filter on get_the_excerpt --><\/p>\n","protected":false},"author":6,"featured_media":41504,"comment_status":"closed","ping_status":"open","sticky":false,"template":"","format":"standard","meta":{"_acf_changed":false,"om_disable_all_campaigns":false,"_monsterinsights_skip_tracking":false,"_monsterinsights_sitenote_active":false,"_monsterinsights_sitenote_note":"","_monsterinsights_sitenote_category":0,"_uf_show_specific_survey":0,"_uf_disable_surveys":false,"footnotes":""},"categories":[100,30],"tags":[],"class_list":["post-41502","post","type-post","status-publish","format-standard","has-post-thumbnail","hentry","category-noticias","category-moda"],"acf":[],"aioseo_notices":[],"_links":{"self":[{"href":"https:\/\/www.lasrosas.com.ar\/portal\/wp-json\/wp\/v2\/posts\/41502","targetHints":{"allow":["GET"]}}],"collection":[{"href":"https:\/\/www.lasrosas.com.ar\/portal\/wp-json\/wp\/v2\/posts"}],"about":[{"href":"https:\/\/www.lasrosas.com.ar\/portal\/wp-json\/wp\/v2\/types\/post"}],"author":[{"embeddable":true,"href":"https:\/\/www.lasrosas.com.ar\/portal\/wp-json\/wp\/v2\/users\/6"}],"replies":[{"embeddable":true,"href":"https:\/\/www.lasrosas.com.ar\/portal\/wp-json\/wp\/v2\/comments?post=41502"}],"version-history":[{"count":0,"href":"https:\/\/www.lasrosas.com.ar\/portal\/wp-json\/wp\/v2\/posts\/41502\/revisions"}],"wp:featuredmedia":[{"embeddable":true,"href":"https:\/\/www.lasrosas.com.ar\/portal\/wp-json\/wp\/v2\/media\/41504"}],"wp:attachment":[{"href":"https:\/\/www.lasrosas.com.ar\/portal\/wp-json\/wp\/v2\/media?parent=41502"}],"wp:term":[{"taxonomy":"category","embeddable":true,"href":"https:\/\/www.lasrosas.com.ar\/portal\/wp-json\/wp\/v2\/categories?post=41502"},{"taxonomy":"post_tag","embeddable":true,"href":"https:\/\/www.lasrosas.com.ar\/portal\/wp-json\/wp\/v2\/tags?post=41502"}],"curies":[{"name":"wp","href":"https:\/\/api.w.org\/{rel}","templated":true}]}}