{"id":41442,"date":"2021-09-22T13:19:19","date_gmt":"2021-09-22T16:19:19","guid":{"rendered":"https:\/\/www.lasrosas.com.ar\/portal\/?p=41442"},"modified":"2021-09-22T13:19:19","modified_gmt":"2021-09-22T16:19:19","slug":"lo-mejor-del-fashion-week-de-londres","status":"publish","type":"post","link":"https:\/\/www.lasrosas.com.ar\/portal\/lo-mejor-del-fashion-week-de-londres\/","title":{"rendered":"LO MEJOR DEL FASHION WEEK DE LONDRES"},"content":{"rendered":"<p>Desde el 15 de septiembre, Londres fue una verdadera fiesta de la moda: la Fashion Week mostr\u00f3 a unos 130 dise\u00f1adores con todas las tendencias de la nueva temporada y como si la pandemia nunca hubiera existido. Ac\u00e1 te mostramos todo lo que vamos a usar.<\/p>\n<p>Desde el 15 de septiembre, Londres est\u00e1 viviendo su semana de la moda con unos 130 dise\u00f1adores presentando sus propuestas para la nueva temporada.<\/p>\n<p><strong>Huishan Zhang: tom\u00e1 nota de los colores<\/strong><\/p>\n<p>Huishan Zhang fue uno de los desfiles m\u00e1s destacados. La marca llev\u00f3 sus dise\u00f1os a la palaciega Villa Arconati. \u00abTodas las mujeres de Huishan Zhang tienen un poder y una elegancia dentro de ellas; les encanta el lujo, la artesan\u00eda y la originalidad, y realmente disfrutan de la vida\u00bb, comparti\u00f3 el dise\u00f1ador de la marca que se form\u00f3 en Dior.<\/p>\n\r\n\t\t<style type='text\/css'>\r\n\t\t\t#gallery-1 {\r\n\t\t\t\tmargin: auto;\r\n\t\t\t}\r\n\t\t\t#gallery-1 .gallery-item {\r\n\t\t\t\tfloat: left;\r\n\t\t\t\tmargin-top: 10px;\r\n\t\t\t\ttext-align: center;\r\n\t\t\t\twidth: 50%;\r\n\t\t\t}\r\n\t\t\t#gallery-1 img {\r\n\t\t\t\tborder: 2px solid #cfcfcf;\r\n\t\t\t}\r\n\t\t\t#gallery-1 .gallery-caption {\r\n\t\t\t\tmargin-left: 0;\r\n\t\t\t}\r\n\t\t<\/style>\r\n\t\t<!-- see gallery_shortcode() in wp-includes\/media.php -->\n\t\t<div id='gallery-1' class='gallery galleryid-41442 gallery-columns-2 gallery-size-full gallery1'><script type=\"text\/javascript\">\r\n\/\/ <![CDATA[\r\n\tjQuery(document).ready(function () {\r\n\t\tjQuery(\".gallery1 a\").attr(\"rel\",\"gallery1\");\t\r\n\t\tjQuery('a[rel=\"gallery1\"]').colorbox({maxWidth:\"95%\", maxHeight:\"95%\",title: function(){ return jQuery(this).children().attr(\"alt\"); }, });\r\n\t});\r\n\/\/ ]]>\r\n<\/script>\n<dl class=\"gallery-item\">\n<dt class=\"gallery-icon\">\r\n<a href=\"https:\/\/www.lasrosas.com.ar\/portal\/wp-content\/uploads\/00005-HUISHAN-ZHANG-Spring-22-RTW-London-credit-Giovanni-Pucci-1280x1920.jpg\" title=\"\" rel=\"gallery1\"><img decoding=\"async\" data-src=\"https:\/\/www.lasrosas.com.ar\/portal\/wp-content\/uploads\/00005-HUISHAN-ZHANG-Spring-22-RTW-London-credit-Giovanni-Pucci.jpg\" width=\"2560\" height=\"3840\" alt=\"\" src=\"data:image\/svg+xml;base64,PHN2ZyB3aWR0aD0iMSIgaGVpZ2h0PSIxIiB4bWxucz0iaHR0cDovL3d3dy53My5vcmcvMjAwMC9zdmciPjwvc3ZnPg==\" class=\"lazyload\" style=\"--smush-placeholder-width: 2560px; --smush-placeholder-aspect-ratio: 2560\/3840;\" \/><\/a>\r\n<\/dt><\/dl><dl class=\"gallery-item\">\n<dt class=\"gallery-icon\">\r\n<a href=\"https:\/\/www.lasrosas.com.ar\/portal\/wp-content\/uploads\/00001-HUISHAN-ZHANG-Spring-22-RTW-London-credit-Giovanni-Pucci-1280x1920.jpg\" title=\"\" rel=\"gallery1\"><img decoding=\"async\" data-src=\"https:\/\/www.lasrosas.com.ar\/portal\/wp-content\/uploads\/00001-HUISHAN-ZHANG-Spring-22-RTW-London-credit-Giovanni-Pucci.jpg\" width=\"2560\" height=\"3840\" alt=\"\" src=\"data:image\/svg+xml;base64,PHN2ZyB3aWR0aD0iMSIgaGVpZ2h0PSIxIiB4bWxucz0iaHR0cDovL3d3dy53My5vcmcvMjAwMC9zdmciPjwvc3ZnPg==\" class=\"lazyload\" style=\"--smush-placeholder-width: 2560px; --smush-placeholder-aspect-ratio: 2560\/3840;\" \/><\/a>\r\n<\/dt><\/dl><br style=\"clear: both\" \/>\r\n\t\t<\/div>\n\n<p>Una paleta de colores intensos (mandarina, fucsia, verde manzana, rosa orqu\u00eddea y azul lapisl\u00e1zuli) adem\u00e1s de los cl\u00e1sicos de siempre.<\/p>\n<p><strong>Labrum London: sastrer\u00eda de verano y aires africanos<\/strong><\/p>\n<p>El fundador de Labrum London es el dise\u00f1ador Foday Dumbuya. Labrum significa borde en lat\u00edn. El lema de la marca es \u00abDesigned by an immigrant\u00bb (\u00abDise\u00f1ado por un inmigrante\u00bb). Este dise\u00f1ador corta trajes de hombros ca\u00eddos con rayas atrevidas, combinados con camisas de cuello alto con mangas de tulip\u00e1n. Su idea m\u00e1s impresionante fue trabajar con intrincados estampados dibujados a mano que representan la vida de la aldea de Sierra Leona, cortes\u00eda de The Sound of Movement, que se vieron en trajes azul intenso o grandes vestidos sin mangas.<\/p>\n\r\n\t\t<style type='text\/css'>\r\n\t\t\t#gallery-2 {\r\n\t\t\t\tmargin: auto;\r\n\t\t\t}\r\n\t\t\t#gallery-2 .gallery-item {\r\n\t\t\t\tfloat: left;\r\n\t\t\t\tmargin-top: 10px;\r\n\t\t\t\ttext-align: center;\r\n\t\t\t\twidth: 50%;\r\n\t\t\t}\r\n\t\t\t#gallery-2 img {\r\n\t\t\t\tborder: 2px solid #cfcfcf;\r\n\t\t\t}\r\n\t\t\t#gallery-2 .gallery-caption {\r\n\t\t\t\tmargin-left: 0;\r\n\t\t\t}\r\n\t\t<\/style>\r\n\t\t<!-- see gallery_shortcode() in wp-includes\/media.php -->\n\t\t<div id='gallery-2' class='gallery galleryid-41442 gallery-columns-2 gallery-size-full gallery1'><script type=\"text\/javascript\">\r\n\/\/ <![CDATA[\r\n\tjQuery(document).ready(function () {\r\n\t\tjQuery(\".gallery1 a\").attr(\"rel\",\"gallery1\");\t\r\n\t\tjQuery('a[rel=\"gallery1\"]').colorbox({maxWidth:\"95%\", maxHeight:\"95%\",title: function(){ return jQuery(this).children().attr(\"alt\"); }, });\r\n\t});\r\n\/\/ ]]>\r\n<\/script>\n<dl class=\"gallery-item\">\n<dt class=\"gallery-icon\">\r\n<a href=\"https:\/\/www.lasrosas.com.ar\/portal\/wp-content\/uploads\/Labrum-London-Look-13.jpg\" title=\"\" rel=\"gallery1\"><img decoding=\"async\" data-src=\"https:\/\/www.lasrosas.com.ar\/portal\/wp-content\/uploads\/Labrum-London-Look-13.jpg\" width=\"667\" height=\"1000\" alt=\"\" src=\"data:image\/svg+xml;base64,PHN2ZyB3aWR0aD0iMSIgaGVpZ2h0PSIxIiB4bWxucz0iaHR0cDovL3d3dy53My5vcmcvMjAwMC9zdmciPjwvc3ZnPg==\" class=\"lazyload\" style=\"--smush-placeholder-width: 667px; --smush-placeholder-aspect-ratio: 667\/1000;\" \/><\/a>\r\n<\/dt><\/dl><dl class=\"gallery-item\">\n<dt class=\"gallery-icon\">\r\n<a href=\"https:\/\/www.lasrosas.com.ar\/portal\/wp-content\/uploads\/Labrum-London-Look-3.jpg\" title=\"\" rel=\"gallery1\"><img decoding=\"async\" data-src=\"https:\/\/www.lasrosas.com.ar\/portal\/wp-content\/uploads\/Labrum-London-Look-3.jpg\" width=\"666\" height=\"1000\" alt=\"\" src=\"data:image\/svg+xml;base64,PHN2ZyB3aWR0aD0iMSIgaGVpZ2h0PSIxIiB4bWxucz0iaHR0cDovL3d3dy53My5vcmcvMjAwMC9zdmciPjwvc3ZnPg==\" class=\"lazyload\" style=\"--smush-placeholder-width: 666px; --smush-placeholder-aspect-ratio: 666\/1000;\" \/><\/a>\r\n<\/dt><\/dl><br style=\"clear: both\" \/>\r\n\t\t<\/div>\n\n<p>Otros grandes elementos fueron las batas tie-dye y los blazers llevados con pantalones cortos. Se destacaron pantalones de sat\u00e9n p\u00farpura combinados con camisas verdes te\u00f1idas con corbata y abrigos a juego tambi\u00e9n en p\u00farpura, as\u00ed como abrigos terminados con solapas onduladas y curvil\u00edneas, trajes cruzados con mangas exageradas.<\/p>\n<p><strong>Eftychia: resuelve el qu\u00e9 me pongo a la hora de volver a la oficina<\/strong><\/p>\n<p>La colecci\u00f3n de primavera de Eftychia Karamolegkou trata sobre qu\u00e9 se siente bien usar al salir a un mundo cambiado. \u00abEl per\u00edodo reciente ha hecho desaparecer asuntos intrascendentes, escr\u00fapulos y restricciones sobre c\u00f3mo nos vestimos\u00bb, expres\u00f3 el dise\u00f1ador. Por eso, declar\u00f3 que esta colecci\u00f3n es \u00abm\u00e1s divertida, m\u00e1s flexible, un nuevo comienzo\u00bb.<\/p>\n<p>Cort\u00f3 faldas y vestidos con una profunda barra en forma de U para revelar una pierna, y convirti\u00f3 algunos de sus caracter\u00edsticos pantalones \u00ababuelo\u00bb en bermudas. El traje cobr\u00f3 otra forma: l\u00edneas m\u00e1s informales y relajadas, con deshilachados decorativos en las costuras, un detalle que tambi\u00e9n hizo eco en los pantalones de cuero con flecos.<\/p>\n\r\n\t\t<style type='text\/css'>\r\n\t\t\t#gallery-3 {\r\n\t\t\t\tmargin: auto;\r\n\t\t\t}\r\n\t\t\t#gallery-3 .gallery-item {\r\n\t\t\t\tfloat: left;\r\n\t\t\t\tmargin-top: 10px;\r\n\t\t\t\ttext-align: center;\r\n\t\t\t\twidth: 50%;\r\n\t\t\t}\r\n\t\t\t#gallery-3 img {\r\n\t\t\t\tborder: 2px solid #cfcfcf;\r\n\t\t\t}\r\n\t\t\t#gallery-3 .gallery-caption {\r\n\t\t\t\tmargin-left: 0;\r\n\t\t\t}\r\n\t\t<\/style>\r\n\t\t<!-- see gallery_shortcode() in wp-includes\/media.php -->\n\t\t<div id='gallery-3' class='gallery galleryid-41442 gallery-columns-2 gallery-size-full gallery1'><script type=\"text\/javascript\">\r\n\/\/ <![CDATA[\r\n\tjQuery(document).ready(function () {\r\n\t\tjQuery(\".gallery1 a\").attr(\"rel\",\"gallery1\");\t\r\n\t\tjQuery('a[rel=\"gallery1\"]').colorbox({maxWidth:\"95%\", maxHeight:\"95%\",title: function(){ return jQuery(this).children().attr(\"alt\"); }, });\r\n\t});\r\n\/\/ ]]>\r\n<\/script>\n<dl class=\"gallery-item\">\n<dt class=\"gallery-icon\">\r\n<a href=\"https:\/\/www.lasrosas.com.ar\/portal\/wp-content\/uploads\/00001-Eftychia-Spring-22-RTW-London-credit-Jessica-Mahaffey-1280x1920.jpg\" title=\"\" rel=\"gallery1\"><img decoding=\"async\" data-src=\"https:\/\/www.lasrosas.com.ar\/portal\/wp-content\/uploads\/00001-Eftychia-Spring-22-RTW-London-credit-Jessica-Mahaffey.jpg\" width=\"1280\" height=\"1920\" alt=\"\" src=\"data:image\/svg+xml;base64,PHN2ZyB3aWR0aD0iMSIgaGVpZ2h0PSIxIiB4bWxucz0iaHR0cDovL3d3dy53My5vcmcvMjAwMC9zdmciPjwvc3ZnPg==\" class=\"lazyload\" style=\"--smush-placeholder-width: 1280px; --smush-placeholder-aspect-ratio: 1280\/1920;\" \/><\/a>\r\n<\/dt><\/dl><dl class=\"gallery-item\">\n<dt class=\"gallery-icon\">\r\n<a href=\"https:\/\/www.lasrosas.com.ar\/portal\/wp-content\/uploads\/00015-Eftychia-Spring-22-RTW-London-credit-Jessica-Mahaffey-1280x1920.jpg\" title=\"\" rel=\"gallery1\"><img decoding=\"async\" data-src=\"https:\/\/www.lasrosas.com.ar\/portal\/wp-content\/uploads\/00015-Eftychia-Spring-22-RTW-London-credit-Jessica-Mahaffey.jpg\" width=\"2560\" height=\"3840\" alt=\"\" src=\"data:image\/svg+xml;base64,PHN2ZyB3aWR0aD0iMSIgaGVpZ2h0PSIxIiB4bWxucz0iaHR0cDovL3d3dy53My5vcmcvMjAwMC9zdmciPjwvc3ZnPg==\" class=\"lazyload\" style=\"--smush-placeholder-width: 2560px; --smush-placeholder-aspect-ratio: 2560\/3840;\" \/><\/a>\r\n<\/dt><\/dl><br style=\"clear: both\" \/>\r\n\t\t<\/div>\n\n<p><strong>Tiger of Sweden: una nueva concepci\u00f3n de las prendas deportivas<\/strong><\/p>\n<p>La marca sueca present\u00f3 su colecci\u00f3n Performance en Montague Square Garden y transmitido en vivo a trav\u00e9s de las redes sociales. Creada bajo la direcci\u00f3n del director de dise\u00f1o de la etiqueta, Bryan Conway, la colecci\u00f3n ten\u00eda como objetivo \u00abuna exploraci\u00f3n visual de c\u00f3mo se mueve el cuerpo, conectando energ\u00eda y expresi\u00f3n\u00bb.<\/p>\n<p>Items examinaron la construcci\u00f3n de ropa deportiva utilizando una variedad de t\u00e9cnicas de dise\u00f1o que pretend\u00edan establecer una nueva visi\u00f3n de la ropa deportiva. Camisas entalladas, jeans extragrandes y vestidos florales se combinaron con remeras con capucha. La combinaci\u00f3n de sastrer\u00eda y ropa deportiva, lo m\u00e1s destacado y audaz.<\/p>\n\r\n\t\t<style type='text\/css'>\r\n\t\t\t#gallery-4 {\r\n\t\t\t\tmargin: auto;\r\n\t\t\t}\r\n\t\t\t#gallery-4 .gallery-item {\r\n\t\t\t\tfloat: left;\r\n\t\t\t\tmargin-top: 10px;\r\n\t\t\t\ttext-align: center;\r\n\t\t\t\twidth: 50%;\r\n\t\t\t}\r\n\t\t\t#gallery-4 img {\r\n\t\t\t\tborder: 2px solid #cfcfcf;\r\n\t\t\t}\r\n\t\t\t#gallery-4 .gallery-caption {\r\n\t\t\t\tmargin-left: 0;\r\n\t\t\t}\r\n\t\t<\/style>\r\n\t\t<!-- see gallery_shortcode() in wp-includes\/media.php -->\n\t\t<div id='gallery-4' class='gallery galleryid-41442 gallery-columns-2 gallery-size-full gallery1'><script type=\"text\/javascript\">\r\n\/\/ <![CDATA[\r\n\tjQuery(document).ready(function () {\r\n\t\tjQuery(\".gallery1 a\").attr(\"rel\",\"gallery1\");\t\r\n\t\tjQuery('a[rel=\"gallery1\"]').colorbox({maxWidth:\"95%\", maxHeight:\"95%\",title: function(){ return jQuery(this).children().attr(\"alt\"); }, });\r\n\t});\r\n\/\/ ]]>\r\n<\/script>\n<dl class=\"gallery-item\">\n<dt class=\"gallery-icon\">\r\n<a href=\"https:\/\/www.lasrosas.com.ar\/portal\/wp-content\/uploads\/00006-Tiger-of-Sweden-Spring-22-RTW-London-credit-brand-1280x1920.jpg\" title=\"\" rel=\"gallery1\"><img decoding=\"async\" data-src=\"https:\/\/www.lasrosas.com.ar\/portal\/wp-content\/uploads\/00006-Tiger-of-Sweden-Spring-22-RTW-London-credit-brand.jpg\" width=\"2560\" height=\"3840\" alt=\"\" src=\"data:image\/svg+xml;base64,PHN2ZyB3aWR0aD0iMSIgaGVpZ2h0PSIxIiB4bWxucz0iaHR0cDovL3d3dy53My5vcmcvMjAwMC9zdmciPjwvc3ZnPg==\" class=\"lazyload\" style=\"--smush-placeholder-width: 2560px; --smush-placeholder-aspect-ratio: 2560\/3840;\" \/><\/a>\r\n<\/dt><\/dl><dl class=\"gallery-item\">\n<dt class=\"gallery-icon\">\r\n<a href=\"https:\/\/www.lasrosas.com.ar\/portal\/wp-content\/uploads\/Tiger-of-Sweden-1-1280x1920.jpg\" title=\"\" rel=\"gallery1\"><img decoding=\"async\" data-src=\"https:\/\/www.lasrosas.com.ar\/portal\/wp-content\/uploads\/Tiger-of-Sweden-1.jpg\" width=\"2732\" height=\"4098\" alt=\"\" src=\"data:image\/svg+xml;base64,PHN2ZyB3aWR0aD0iMSIgaGVpZ2h0PSIxIiB4bWxucz0iaHR0cDovL3d3dy53My5vcmcvMjAwMC9zdmciPjwvc3ZnPg==\" class=\"lazyload\" style=\"--smush-placeholder-width: 2732px; --smush-placeholder-aspect-ratio: 2732\/4098;\" \/><\/a>\r\n<\/dt><\/dl><br style=\"clear: both\" \/>\r\n\t\t<\/div>\n\n<p>Como parte de la presentaci\u00f3n, present\u00f3 el traje a medida, hecho para cualquier g\u00e9nero, es el comienzo de la l\u00ednea accesible para todos.<\/p>\n<p><strong>Supriya Lele: oda a la silueta femenina<\/strong><\/p>\n<p>Tiras, cortes y mucha silueta femenina es la propuesta que llev\u00f3 Supriya Lele. Una blusa particular con un corte de ojo de cerradura y sus pantalones ajustados con una hebra de tanga falsa implantada en una cadera, todo muy original. Drapeados y recortes asim\u00e9tricos, detalles de cintas de gasa finamente trenzados y formas asim\u00e9tricas en transparencias en capas. Adem\u00e1s, la marca busca que sus mujeres puedan superponer las cosas a su manera.<\/p>\n\r\n\t\t<style type='text\/css'>\r\n\t\t\t#gallery-5 {\r\n\t\t\t\tmargin: auto;\r\n\t\t\t}\r\n\t\t\t#gallery-5 .gallery-item {\r\n\t\t\t\tfloat: left;\r\n\t\t\t\tmargin-top: 10px;\r\n\t\t\t\ttext-align: center;\r\n\t\t\t\twidth: 50%;\r\n\t\t\t}\r\n\t\t\t#gallery-5 img {\r\n\t\t\t\tborder: 2px solid #cfcfcf;\r\n\t\t\t}\r\n\t\t\t#gallery-5 .gallery-caption {\r\n\t\t\t\tmargin-left: 0;\r\n\t\t\t}\r\n\t\t<\/style>\r\n\t\t<!-- see gallery_shortcode() in wp-includes\/media.php -->\n\t\t<div id='gallery-5' class='gallery galleryid-41442 gallery-columns-2 gallery-size-full gallery1'><script type=\"text\/javascript\">\r\n\/\/ <![CDATA[\r\n\tjQuery(document).ready(function () {\r\n\t\tjQuery(\".gallery1 a\").attr(\"rel\",\"gallery1\");\t\r\n\t\tjQuery('a[rel=\"gallery1\"]').colorbox({maxWidth:\"95%\", maxHeight:\"95%\",title: function(){ return jQuery(this).children().attr(\"alt\"); }, });\r\n\t});\r\n\/\/ ]]>\r\n<\/script>\n<dl class=\"gallery-item\">\n<dt class=\"gallery-icon\">\r\n<a href=\"https:\/\/www.lasrosas.com.ar\/portal\/wp-content\/uploads\/Supriya-Lele-gallery-19.jpg\" title=\"\" rel=\"gallery1\"><img decoding=\"async\" data-src=\"https:\/\/www.lasrosas.com.ar\/portal\/wp-content\/uploads\/Supriya-Lele-gallery-19.jpg\" width=\"640\" height=\"960\" alt=\"\" src=\"data:image\/svg+xml;base64,PHN2ZyB3aWR0aD0iMSIgaGVpZ2h0PSIxIiB4bWxucz0iaHR0cDovL3d3dy53My5vcmcvMjAwMC9zdmciPjwvc3ZnPg==\" class=\"lazyload\" style=\"--smush-placeholder-width: 640px; --smush-placeholder-aspect-ratio: 640\/960;\" \/><\/a>\r\n<\/dt><\/dl><dl class=\"gallery-item\">\n<dt class=\"gallery-icon\">\r\n<a href=\"https:\/\/www.lasrosas.com.ar\/portal\/wp-content\/uploads\/Supriya-Lele-gallery-18.jpg\" title=\"\" rel=\"gallery1\"><img decoding=\"async\" data-src=\"https:\/\/www.lasrosas.com.ar\/portal\/wp-content\/uploads\/Supriya-Lele-gallery-18.jpg\" width=\"640\" height=\"960\" alt=\"\" src=\"data:image\/svg+xml;base64,PHN2ZyB3aWR0aD0iMSIgaGVpZ2h0PSIxIiB4bWxucz0iaHR0cDovL3d3dy53My5vcmcvMjAwMC9zdmciPjwvc3ZnPg==\" class=\"lazyload\" style=\"--smush-placeholder-width: 640px; --smush-placeholder-aspect-ratio: 640\/960;\" \/><\/a>\r\n<\/dt><\/dl><br style=\"clear: both\" \/>\r\n\t\t<\/div>\n\n<!-- AddThis Advanced Settings generic via filter on the_content --><!-- AddThis Share Buttons generic via filter on the_content -->","protected":false},"excerpt":{"rendered":"<p>Desde el 15 de septiembre, Londres fue una verdadera fiesta de la moda: la Fashion Week mostr\u00f3 a unos 130 dise\u00f1adores con todas las tendencias de la nueva temporada y como si la pandemia nunca hubiera existido. Ac\u00e1 te mostramos todo lo que vamos a usar. Desde el 15 de septiembre, Londres est\u00e1 viviendo su [&hellip;]<!-- AddThis Advanced Settings generic via filter on get_the_excerpt --><!-- AddThis Share Buttons generic via filter on get_the_excerpt --><\/p>\n","protected":false},"author":6,"featured_media":41444,"comment_status":"closed","ping_status":"open","sticky":false,"template":"","format":"standard","meta":{"_acf_changed":false,"om_disable_all_campaigns":false,"_monsterinsights_skip_tracking":false,"_monsterinsights_sitenote_active":false,"_monsterinsights_sitenote_note":"","_monsterinsights_sitenote_category":0,"_uf_show_specific_survey":0,"_uf_disable_surveys":false,"footnotes":""},"categories":[234,100,30],"tags":[],"class_list":["post-41442","post","type-post","status-publish","format-standard","has-post-thumbnail","hentry","category-trend","category-noticias","category-moda"],"acf":[],"aioseo_notices":[],"_links":{"self":[{"href":"https:\/\/www.lasrosas.com.ar\/portal\/wp-json\/wp\/v2\/posts\/41442","targetHints":{"allow":["GET"]}}],"collection":[{"href":"https:\/\/www.lasrosas.com.ar\/portal\/wp-json\/wp\/v2\/posts"}],"about":[{"href":"https:\/\/www.lasrosas.com.ar\/portal\/wp-json\/wp\/v2\/types\/post"}],"author":[{"embeddable":true,"href":"https:\/\/www.lasrosas.com.ar\/portal\/wp-json\/wp\/v2\/users\/6"}],"replies":[{"embeddable":true,"href":"https:\/\/www.lasrosas.com.ar\/portal\/wp-json\/wp\/v2\/comments?post=41442"}],"version-history":[{"count":0,"href":"https:\/\/www.lasrosas.com.ar\/portal\/wp-json\/wp\/v2\/posts\/41442\/revisions"}],"wp:featuredmedia":[{"embeddable":true,"href":"https:\/\/www.lasrosas.com.ar\/portal\/wp-json\/wp\/v2\/media\/41444"}],"wp:attachment":[{"href":"https:\/\/www.lasrosas.com.ar\/portal\/wp-json\/wp\/v2\/media?parent=41442"}],"wp:term":[{"taxonomy":"category","embeddable":true,"href":"https:\/\/www.lasrosas.com.ar\/portal\/wp-json\/wp\/v2\/categories?post=41442"},{"taxonomy":"post_tag","embeddable":true,"href":"https:\/\/www.lasrosas.com.ar\/portal\/wp-json\/wp\/v2\/tags?post=41442"}],"curies":[{"name":"wp","href":"https:\/\/api.w.org\/{rel}","templated":true}]}}