{"id":41386,"date":"2021-09-21T13:57:11","date_gmt":"2021-09-21T16:57:11","guid":{"rendered":"https:\/\/www.lasrosas.com.ar\/portal\/?p=41386"},"modified":"2021-09-21T13:57:11","modified_gmt":"2021-09-21T16:57:11","slug":"vestite-de-verde","status":"publish","type":"post","link":"https:\/\/www.lasrosas.com.ar\/portal\/vestite-de-verde\/","title":{"rendered":"VESTITE DE VERDE"},"content":{"rendered":"<p>Si tuvi\u00e9ramos que elegir un color para definir la tendencia de esta primavera verano ser\u00eda el verde. Y si te parece dif\u00edcil de combinar porque es un tono nuevo en tu placard, ac\u00e1 te mostramos c\u00f3mo llevarlo.<\/p>\n<p>Es el color sorpresa de la temporada. A la lista de tonos que se usan esta primavera verano, hay que sumar el verde selva, llamado as\u00ed porque re\u00fane la tonalidad de la foresta.<\/p>\n<p>Como es un color \u00abnuevo\u00bb en nuestro placard, cuesta armar la paleta a la hora de pensar un look. Por eso, ac\u00e1 te contamos c\u00f3mo combinarlo, aunque siempre el total look es la opci\u00f3n m\u00e1s segura para vestir a la moda sin errarle.<\/p>\n<p>Las m\u00e1s cl\u00e1sicas van a preferir llevarlo con camel, blanco o negro.<\/p>\n<p><img decoding=\"async\" class=\"aligncenter wp-image-41387 lazyload\" data-src=\"https:\/\/www.lasrosas.com.ar\/portal\/wp-content\/uploads\/juliannawilde-238834655_509985650092680_2596074331240487235_nvestidos-largos.jpg\" alt=\"\" width=\"647\" height=\"809\" data-srcset=\"https:\/\/www.lasrosas.com.ar\/portal\/wp-content\/uploads\/juliannawilde-238834655_509985650092680_2596074331240487235_nvestidos-largos.jpg 864w, https:\/\/www.lasrosas.com.ar\/portal\/wp-content\/uploads\/juliannawilde-238834655_509985650092680_2596074331240487235_nvestidos-largos-768x960.jpg 768w\" data-sizes=\"(max-width: 647px) 100vw, 647px\" src=\"data:image\/svg+xml;base64,PHN2ZyB3aWR0aD0iMSIgaGVpZ2h0PSIxIiB4bWxucz0iaHR0cDovL3d3dy53My5vcmcvMjAwMC9zdmciPjwvc3ZnPg==\" style=\"--smush-placeholder-width: 647px; --smush-placeholder-aspect-ratio: 647\/809;\" \/><\/p>\n<p>Pero las m\u00e1s jugadas se atreven a combinarlo con las tonalidades naranjas.<\/p>\n<p><img decoding=\"async\" class=\"aligncenter  wp-image-41388 lazyload\" data-src=\"https:\/\/www.lasrosas.com.ar\/portal\/wp-content\/uploads\/juliannawilde_20210821_102736_3hhhhhhh.jpg\" alt=\"\" width=\"588\" height=\"644\" data-srcset=\"https:\/\/www.lasrosas.com.ar\/portal\/wp-content\/uploads\/juliannawilde_20210821_102736_3hhhhhhh.jpg 1080w, https:\/\/www.lasrosas.com.ar\/portal\/wp-content\/uploads\/juliannawilde_20210821_102736_3hhhhhhh-876x960.jpg 876w\" data-sizes=\"(max-width: 588px) 100vw, 588px\" src=\"data:image\/svg+xml;base64,PHN2ZyB3aWR0aD0iMSIgaGVpZ2h0PSIxIiB4bWxucz0iaHR0cDovL3d3dy53My5vcmcvMjAwMC9zdmciPjwvc3ZnPg==\" style=\"--smush-placeholder-width: 588px; --smush-placeholder-aspect-ratio: 588\/644;\" \/><\/p>\n<p>Y las m\u00e1s fashionistas no dudaran en conjugarlo con todas las tonalidades rosas, lilas llegando al violeta, e incluso al azul el\u00e9ctrico.<\/p>\n<p><img decoding=\"async\" class=\"aligncenter  wp-image-41389 lazyload\" data-src=\"https:\/\/www.lasrosas.com.ar\/portal\/wp-content\/uploads\/juliannawilde-236108075_987997711769524_3840533221064139121_nvestidos-largos.jpg\" alt=\"\" width=\"689\" height=\"861\" data-srcset=\"https:\/\/www.lasrosas.com.ar\/portal\/wp-content\/uploads\/juliannawilde-236108075_987997711769524_3840533221064139121_nvestidos-largos.jpg 864w, https:\/\/www.lasrosas.com.ar\/portal\/wp-content\/uploads\/juliannawilde-236108075_987997711769524_3840533221064139121_nvestidos-largos-768x960.jpg 768w\" data-sizes=\"(max-width: 689px) 100vw, 689px\" src=\"data:image\/svg+xml;base64,PHN2ZyB3aWR0aD0iMSIgaGVpZ2h0PSIxIiB4bWxucz0iaHR0cDovL3d3dy53My5vcmcvMjAwMC9zdmciPjwvc3ZnPg==\" style=\"--smush-placeholder-width: 689px; --smush-placeholder-aspect-ratio: 689\/861;\" \/><\/p>\n<!-- AddThis Advanced Settings generic via filter on the_content --><!-- AddThis Share Buttons generic via filter on the_content -->","protected":false},"excerpt":{"rendered":"<p>Si tuvi\u00e9ramos que elegir un color para definir la tendencia de esta primavera verano ser\u00eda el verde. Y si te parece dif\u00edcil de combinar porque es un tono nuevo en tu placard, ac\u00e1 te mostramos c\u00f3mo llevarlo. Es el color sorpresa de la temporada. A la lista de tonos que se usan esta primavera verano, [&hellip;]<!-- AddThis Advanced Settings generic via filter on get_the_excerpt --><!-- AddThis Share Buttons generic via filter on get_the_excerpt --><\/p>\n","protected":false},"author":6,"featured_media":41390,"comment_status":"closed","ping_status":"open","sticky":false,"template":"","format":"standard","meta":{"_acf_changed":false,"om_disable_all_campaigns":false,"_monsterinsights_skip_tracking":false,"_monsterinsights_sitenote_active":false,"_monsterinsights_sitenote_note":"","_monsterinsights_sitenote_category":0,"_uf_show_specific_survey":0,"_uf_disable_surveys":false,"footnotes":""},"categories":[234,100,30],"tags":[],"class_list":["post-41386","post","type-post","status-publish","format-standard","has-post-thumbnail","hentry","category-trend","category-noticias","category-moda"],"acf":[],"aioseo_notices":[],"_links":{"self":[{"href":"https:\/\/www.lasrosas.com.ar\/portal\/wp-json\/wp\/v2\/posts\/41386","targetHints":{"allow":["GET"]}}],"collection":[{"href":"https:\/\/www.lasrosas.com.ar\/portal\/wp-json\/wp\/v2\/posts"}],"about":[{"href":"https:\/\/www.lasrosas.com.ar\/portal\/wp-json\/wp\/v2\/types\/post"}],"author":[{"embeddable":true,"href":"https:\/\/www.lasrosas.com.ar\/portal\/wp-json\/wp\/v2\/users\/6"}],"replies":[{"embeddable":true,"href":"https:\/\/www.lasrosas.com.ar\/portal\/wp-json\/wp\/v2\/comments?post=41386"}],"version-history":[{"count":0,"href":"https:\/\/www.lasrosas.com.ar\/portal\/wp-json\/wp\/v2\/posts\/41386\/revisions"}],"wp:featuredmedia":[{"embeddable":true,"href":"https:\/\/www.lasrosas.com.ar\/portal\/wp-json\/wp\/v2\/media\/41390"}],"wp:attachment":[{"href":"https:\/\/www.lasrosas.com.ar\/portal\/wp-json\/wp\/v2\/media?parent=41386"}],"wp:term":[{"taxonomy":"category","embeddable":true,"href":"https:\/\/www.lasrosas.com.ar\/portal\/wp-json\/wp\/v2\/categories?post=41386"},{"taxonomy":"post_tag","embeddable":true,"href":"https:\/\/www.lasrosas.com.ar\/portal\/wp-json\/wp\/v2\/tags?post=41386"}],"curies":[{"name":"wp","href":"https:\/\/api.w.org\/{rel}","templated":true}]}}