{"id":41330,"date":"2021-09-20T13:32:05","date_gmt":"2021-09-20T16:32:05","guid":{"rendered":"https:\/\/www.lasrosas.com.ar\/portal\/?p=41330"},"modified":"2021-09-20T13:32:05","modified_gmt":"2021-09-20T16:32:05","slug":"el-bob-es-el-corte-del-ano","status":"publish","type":"post","link":"https:\/\/www.lasrosas.com.ar\/portal\/el-bob-es-el-corte-del-ano\/","title":{"rendered":"EL BOB ES EL CORTE DEL A\u00d1O"},"content":{"rendered":"<p>Tiene muchas versiones, se adapta a todos los tipos (y cantidades) de pelo y es el elegido de las famosas: encontr\u00e1 el que m\u00e1s te gusta y animate a adoptarlo vos tambi\u00e9n.<\/p>\n<p>Est\u00e1 posicionado como uno de los cortes del a\u00f1o, por su versatilidad: son varias las famosas que lo adoptaron, ya que admite muchas versiones y se adapta a todos los estilos. Carr\u00e9, blunt bob, paper cut, asim\u00e9trico, shaggy, con o sin flequillo son algunas de sus versiones.<\/p>\n<p><img decoding=\"async\" class=\"wp-image-41332 size-thumbnail lazyload\" data-src=\"https:\/\/www.lasrosas.com.ar\/portal\/wp-content\/uploads\/16207205135737-640x480.jpg\" alt=\"\" width=\"640\" height=\"480\" src=\"data:image\/svg+xml;base64,PHN2ZyB3aWR0aD0iMSIgaGVpZ2h0PSIxIiB4bWxucz0iaHR0cDovL3d3dy53My5vcmcvMjAwMC9zdmciPjwvc3ZnPg==\" style=\"--smush-placeholder-width: 640px; --smush-placeholder-aspect-ratio: 640\/480;\" \/><\/p>\n<p>Para saber si este corte de pelo va con vos, lo importante es confiar en un buen peluquero para que valore, seg\u00fan tu tipo de pelo y la forma de tu rostro, cu\u00e1l es el bob que deber\u00edas elegir para que te resulte f\u00e1cil de manejar a diario.<\/p>\n<p><strong>1- Bob con flequillo para pelo ondulado<\/strong><\/p>\n<p>El bob ayuda a definir m\u00e1s los rulos porque no se estira, aporta mucho movimiento y tambi\u00e9n volumen. Si le sum\u00e1s flequillo, el resultado es un look ochentoso que es tendencia este a\u00f1o.<\/p>\n<p><img decoding=\"async\" class=\"aligncenter wp-image-41333 lazyload\" data-src=\"https:\/\/www.lasrosas.com.ar\/portal\/wp-content\/uploads\/th1_22-960x960.jpg\" alt=\"\" width=\"735\" height=\"735\" data-srcset=\"https:\/\/www.lasrosas.com.ar\/portal\/wp-content\/uploads\/th1_22-960x960.jpg 960w, https:\/\/www.lasrosas.com.ar\/portal\/wp-content\/uploads\/th1_22.jpg 1920w\" data-sizes=\"(max-width: 735px) 100vw, 735px\" src=\"data:image\/svg+xml;base64,PHN2ZyB3aWR0aD0iMSIgaGVpZ2h0PSIxIiB4bWxucz0iaHR0cDovL3d3dy53My5vcmcvMjAwMC9zdmciPjwvc3ZnPg==\" style=\"--smush-placeholder-width: 735px; --smush-placeholder-aspect-ratio: 735\/735;\" \/><\/p>\n<p><strong>2- Bob paper cut para pelo lacio<\/strong><\/p>\n<p>El cl\u00e1sico bob cuadrado y sim\u00e9trico, tambi\u00e9n conocido paper cut es ideal si ten\u00e9s el pelo lacio o alisado: h\u00edper pulcro y prolijo, el favorito de Victoria Bechkam (que lo lleva con raya al costado) que tambi\u00e9n supo llevar Saoirse Ronan con raya al medio.<\/p>\n<div id=\"attachment_41335\" style=\"width: 656px\" class=\"wp-caption aligncenter\"><img decoding=\"async\" aria-describedby=\"caption-attachment-41335\" class=\"wp-image-41335 lazyload\" data-src=\"https:\/\/www.lasrosas.com.ar\/portal\/wp-content\/uploads\/15202153672915-744x960.jpg\" alt=\"\" width=\"646\" height=\"834\" data-srcset=\"https:\/\/www.lasrosas.com.ar\/portal\/wp-content\/uploads\/15202153672915-744x960.jpg 744w, https:\/\/www.lasrosas.com.ar\/portal\/wp-content\/uploads\/15202153672915.jpg 1000w\" data-sizes=\"(max-width: 646px) 100vw, 646px\" src=\"data:image\/svg+xml;base64,PHN2ZyB3aWR0aD0iMSIgaGVpZ2h0PSIxIiB4bWxucz0iaHR0cDovL3d3dy53My5vcmcvMjAwMC9zdmciPjwvc3ZnPg==\" style=\"--smush-placeholder-width: 646px; --smush-placeholder-aspect-ratio: 646\/834;\" \/><p id=\"caption-attachment-41335\" class=\"wp-caption-text\">Actor Saoirse Ronan arrives on the red carpet for the 90th annual Academy Awards at the Dolby Theatre in the Hollywood section of Los Angeles on March 4, 2018. Photo by Jim Ruymen\/UPI<\/p><\/div>\n<p><strong>3- Bob desmechado para sumar volumen<\/strong><\/p>\n<p>El desmechado es un buen recurso para generar volumen el pelo fino y escaso, ya que suma volumen.<\/p>\n<p><img decoding=\"async\" class=\"aligncenter wp-image-41336 lazyload\" data-src=\"https:\/\/www.lasrosas.com.ar\/portal\/wp-content\/uploads\/short-bob-with-bangs-picture2-83402-640x960.jpg\" alt=\"\" width=\"569\" height=\"854\" data-srcset=\"https:\/\/www.lasrosas.com.ar\/portal\/wp-content\/uploads\/short-bob-with-bangs-picture2-83402-640x960.jpg 640w, https:\/\/www.lasrosas.com.ar\/portal\/wp-content\/uploads\/short-bob-with-bangs-picture2-83402.jpg 1080w\" data-sizes=\"(max-width: 569px) 100vw, 569px\" src=\"data:image\/svg+xml;base64,PHN2ZyB3aWR0aD0iMSIgaGVpZ2h0PSIxIiB4bWxucz0iaHR0cDovL3d3dy53My5vcmcvMjAwMC9zdmciPjwvc3ZnPg==\" style=\"--smush-placeholder-width: 569px; --smush-placeholder-aspect-ratio: 569\/854;\" \/><\/p>\n<p><strong>4- Collarbone cut o bob por la clav\u00edcula, para el pelo fino<\/strong><\/p>\n<p>Es ideal para el pelo fino que, cortado a esa altura, se genera una sensaci\u00f3n de densidad. Pod\u00e9s peinarlo con raya al costado o con raya en el medio y sumar ondas ligeras, como Kristen Stewart.<\/p>\n<p><img decoding=\"async\" class=\"aligncenter wp-image-41337 lazyload\" data-src=\"https:\/\/www.lasrosas.com.ar\/portal\/wp-content\/uploads\/16310865283399-641x960.jpg\" alt=\"\" width=\"594\" height=\"890\" data-srcset=\"https:\/\/www.lasrosas.com.ar\/portal\/wp-content\/uploads\/16310865283399-641x960.jpg 641w, https:\/\/www.lasrosas.com.ar\/portal\/wp-content\/uploads\/16310865283399.jpg 828w\" data-sizes=\"(max-width: 594px) 100vw, 594px\" src=\"data:image\/svg+xml;base64,PHN2ZyB3aWR0aD0iMSIgaGVpZ2h0PSIxIiB4bWxucz0iaHR0cDovL3d3dy53My5vcmcvMjAwMC9zdmciPjwvc3ZnPg==\" style=\"--smush-placeholder-width: 594px; --smush-placeholder-aspect-ratio: 594\/890;\" \/><\/p>\n<p><strong>5- Mini bob, ideal para pelo con rulos<\/strong><\/p>\n<p>Si hay un bob elegante y chic es el mini bob o bob franc\u00e9s, que se lleva a la altura de la mand\u00edbula, perfilando los contornos del rostro. Es un corte de pelo asim\u00e9trico, ligeramente m\u00e1s largo en la parte de adelante que en la de atr\u00e1s y al que se le puede a\u00f1adir un flequillo corto o al ras de las cejas. Este corte de pelo con aires retro, se peina con las puntas ligeramente hacia dentro. Sumar unas ondas suaves le dar\u00e1 un toque m\u00e1s parisino.<\/p>\n<p><img decoding=\"async\" class=\"aligncenter wp-image-41338 size-thumbnail lazyload\" data-src=\"https:\/\/www.lasrosas.com.ar\/portal\/wp-content\/uploads\/corte-pelo-bob-corto-640x480.png\" alt=\"\" width=\"640\" height=\"480\" src=\"data:image\/svg+xml;base64,PHN2ZyB3aWR0aD0iMSIgaGVpZ2h0PSIxIiB4bWxucz0iaHR0cDovL3d3dy53My5vcmcvMjAwMC9zdmciPjwvc3ZnPg==\" style=\"--smush-placeholder-width: 640px; --smush-placeholder-aspect-ratio: 640\/480;\" \/><\/p>\n<!-- AddThis Advanced Settings generic via filter on the_content --><!-- AddThis Share Buttons generic via filter on the_content -->","protected":false},"excerpt":{"rendered":"<p>Tiene muchas versiones, se adapta a todos los tipos (y cantidades) de pelo y es el elegido de las famosas: encontr\u00e1 el que m\u00e1s te gusta y animate a adoptarlo vos tambi\u00e9n. Est\u00e1 posicionado como uno de los cortes del a\u00f1o, por su versatilidad: son varias las famosas que lo adoptaron, ya que admite muchas [&hellip;]<!-- AddThis Advanced Settings generic via filter on get_the_excerpt --><!-- AddThis Share Buttons generic via filter on get_the_excerpt --><\/p>\n","protected":false},"author":6,"featured_media":41332,"comment_status":"closed","ping_status":"open","sticky":false,"template":"","format":"standard","meta":{"_acf_changed":false,"om_disable_all_campaigns":false,"_monsterinsights_skip_tracking":false,"_monsterinsights_sitenote_active":false,"_monsterinsights_sitenote_note":"","_monsterinsights_sitenote_category":0,"_uf_show_specific_survey":0,"_uf_disable_surveys":false,"footnotes":""},"categories":[376,100],"tags":[],"class_list":["post-41330","post","type-post","status-publish","format-standard","has-post-thumbnail","hentry","category-lifestyle","category-noticias"],"acf":[],"aioseo_notices":[],"_links":{"self":[{"href":"https:\/\/www.lasrosas.com.ar\/portal\/wp-json\/wp\/v2\/posts\/41330","targetHints":{"allow":["GET"]}}],"collection":[{"href":"https:\/\/www.lasrosas.com.ar\/portal\/wp-json\/wp\/v2\/posts"}],"about":[{"href":"https:\/\/www.lasrosas.com.ar\/portal\/wp-json\/wp\/v2\/types\/post"}],"author":[{"embeddable":true,"href":"https:\/\/www.lasrosas.com.ar\/portal\/wp-json\/wp\/v2\/users\/6"}],"replies":[{"embeddable":true,"href":"https:\/\/www.lasrosas.com.ar\/portal\/wp-json\/wp\/v2\/comments?post=41330"}],"version-history":[{"count":0,"href":"https:\/\/www.lasrosas.com.ar\/portal\/wp-json\/wp\/v2\/posts\/41330\/revisions"}],"wp:featuredmedia":[{"embeddable":true,"href":"https:\/\/www.lasrosas.com.ar\/portal\/wp-json\/wp\/v2\/media\/41332"}],"wp:attachment":[{"href":"https:\/\/www.lasrosas.com.ar\/portal\/wp-json\/wp\/v2\/media?parent=41330"}],"wp:term":[{"taxonomy":"category","embeddable":true,"href":"https:\/\/www.lasrosas.com.ar\/portal\/wp-json\/wp\/v2\/categories?post=41330"},{"taxonomy":"post_tag","embeddable":true,"href":"https:\/\/www.lasrosas.com.ar\/portal\/wp-json\/wp\/v2\/tags?post=41330"}],"curies":[{"name":"wp","href":"https:\/\/api.w.org\/{rel}","templated":true}]}}