{"id":40848,"date":"2021-09-10T12:47:51","date_gmt":"2021-09-10T15:47:51","guid":{"rendered":"https:\/\/www.lasrosas.com.ar\/portal\/?p=40848"},"modified":"2021-09-10T12:47:51","modified_gmt":"2021-09-10T15:47:51","slug":"premios-billboard-de-la-musica-latina-2021","status":"publish","type":"post","link":"https:\/\/www.lasrosas.com.ar\/portal\/premios-billboard-de-la-musica-latina-2021\/","title":{"rendered":"PREMIOS BILLBOARD DE LA M\u00daSICA LATINA 2021"},"content":{"rendered":"<p>Gaby Espino, William Levy, Pedro Fernandez y Maite Perroni ser\u00e1n los grandes anfitriones de la noche, este pr\u00f3ximo jueves 23 de Septiembre en exclusiva por Telemundo Internacional.<\/p>\n<p><strong>Telemundo Internacional<\/strong> y <strong>Billboard<\/strong> anuncian que las estrellas de la m\u00fasica y la televisi\u00f3n <strong>William Levy,<\/strong> <strong>Gaby Espino<\/strong>, <strong>Pedro Fern\u00e1ndez<\/strong>, y<strong> Maite Perroni<\/strong> ser\u00e1n los anfitriones oficiales de la ceremonia de los <strong>Premios Billboard de la M\u00fasica Latina 2021<\/strong>, que se realizar\u00e1 este pr\u00f3ximo <strong>jueves 23 de septiembre 2021.<\/strong><\/p>\n<p>La transmisi\u00f3n comenzar\u00e1 con el gran especial de la<strong> \u00a8<em>#AlfombraRojaE! Premios Billboard de la M\u00fasica Latina 2021<\/em>\u00a8<\/strong> a trav\u00e9s de la pantalla lineal a partir de las <strong>5PM MEX\/ LATAM, 7PM ARG\/ VEN, 4PM CENTROAM\u00c9RICA <\/strong>conducida por nuestra host, la talentosa actriz mexicana <strong>Carla Medina<\/strong>, donde podr\u00e1n conocer en exclusiva todos los looks m\u00e1s esperados de la noche, adelantos y declaraciones in\u00e9ditas de las estrellas que desfilar\u00e1n a lo largo de la Red Carpet latina m\u00e1s esperada del a\u00f1o, a trav\u00e9s de la cobertura en conjunto entre <strong>E! Entertainment Latinoam\u00e9rica y Telemundo Internacional. <\/strong><\/p>\n<p>Es es la primera vez que estas cuatro figuras de talla internacional se unen en un mismo escenario para presentarle a los televidentes lo mejor de la m\u00fasica latina.<\/p>\n<p><strong>William Levy<\/strong>, el actor y productor estadounidense nacido en Cuba, salt\u00f3 a la fama durante los <em>realities <\/em>transmitidos por Telemundo: \u201cIsla de la tentaci\u00f3n\u201d y \u201cProtagonistas de novela\u201d. Su primer protag\u00f3nico en 2008, junto a Maite Perroni en la telenovela \u201cCuidado con el \u00e1ngel\u201d, rompi\u00f3 r\u00e9cords de audiencia en EE. UU. y fue seguido por el \u00e9xito en \u201cSortilegio\u201d. Nombrado uno de los Diez Mejores Actores Latinos por Variety, ha participado en varias pel\u00edculas, incluyendo \u201cThe Single Moms Club\u201d de Tyler Perry, \u201cAddicted\u201d, y \u201cResident Evil: The Final Chapter\u201d. Tambi\u00e9n tuvo un rol en la serie de televisi\u00f3n \u201cStar\u201d. Recientemente, escribi\u00f3, produjo y protagoniz\u00f3 \u201cEn Brazos de un Asesino\u201d, la adaptaci\u00f3n cinematogr\u00e1fica de la novela de romance-suspenso <u>Killing Sarai<\/u>. Actualmente es uno de los protagonistas de la nueva versi\u00f3n de\u00a0Telemundo\u00a0de \u201cCaf\u00e9 con aroma de mujer\u201d junto a Laura Londo\u00f1o, y coproducir\u00e1 y protagonizar\u00e1 en \u201cLa Isla\u201d, una producci\u00f3n de suspenso en Easter Island.<\/p>\n<p><img decoding=\"async\" class=\"aligncenter wp-image-40849 lazyload\" data-src=\"https:\/\/www.lasrosas.com.ar\/portal\/wp-content\/uploads\/WILLIAM-LEVY-Photo-684x960.jpg\" alt=\"\" width=\"638\" height=\"895\" data-srcset=\"https:\/\/www.lasrosas.com.ar\/portal\/wp-content\/uploads\/WILLIAM-LEVY-Photo-684x960.jpg 684w, https:\/\/www.lasrosas.com.ar\/portal\/wp-content\/uploads\/WILLIAM-LEVY-Photo.jpg 1059w\" data-sizes=\"(max-width: 638px) 100vw, 638px\" src=\"data:image\/svg+xml;base64,PHN2ZyB3aWR0aD0iMSIgaGVpZ2h0PSIxIiB4bWxucz0iaHR0cDovL3d3dy53My5vcmcvMjAwMC9zdmciPjwvc3ZnPg==\" style=\"--smush-placeholder-width: 638px; --smush-placeholder-aspect-ratio: 638\/895;\" \/><\/p>\n<p>La actriz, empresaria e influencer venezolana <strong>Gaby Espino, <\/strong>fue protagonista en las exitosas telenovelas \u201cLa suerte de Loli,\u201d y \u201cSanta diabla\u201d, y tambi\u00e9n particip\u00f3 en la 3era y 4ta temporada de \u201cSe\u00f1ora acero\u201d, todas por <strong>Telemundo. <\/strong>Tambi\u00e9n protagonizo en la serie de Netflix \u201cJugar con fuego\u201d. En el 2015 condujo los <strong>Premios Billboard de la M\u00fasica Latina<\/strong>, la transmisi\u00f3n m\u00e1s vista de toda la historia de los premios. Luego regres\u00f3 para presentar la ceremonia en 2016, 2018, 2019 y 2020. Tambi\u00e9n fue la presentadora de \u201cPremios Tu Mundo\u201d entre 2011 y 2014. Gaby es actualmente una de las embajadoras en el mercado latino y anglo de EE.UU. para Neutrogena, y por nueve a\u00f1os consecutivos ha sido la vocera de Spectrum. En los \u00faltimos a\u00f1os se ha convertido en una de las latinas m\u00e1s influyentes, con m\u00e1s de 19 millones de seguidores.<\/p>\n<p><img decoding=\"async\" class=\"aligncenter wp-image-40852 lazyload\" data-src=\"https:\/\/www.lasrosas.com.ar\/portal\/wp-content\/uploads\/GABY-ESPINO-Photo-33-641x960.jpg\" alt=\"\" width=\"607\" height=\"909\" data-srcset=\"https:\/\/www.lasrosas.com.ar\/portal\/wp-content\/uploads\/GABY-ESPINO-Photo-33-641x960.jpg 641w, https:\/\/www.lasrosas.com.ar\/portal\/wp-content\/uploads\/GABY-ESPINO-Photo-33-1281x1920.jpg 1281w\" data-sizes=\"(max-width: 607px) 100vw, 607px\" src=\"data:image\/svg+xml;base64,PHN2ZyB3aWR0aD0iMSIgaGVpZ2h0PSIxIiB4bWxucz0iaHR0cDovL3d3dy53My5vcmcvMjAwMC9zdmciPjwvc3ZnPg==\" style=\"--smush-placeholder-width: 607px; --smush-placeholder-aspect-ratio: 607\/909;\" \/><\/p>\n<p><strong>Pedro Fern\u00e1ndez<\/strong>, el reconocido cantante, actor, productor y compositor mexicano, logr\u00f3 reconocimiento mundial por sus innumerables \u00e9xitos musicales y su participaci\u00f3n en pel\u00edculas como\u00a0\u201cVacaciones de<em>\u00a0<\/em>terror\u201d y\u00a0\u201cLa mugrosita\u201d, as\u00ed como por sus roles en telenovelas como\u00a0\u201cCachito de cielo\u201d\u00a0y\u00a0\u201cHasta el fin del mundo\u201d. Pr\u00f3ximamente, regresar\u00e1 a la televisi\u00f3n con su rol protag\u00f3nico en \u201cMalverde: El Santo Patr\u00f3n\u201d a partir de septiembre en Telemundo.\u00a0 Su trayectoria musical cuenta con m\u00e1s de 35 producciones discogr\u00e1ficas con temas como\u00a0\u201cYo no fui\u201d,\u00a0\u201cAmarte a la antigua\u201d\u00a0y\u00a0\u201cEl aventurero\u201d.\u00a0 Adem\u00e1s, comparti\u00f3 su experiencia y talento musical con j\u00f3venes artistas aspirantes como \u201ccoach\u201d en dos temporadas de\u00a0\u201cLa voz kids\u201d\u00a0de Telemundo.<\/p>\n<p><img decoding=\"async\" class=\"aligncenter wp-image-40850 size-thumbnail lazyload\" data-src=\"https:\/\/www.lasrosas.com.ar\/portal\/wp-content\/uploads\/Pedro-Fernandez-Photo_444A0552-640x480.jpg\" alt=\"\" width=\"640\" height=\"480\" src=\"data:image\/svg+xml;base64,PHN2ZyB3aWR0aD0iMSIgaGVpZ2h0PSIxIiB4bWxucz0iaHR0cDovL3d3dy53My5vcmcvMjAwMC9zdmciPjwvc3ZnPg==\" style=\"--smush-placeholder-width: 640px; --smush-placeholder-aspect-ratio: 640\/480;\" \/><\/p>\n<p><strong>Maite Perroni,<\/strong> actriz y cantante mexicana con m\u00e1s de 30 millones de seguidores quien recorri\u00f3 el mundo como integrante del grupo musical RBD, ha protagonizado exitosas series en las tres plataformas de <em>streaming <\/em>m\u00e1s importantes a nivel mundial. La primera temporada de \u00abOscuro deseo\u00bb se estren\u00f3 en m\u00e1s de 190 pa\u00edses siendo vista por 35 millones de usuarios, convirti\u00e9ndola en la producci\u00f3n de habla no inglesa m\u00e1s exitosa en Netflix. Por otra parte, \u00abEl juego de las llaves\u00bb de Amazon Prime Video fue galardonada como Serie del A\u00f1o en los premios GQ 2019 y nominada ese mismo a\u00f1o en la categor\u00eda \u201c<em>Outstanding Spanish \u2013 Language Scripted Television\u201d<\/em> en los Glaad Awards en Estados Unidos. Debido al \u00e9xito de \u201cHerederos por accidente\u201d en Claro Video, MGM TV International compr\u00f3 los derechos para transmitirla a nivel mundial.<\/p>\n<p><img decoding=\"async\" class=\"aligncenter wp-image-40851 lazyload\" data-src=\"https:\/\/www.lasrosas.com.ar\/portal\/wp-content\/uploads\/Maite-Perroni-Photo-_USAA74981-641x960.jpg\" alt=\"\" width=\"570\" height=\"854\" src=\"data:image\/svg+xml;base64,PHN2ZyB3aWR0aD0iMSIgaGVpZ2h0PSIxIiB4bWxucz0iaHR0cDovL3d3dy53My5vcmcvMjAwMC9zdmciPjwvc3ZnPg==\" style=\"--smush-placeholder-width: 570px; --smush-placeholder-aspect-ratio: 570\/854;\" \/><\/p>\n<p>Los premios coincidir\u00e1n con la <strong>Semana de la M\u00fasica Latina de Billboard<\/strong>, que regresa a Miami, Estados Unidos, del 20 al 25 de septiembre de 2021, celebrando la m\u00fasica, la cultura y el entretenimiento latinoamericano durante toda la semana con presentaciones exclusivas, conversaciones \u00fanicas, talleres, presentaciones, eventos, y mucho m\u00e1s.<\/p>\n<p><strong><em>\u00bfListos para celebrar lo mejor de la m\u00fasica latinoamericana junto a tus artistas favoritos?<\/em><\/strong><\/p>\n<p><strong><em>\u00a1No te pierdas el jueves 23 de septiembre \u00a8Premios Billboard de la M\u00fasica Latina\u00a8 solo por Telemundo Internacional!<\/em><\/strong><\/p>\n<p>Para m\u00e1s detalles, visita <a href=\"http:\/\/www.telemundointernacional.com\">www.telemundointernacional.com<\/a> y s\u00famate a la conversaci\u00f3n a trav\u00e9s de nuestras redes sociales:<\/p>\n<p><em>Facebook.com\/Telemundointl<\/em><\/p>\n<p><em>Instagram y Twitter: @Telemundointl<\/em><\/p>\n<p><em>Youtube.com\/TelemundointlTV<\/em><\/p>\n<!-- AddThis Advanced Settings generic via filter on the_content --><!-- AddThis Share Buttons generic via filter on the_content -->","protected":false},"excerpt":{"rendered":"<p>Gaby Espino, William Levy, Pedro Fernandez y Maite Perroni ser\u00e1n los grandes anfitriones de la noche, este pr\u00f3ximo jueves 23 de Septiembre en exclusiva por Telemundo Internacional. Telemundo Internacional y Billboard anuncian que las estrellas de la m\u00fasica y la televisi\u00f3n William Levy, Gaby Espino, Pedro Fern\u00e1ndez, y Maite Perroni ser\u00e1n los anfitriones oficiales de [&hellip;]<!-- AddThis Advanced Settings generic via filter on get_the_excerpt --><!-- AddThis Share Buttons generic via filter on get_the_excerpt --><\/p>\n","protected":false},"author":6,"featured_media":40851,"comment_status":"closed","ping_status":"open","sticky":false,"template":"","format":"standard","meta":{"_acf_changed":false,"om_disable_all_campaigns":false,"_monsterinsights_skip_tracking":false,"_monsterinsights_sitenote_active":false,"_monsterinsights_sitenote_note":"","_monsterinsights_sitenote_category":0,"_uf_show_specific_survey":0,"_uf_disable_surveys":false,"footnotes":""},"categories":[239,234,100],"tags":[],"class_list":["post-40848","post","type-post","status-publish","format-standard","has-post-thumbnail","hentry","category-recomendados","category-trend","category-noticias"],"acf":[],"aioseo_notices":[],"_links":{"self":[{"href":"https:\/\/www.lasrosas.com.ar\/portal\/wp-json\/wp\/v2\/posts\/40848","targetHints":{"allow":["GET"]}}],"collection":[{"href":"https:\/\/www.lasrosas.com.ar\/portal\/wp-json\/wp\/v2\/posts"}],"about":[{"href":"https:\/\/www.lasrosas.com.ar\/portal\/wp-json\/wp\/v2\/types\/post"}],"author":[{"embeddable":true,"href":"https:\/\/www.lasrosas.com.ar\/portal\/wp-json\/wp\/v2\/users\/6"}],"replies":[{"embeddable":true,"href":"https:\/\/www.lasrosas.com.ar\/portal\/wp-json\/wp\/v2\/comments?post=40848"}],"version-history":[{"count":0,"href":"https:\/\/www.lasrosas.com.ar\/portal\/wp-json\/wp\/v2\/posts\/40848\/revisions"}],"wp:featuredmedia":[{"embeddable":true,"href":"https:\/\/www.lasrosas.com.ar\/portal\/wp-json\/wp\/v2\/media\/40851"}],"wp:attachment":[{"href":"https:\/\/www.lasrosas.com.ar\/portal\/wp-json\/wp\/v2\/media?parent=40848"}],"wp:term":[{"taxonomy":"category","embeddable":true,"href":"https:\/\/www.lasrosas.com.ar\/portal\/wp-json\/wp\/v2\/categories?post=40848"},{"taxonomy":"post_tag","embeddable":true,"href":"https:\/\/www.lasrosas.com.ar\/portal\/wp-json\/wp\/v2\/tags?post=40848"}],"curies":[{"name":"wp","href":"https:\/\/api.w.org\/{rel}","templated":true}]}}