{"id":40800,"date":"2021-09-09T12:37:24","date_gmt":"2021-09-09T15:37:24","guid":{"rendered":"https:\/\/www.lasrosas.com.ar\/portal\/?p=40800"},"modified":"2021-09-09T12:37:24","modified_gmt":"2021-09-09T15:37:24","slug":"terapia-alternativa-la-nueva-comedia-dramatica-de-star","status":"publish","type":"post","link":"https:\/\/www.lasrosas.com.ar\/portal\/terapia-alternativa-la-nueva-comedia-dramatica-de-star\/","title":{"rendered":"\u201cTERAPIA ALTERNATIVA\u201d LA NUEVA COMEDIA DRAM\u00c1TICA DE STAR+"},"content":{"rendered":"<p>El 24 de septiembre llega en exclusiva la temporada completa de la nueva comedia dram\u00e1tica \u201cTerapia Alternativa\u201d y star+ presenta el tr\u00e1iler.<\/p>\n<p>Terapia Alternativa, relata la historia de Selva, una exc\u00e9ntrica y reconocida terapeuta de parejas que ve desafiada su forma de hacer an\u00e1lisis ante la llegada a su consultorio de El\u00edas y Malena, una pareja de amantes que va en busca de ayuda para separarse. \u200bAnte este nuevo e inexplorado desaf\u00edo, Selva se embarca junto a esta pareja en un tipo de terapia at\u00edpica, que la har\u00e1 traspasar todos los l\u00edmites permitidos en su profesi\u00f3n.<\/p>\n<p>Compuesta por 10 episodios de 45 minutos, disponibles en su totalidad desde el 24 de septiembre en Star+, \u201cTerapia alternativa\u201d es protagonizada por Carla Peterson, Benjam\u00edn Vicu\u00f1a y Eugenia \u2018China\u2019 Su\u00e1rez, entre un gran elenco, y retrata la historia de una pareja de amantes que recurre a una terapeuta un tanto at\u00edpica, para que los ayude a separarse. Con una original mirada al mundo de la terapia, la trama aborda aspectos de la vida cotidiana con los que la audiencia podr\u00e1 identificarse: la vida en pareja, la infidelidad, el amor, la familia y el deber ser.<\/p>\n<p><iframe title=\"YouTube video player\" data-src=\"https:\/\/www.youtube.com\/embed\/Z2gg5dOXpRQ\" width=\"560\" height=\"315\" frameborder=\"0\" allowfullscreen=\"allowfullscreen\" src=\"data:image\/svg+xml;base64,PHN2ZyB3aWR0aD0iMSIgaGVpZ2h0PSIxIiB4bWxucz0iaHR0cDovL3d3dy53My5vcmcvMjAwMC9zdmciPjwvc3ZnPg==\" class=\"lazyload\" data-load-mode=\"1\"><\/iframe><\/p>\n<!-- AddThis Advanced Settings generic via filter on the_content --><!-- AddThis Share Buttons generic via filter on the_content -->","protected":false},"excerpt":{"rendered":"<p>El 24 de septiembre llega en exclusiva la temporada completa de la nueva comedia dram\u00e1tica \u201cTerapia Alternativa\u201d y star+ presenta el tr\u00e1iler. Terapia Alternativa, relata la historia de Selva, una exc\u00e9ntrica y reconocida terapeuta de parejas que ve desafiada su forma de hacer an\u00e1lisis ante la llegada a su consultorio de El\u00edas y Malena, una [&hellip;]<!-- AddThis Advanced Settings generic via filter on get_the_excerpt --><!-- AddThis Share Buttons generic via filter on get_the_excerpt --><\/p>\n","protected":false},"author":6,"featured_media":40801,"comment_status":"closed","ping_status":"open","sticky":false,"template":"","format":"standard","meta":{"_acf_changed":false,"om_disable_all_campaigns":false,"_monsterinsights_skip_tracking":false,"_monsterinsights_sitenote_active":false,"_monsterinsights_sitenote_note":"","_monsterinsights_sitenote_category":0,"_uf_show_specific_survey":0,"_uf_disable_surveys":false,"footnotes":""},"categories":[234,100],"tags":[],"class_list":["post-40800","post","type-post","status-publish","format-standard","has-post-thumbnail","hentry","category-trend","category-noticias"],"acf":[],"aioseo_notices":[],"_links":{"self":[{"href":"https:\/\/www.lasrosas.com.ar\/portal\/wp-json\/wp\/v2\/posts\/40800","targetHints":{"allow":["GET"]}}],"collection":[{"href":"https:\/\/www.lasrosas.com.ar\/portal\/wp-json\/wp\/v2\/posts"}],"about":[{"href":"https:\/\/www.lasrosas.com.ar\/portal\/wp-json\/wp\/v2\/types\/post"}],"author":[{"embeddable":true,"href":"https:\/\/www.lasrosas.com.ar\/portal\/wp-json\/wp\/v2\/users\/6"}],"replies":[{"embeddable":true,"href":"https:\/\/www.lasrosas.com.ar\/portal\/wp-json\/wp\/v2\/comments?post=40800"}],"version-history":[{"count":0,"href":"https:\/\/www.lasrosas.com.ar\/portal\/wp-json\/wp\/v2\/posts\/40800\/revisions"}],"wp:featuredmedia":[{"embeddable":true,"href":"https:\/\/www.lasrosas.com.ar\/portal\/wp-json\/wp\/v2\/media\/40801"}],"wp:attachment":[{"href":"https:\/\/www.lasrosas.com.ar\/portal\/wp-json\/wp\/v2\/media?parent=40800"}],"wp:term":[{"taxonomy":"category","embeddable":true,"href":"https:\/\/www.lasrosas.com.ar\/portal\/wp-json\/wp\/v2\/categories?post=40800"},{"taxonomy":"post_tag","embeddable":true,"href":"https:\/\/www.lasrosas.com.ar\/portal\/wp-json\/wp\/v2\/tags?post=40800"}],"curies":[{"name":"wp","href":"https:\/\/api.w.org\/{rel}","templated":true}]}}