{"id":40709,"date":"2021-09-08T13:10:11","date_gmt":"2021-09-08T16:10:11","guid":{"rendered":"https:\/\/www.lasrosas.com.ar\/portal\/?p=40709"},"modified":"2021-09-08T13:10:11","modified_gmt":"2021-09-08T16:10:11","slug":"jorge-rey-adelanto-sus-disenos-para-el-met-gala-2021","status":"publish","type":"post","link":"https:\/\/www.lasrosas.com.ar\/portal\/jorge-rey-adelanto-sus-disenos-para-el-met-gala-2021\/","title":{"rendered":"JORGE REY ADELANT\u00d3 SUS DISE\u00d1OS PARA EL MET GALA 2021"},"content":{"rendered":"<p>El dise\u00f1ador nacido en Rufino, Santa Fe, representar\u00e1 a la Argentina en el evento que tendr\u00e1 lugar el lunes que viene en el Museo Metropolitano de Arte de esa ciudad de Estados Unidos.<\/p>\n<p><img decoding=\"async\" class=\"aligncenter wp-image-40710 size-medium lazyload\" data-src=\"https:\/\/www.lasrosas.com.ar\/portal\/wp-content\/uploads\/IMG_4697-640x960.jpg\" alt=\"\" width=\"640\" height=\"960\" data-srcset=\"https:\/\/www.lasrosas.com.ar\/portal\/wp-content\/uploads\/IMG_4697-640x960.jpg 640w, https:\/\/www.lasrosas.com.ar\/portal\/wp-content\/uploads\/IMG_4697-1280x1920.jpg 1280w\" data-sizes=\"(max-width: 640px) 100vw, 640px\" src=\"data:image\/svg+xml;base64,PHN2ZyB3aWR0aD0iMSIgaGVpZ2h0PSIxIiB4bWxucz0iaHR0cDovL3d3dy53My5vcmcvMjAwMC9zdmciPjwvc3ZnPg==\" style=\"--smush-placeholder-width: 640px; --smush-placeholder-aspect-ratio: 640\/960;\" \/><\/p>\n<p>Jorge Rey es una de las grandes promesas de la moda argentina que ya viene desarrollando su carrera con \u00e9xito a nivel local y se prepara para\u00a0uno de los grandes eventos de la industria\u00a0que apuntalar\u00e1 a\u00fan m\u00e1s su proyecci\u00f3n internacional. Reexaminar la identidad y la moda estadounidenses desde la mirada del talento latinoamericano ser\u00e1 el lema de la edici\u00f3n 2021 del m\u00edtico\u00a0MET Gala\u00a0que se realizar\u00e1 el pr\u00f3ximo lunes en\u00a0Nueva York.<\/p>\n<p>El evento organizado por\u00a0Anna Wintour\u00a0tendr\u00e1 su\u00a0alfombra roja con transmisi\u00f3n de E! Entertainment\u00a0desde las 18 en el Museo Metropolitano de Arte de esa ciudad, prometiendo los momentos fashionistas que marcar\u00e1n las\u00a0tendencias de los pr\u00f3ximos meses.\u00a0Para esta edici\u00f3n, la edici\u00f3n \u201cAm\u00e9rica\u201d contar\u00e1 con una apertura con el ingreso de las celebridades luciendo los dise\u00f1os m\u00e1s disruptivos de la industria.<\/p>\n<p><img decoding=\"async\" class=\"aligncenter wp-image-40712 size-thumbnail lazyload\" data-src=\"https:\/\/www.lasrosas.com.ar\/portal\/wp-content\/uploads\/265836-640x480.jpg\" alt=\"\" width=\"640\" height=\"480\" src=\"data:image\/svg+xml;base64,PHN2ZyB3aWR0aD0iMSIgaGVpZ2h0PSIxIiB4bWxucz0iaHR0cDovL3d3dy53My5vcmcvMjAwMC9zdmciPjwvc3ZnPg==\" style=\"--smush-placeholder-width: 640px; --smush-placeholder-aspect-ratio: 640\/480;\" \/><\/p>\n<p>El joven de 21 a\u00f1os adelant\u00f3 que el concepto de su creaci\u00f3n estar\u00e1 basado en \u201cromper la m\u00e1scara GTA trascendiendo la\u00a0dualidad en el sistema de uno y cero\u201d\u00a0con la que representar\u00e1 al pa\u00eds. \u201cPara m\u00ed es un orgullo inmenso que E! me elija\u201d, celebr\u00f3 el dise\u00f1ador oriundo de Rufino, provincia de Santa Fe, que viste a las figuras m\u00e1s importante del pa\u00eds.<\/p>\n<p>\u201cEs el sue\u00f1o de todo creador poder mostrar arte costura con un concepto definido una performance con coreo y expresar un sentimiento como el de ser humano,\u00a0estoy agradecido al universo y a la Argentina que me da tanto,\u00a0es un pa\u00eds con mucho talento y con mucho futuro por m\u00e1s que en este momento todo parezca que es una tormenta\u201d, complet\u00f3.<\/p>\n<p>&nbsp;<\/p>\n<p>&nbsp;<\/p>\n<!-- AddThis Advanced Settings generic via filter on the_content --><!-- AddThis Share Buttons generic via filter on the_content -->","protected":false},"excerpt":{"rendered":"<p>El dise\u00f1ador nacido en Rufino, Santa Fe, representar\u00e1 a la Argentina en el evento que tendr\u00e1 lugar el lunes que viene en el Museo Metropolitano de Arte de esa ciudad de Estados Unidos. Jorge Rey es una de las grandes promesas de la moda argentina que ya viene desarrollando su carrera con \u00e9xito a nivel [&hellip;]<!-- AddThis Advanced Settings generic via filter on get_the_excerpt --><!-- AddThis Share Buttons generic via filter on get_the_excerpt --><\/p>\n","protected":false},"author":6,"featured_media":40713,"comment_status":"closed","ping_status":"open","sticky":false,"template":"","format":"standard","meta":{"_acf_changed":false,"om_disable_all_campaigns":false,"_monsterinsights_skip_tracking":false,"_monsterinsights_sitenote_active":false,"_monsterinsights_sitenote_note":"","_monsterinsights_sitenote_category":0,"_uf_show_specific_survey":0,"_uf_disable_surveys":false,"footnotes":""},"categories":[234,100],"tags":[],"class_list":["post-40709","post","type-post","status-publish","format-standard","has-post-thumbnail","hentry","category-trend","category-noticias"],"acf":[],"aioseo_notices":[],"_links":{"self":[{"href":"https:\/\/www.lasrosas.com.ar\/portal\/wp-json\/wp\/v2\/posts\/40709","targetHints":{"allow":["GET"]}}],"collection":[{"href":"https:\/\/www.lasrosas.com.ar\/portal\/wp-json\/wp\/v2\/posts"}],"about":[{"href":"https:\/\/www.lasrosas.com.ar\/portal\/wp-json\/wp\/v2\/types\/post"}],"author":[{"embeddable":true,"href":"https:\/\/www.lasrosas.com.ar\/portal\/wp-json\/wp\/v2\/users\/6"}],"replies":[{"embeddable":true,"href":"https:\/\/www.lasrosas.com.ar\/portal\/wp-json\/wp\/v2\/comments?post=40709"}],"version-history":[{"count":0,"href":"https:\/\/www.lasrosas.com.ar\/portal\/wp-json\/wp\/v2\/posts\/40709\/revisions"}],"wp:featuredmedia":[{"embeddable":true,"href":"https:\/\/www.lasrosas.com.ar\/portal\/wp-json\/wp\/v2\/media\/40713"}],"wp:attachment":[{"href":"https:\/\/www.lasrosas.com.ar\/portal\/wp-json\/wp\/v2\/media?parent=40709"}],"wp:term":[{"taxonomy":"category","embeddable":true,"href":"https:\/\/www.lasrosas.com.ar\/portal\/wp-json\/wp\/v2\/categories?post=40709"},{"taxonomy":"post_tag","embeddable":true,"href":"https:\/\/www.lasrosas.com.ar\/portal\/wp-json\/wp\/v2\/tags?post=40709"}],"curies":[{"name":"wp","href":"https:\/\/api.w.org\/{rel}","templated":true}]}}