{"id":40377,"date":"2021-08-31T13:27:31","date_gmt":"2021-08-31T16:27:31","guid":{"rendered":"https:\/\/www.lasrosas.com.ar\/portal\/?p=40377"},"modified":"2021-08-31T13:27:31","modified_gmt":"2021-08-31T16:27:31","slug":"asi-sera-el-esperado-regreso-de-abba","status":"publish","type":"post","link":"https:\/\/www.lasrosas.com.ar\/portal\/asi-sera-el-esperado-regreso-de-abba\/","title":{"rendered":"AS\u00cd SER\u00c1 EL ESPERADO REGRESO DE ABBA"},"content":{"rendered":"<p>El emblem\u00e1tico grupo sueco anunci\u00f3 su vuelta al ruedo musical con un misterioso mensaje que ilusion\u00f3 a sus seguidores: al parecer, se trata de un show hologr\u00e1fico en el que estrenar\u00e1n canciones in\u00e9ditas.<\/p>\n<p>Parece que este 2021 ser\u00e1 el a\u00f1o del regreso del cuarteto sueco ABBA, ya que se dio a conocer que hace tiempo viene preparando un nuevo espect\u00e1culo llamado Voyage en el que se estrenar\u00e1n temas nuevos.<\/p>\n<p>Sus cuatro integrantes (Agnetha F\u00e4ltskog, Bj\u00f6rn Ulvaeus, Benny Andersson y Anni-Frid \u00abFrida\u00bb Lyngstad) anunciaron en sus respectivas redes sociales un enigm\u00e1tico mensaje que ilusion\u00f3 a sus seguidores.<\/p>\n<p><img decoding=\"async\" class=\"aligncenter wp-image-40381 size-thumbnail lazyload\" data-src=\"https:\/\/www.lasrosas.com.ar\/portal\/wp-content\/uploads\/2EGKDXIGVFGVTFG2XCRFOWCW7U-640x480.jpg\" alt=\"\" width=\"640\" height=\"480\" src=\"data:image\/svg+xml;base64,PHN2ZyB3aWR0aD0iMSIgaGVpZ2h0PSIxIiB4bWxucz0iaHR0cDovL3d3dy53My5vcmcvMjAwMC9zdmciPjwvc3ZnPg==\" style=\"--smush-placeholder-width: 640px; --smush-placeholder-aspect-ratio: 640\/480;\" \/><\/p>\n<p>Fondo negro, la palabra ABBA anaranjado, con la primera B invertida (el sello inconfundible del grupo) y al lado, en blanco, la palabra Voyage. En el centro, cuatro anillos fulgurantes y al pie de la publicaci\u00f3n de Instagram, la fecha 02.09.21 con la invitaci\u00f3n \u201cJoin us abbavoyage.com\u201d. Quienes se suscriban recibir\u00e1n antes que nadie informaci\u00f3n sobre los pr\u00f3ximos pasos del grupo.<\/p>\n<p>La banda hab\u00eda estrenado su \u00faltimo \u00e1lbum de estudio en 1981, The Visitors, que fue el octavo de su carrera.<\/p>\n<p>El grupo comenz\u00f3 a trabajar en el show hologr\u00e1fico en 2016, mientras que dos a\u00f1os despu\u00e9s iniciaron la grabaci\u00f3n de los nuevos temas: su regreso a los escenarios, en tiempos de pandemia, ser\u00e1 a trav\u00e9s de avatars, algo sumamente novedoso.<\/p>\n<p>El a\u00f1o pasado, en julio, durante un entrevista, uno de los m\u00fasicos y compositores del cuarteto, Bj\u00f6rn Ulvaeus, asegur\u00f3 que el regreso era un hecho. \u201cDeber\u00edan haber salido a finales del a\u00f1o pasado. [&#8230;] Debido a dificultades t\u00e9cnicas y la pandemia, se retrasaron las cosas. Pero me prometi\u00f3 que la nueva m\u00fasica de ABBA saldr\u00e1 en 2021\u201d, dijo.<\/p>\n<p><img decoding=\"async\" class=\"aligncenter wp-image-40380 size-thumbnail lazyload\" data-src=\"https:\/\/www.lasrosas.com.ar\/portal\/wp-content\/uploads\/50836d4984f0ac15e7938e95cdf8fdf8-640x480.jpg\" alt=\"\" width=\"640\" height=\"480\" src=\"data:image\/svg+xml;base64,PHN2ZyB3aWR0aD0iMSIgaGVpZ2h0PSIxIiB4bWxucz0iaHR0cDovL3d3dy53My5vcmcvMjAwMC9zdmciPjwvc3ZnPg==\" style=\"--smush-placeholder-width: 640px; --smush-placeholder-aspect-ratio: 640\/480;\" \/><\/p>\n<p>Seg\u00fan trascendi\u00f3 habr\u00eda un documental en torno al regreso y el estreno de un espacio en Londres especialmente dise\u00f1ado para este show hologr\u00e1fico, donde se conocer\u00e1n los Abba-tars, que son como hologramas que los representar\u00e1n (cantar\u00e1n y le hablar\u00e1n al p\u00fablico), para ese viaje en el tiempo que Agnetha, Bj\u00f6rn, Benny y Anni-Frid quieren ofrecer a sus fans.<\/p>\n<p><img decoding=\"async\" class=\"aligncenter size-full wp-image-40378 lazyload\" data-src=\"https:\/\/www.lasrosas.com.ar\/portal\/wp-content\/uploads\/descarga-1-19.jpg\" alt=\"\" width=\"227\" height=\"222\" src=\"data:image\/svg+xml;base64,PHN2ZyB3aWR0aD0iMSIgaGVpZ2h0PSIxIiB4bWxucz0iaHR0cDovL3d3dy53My5vcmcvMjAwMC9zdmciPjwvc3ZnPg==\" style=\"--smush-placeholder-width: 227px; --smush-placeholder-aspect-ratio: 227\/222;\" \/><\/p>\n<p>El medio ingl\u00e9s The Sun inform\u00f3 que el proyecto lleg\u00f3 a ABBA de manos del productor de las Spice Girls, Simon Fuller. \u201cVino a Estocolmo y nos present\u00f3 esta idea de que podr\u00edamos hacer copias digitales id\u00e9nticas de nosotros mismos de cierta edad -cont\u00f3 Ulvaeus- y que esas copias podr\u00edan salir de gira y podr\u00edan cantar nuestras canciones y sincronizar los labios. He visto este proyecto a mitad de camino y ya es alucinante\u201c, hab\u00eda dicho el cantante.<\/p>\n<p>La \u00faltima reuni\u00f3n de los suecos frente al p\u00fablico fue en 2016, durante una actividad privada, para celebrar el medio siglo que hab\u00eda pasado desde el primer encuentro de los compositores Bjorn y Benny. En 2020 volvieron a verse, puertas adentro del estudio para avanzar con esta producci\u00f3n.<\/p>\n<!-- AddThis Advanced Settings generic via filter on the_content --><!-- AddThis Share Buttons generic via filter on the_content -->","protected":false},"excerpt":{"rendered":"<p>El emblem\u00e1tico grupo sueco anunci\u00f3 su vuelta al ruedo musical con un misterioso mensaje que ilusion\u00f3 a sus seguidores: al parecer, se trata de un show hologr\u00e1fico en el que estrenar\u00e1n canciones in\u00e9ditas. Parece que este 2021 ser\u00e1 el a\u00f1o del regreso del cuarteto sueco ABBA, ya que se dio a conocer que hace tiempo [&hellip;]<!-- AddThis Advanced Settings generic via filter on get_the_excerpt --><!-- AddThis Share Buttons generic via filter on get_the_excerpt --><\/p>\n","protected":false},"author":6,"featured_media":40379,"comment_status":"closed","ping_status":"open","sticky":false,"template":"","format":"standard","meta":{"_acf_changed":false,"om_disable_all_campaigns":false,"_monsterinsights_skip_tracking":false,"_monsterinsights_sitenote_active":false,"_monsterinsights_sitenote_note":"","_monsterinsights_sitenote_category":0,"_uf_show_specific_survey":0,"_uf_disable_surveys":false,"footnotes":""},"categories":[100],"tags":[],"class_list":["post-40377","post","type-post","status-publish","format-standard","has-post-thumbnail","hentry","category-noticias"],"acf":[],"aioseo_notices":[],"_links":{"self":[{"href":"https:\/\/www.lasrosas.com.ar\/portal\/wp-json\/wp\/v2\/posts\/40377","targetHints":{"allow":["GET"]}}],"collection":[{"href":"https:\/\/www.lasrosas.com.ar\/portal\/wp-json\/wp\/v2\/posts"}],"about":[{"href":"https:\/\/www.lasrosas.com.ar\/portal\/wp-json\/wp\/v2\/types\/post"}],"author":[{"embeddable":true,"href":"https:\/\/www.lasrosas.com.ar\/portal\/wp-json\/wp\/v2\/users\/6"}],"replies":[{"embeddable":true,"href":"https:\/\/www.lasrosas.com.ar\/portal\/wp-json\/wp\/v2\/comments?post=40377"}],"version-history":[{"count":0,"href":"https:\/\/www.lasrosas.com.ar\/portal\/wp-json\/wp\/v2\/posts\/40377\/revisions"}],"wp:featuredmedia":[{"embeddable":true,"href":"https:\/\/www.lasrosas.com.ar\/portal\/wp-json\/wp\/v2\/media\/40379"}],"wp:attachment":[{"href":"https:\/\/www.lasrosas.com.ar\/portal\/wp-json\/wp\/v2\/media?parent=40377"}],"wp:term":[{"taxonomy":"category","embeddable":true,"href":"https:\/\/www.lasrosas.com.ar\/portal\/wp-json\/wp\/v2\/categories?post=40377"},{"taxonomy":"post_tag","embeddable":true,"href":"https:\/\/www.lasrosas.com.ar\/portal\/wp-json\/wp\/v2\/tags?post=40377"}],"curies":[{"name":"wp","href":"https:\/\/api.w.org\/{rel}","templated":true}]}}