{"id":40066,"date":"2021-08-25T13:05:31","date_gmt":"2021-08-25T16:05:31","guid":{"rendered":"https:\/\/www.lasrosas.com.ar\/portal\/?p=40066"},"modified":"2021-08-25T10:18:31","modified_gmt":"2021-08-25T13:18:31","slug":"scarlett-johansson-y-colin-jost-dan-la-bienvenida-a-su-primer-hijo-en-comun","status":"publish","type":"post","link":"https:\/\/www.lasrosas.com.ar\/portal\/scarlett-johansson-y-colin-jost-dan-la-bienvenida-a-su-primer-hijo-en-comun\/","title":{"rendered":"SCARLETT JOHANSSON Y COLIN JOST DAN LA BIENVENIDA A SU PRIMER HIJO"},"content":{"rendered":"<p>Ha sido el padre del beb\u00e9 quien ha dado la noticia a trav\u00e9s de sus redes sociales<\/p>\n<p>\u201cHemos tenido un beb\u00e9. Su nombre es Cosmo. Lo queremos mucho. Pedimos privacidad\u201d, ha escrito el c\u00f3mico Colin Jost en su perfil de Instagram hace apenas unas horas. Scarlett Johansson y \u00e9l anunciaban de esta manera tan peculiar la llegada al mundo de su primer hijo en com\u00fan y remit\u00edan a los interesados a su representante para conocer m\u00e1s detalles. La noticia no ha sido del todo una sorpresa, pues Jost lo hab\u00eda confirmado hace algunos meses en una de sus actuaciones teatrales y los medios estadounidenses llevaban especulando varias semanas con la posibilidad de que la actriz estuviese embarazada.<\/p>\n<blockquote class=\"instagram-media\" style=\"background: #FFF; border: 0; border-radius: 3px; box-shadow: 0 0 1px 0 rgba(0,0,0,0.5),0 1px 10px 0 rgba(0,0,0,0.15); margin: 1px; max-width: 540px; min-width: 326px; padding: 0; width: calc(100% - 2px);\" data-instgrm-captioned=\"\" data-instgrm-permalink=\"https:\/\/www.instagram.com\/p\/CSuiWHxlah-\/?utm_source=ig_embed&amp;utm_campaign=loading\" data-instgrm-version=\"13\">\n<div style=\"padding: 16px;\">\n<p>&nbsp;<\/p>\n<div style=\"display: flex; flex-direction: row; align-items: center;\">\n<div style=\"background-color: #f4f4f4; border-radius: 50%; flex-grow: 0; height: 40px; margin-right: 14px; width: 40px;\"><\/div>\n<div style=\"display: flex; flex-direction: column; flex-grow: 1; justify-content: center;\">\n<div style=\"background-color: #f4f4f4; border-radius: 4px; flex-grow: 0; height: 14px; margin-bottom: 6px; width: 100px;\"><\/div>\n<div style=\"background-color: #f4f4f4; border-radius: 4px; flex-grow: 0; height: 14px; width: 60px;\"><\/div>\n<\/div>\n<\/div>\n<div style=\"padding: 19% 0;\"><\/div>\n<div style=\"display: block; height: 50px; margin: 0 auto 12px; width: 50px;\"><\/div>\n<div style=\"padding-top: 8px;\">\n<div style=\"color: #3897f0; font-family: Arial,sans-serif; font-size: 14px; font-style: normal; font-weight: 550; line-height: 18px;\">Ver esta publicaci\u00f3n en Instagram<\/div>\n<\/div>\n<div style=\"padding: 12.5% 0;\"><\/div>\n<div style=\"display: flex; flex-direction: row; margin-bottom: 14px; align-items: center;\">\n<div>\n<div style=\"background-color: #f4f4f4; border-radius: 50%; height: 12.5px; width: 12.5px; transform: translateX(0px) translateY(7px);\"><\/div>\n<div style=\"background-color: #f4f4f4; height: 12.5px; transform: rotate(-45deg) translateX(3px) translateY(1px); width: 12.5px; flex-grow: 0; margin-right: 14px; margin-left: 2px;\"><\/div>\n<div style=\"background-color: #f4f4f4; border-radius: 50%; height: 12.5px; width: 12.5px; transform: translateX(9px) translateY(-18px);\"><\/div>\n<\/div>\n<div style=\"margin-left: 8px;\">\n<div style=\"background-color: #f4f4f4; border-radius: 50%; flex-grow: 0; height: 20px; width: 20px;\"><\/div>\n<div style=\"width: 0; height: 0; border-top: 2px solid transparent; border-left: 6px solid #f4f4f4; border-bottom: 2px solid transparent; transform: translateX(16px) translateY(-4px) rotate(30deg);\"><\/div>\n<\/div>\n<div style=\"margin-left: auto;\">\n<div style=\"width: 0px; border-top: 8px solid #F4F4F4; border-right: 8px solid transparent; transform: translateY(16px);\"><\/div>\n<div style=\"background-color: #f4f4f4; flex-grow: 0; height: 12px; width: 16px; transform: translateY(-4px);\"><\/div>\n<div style=\"width: 0; height: 0; border-top: 8px solid #F4F4F4; border-left: 8px solid transparent; transform: translateY(-4px) translateX(8px);\"><\/div>\n<\/div>\n<\/div>\n<div style=\"display: flex; flex-direction: column; flex-grow: 1; justify-content: center; margin-bottom: 24px;\">\n<div style=\"background-color: #f4f4f4; border-radius: 4px; flex-grow: 0; height: 14px; margin-bottom: 6px; width: 224px;\"><\/div>\n<div style=\"background-color: #f4f4f4; border-radius: 4px; flex-grow: 0; height: 14px; width: 144px;\"><\/div>\n<\/div>\n<p>&nbsp;<\/p>\n<p style=\"color: #c9c8cd; font-family: Arial,sans-serif; font-size: 14px; line-height: 17px; margin-bottom: 0; margin-top: 8px; overflow: hidden; padding: 8px 0 7px; text-align: center; text-overflow: ellipsis; white-space: nowrap;\"><a style=\"color: #c9c8cd; font-family: Arial,sans-serif; font-size: 14px; font-style: normal; font-weight: normal; line-height: 17px; text-decoration: none;\" href=\"https:\/\/www.instagram.com\/p\/CSuiWHxlah-\/?utm_source=ig_embed&amp;utm_campaign=loading\" target=\"_blank\" rel=\"noopener\">Una publicaci\u00f3n compartida de Colin Jost (@colinjost)<\/a><\/p>\n<\/div>\n<\/blockquote>\n<p><script async src=\"\/\/www.instagram.com\/embed.js\"><\/script><\/p>\n<p>Es el primer hijo para Colin Jost, pero no para Scarlett Johansson. La actriz tiene una hija, Rose Dorothy, que naci\u00f3 hace seis a\u00f1os fruto de su relaci\u00f3n con el periodista franc\u00e9s Romain Dauriac. A pesar de que la estrella de Hollywood ofreci\u00f3 infinidad de entrevistas en los d\u00edas previos al lanzamiento de Viuda Negra, estrenada el pasado 9 de julio y su \u00faltima pel\u00edcula hasta la fecha, nadie consigui\u00f3 la prueba definitiva del embarazo que hubiera supuesto una fotograf\u00eda de la actriz en avanzado estado de gestaci\u00f3n. La promoci\u00f3n se hizo de manera virtual y la \u00fanica premier que se llev\u00f3 a cabo tuvo lugar en Londres, por lo que la ausencia de la protagonista, vecina de Nueva York, estuvo m\u00e1s que justificada debido a las restricciones en los viajes.<\/p>\n<p>La historia de amor entre Scarlett Johansson y Colin Jost se remonta a 2006, cuando ambos se conocieron en el set de rodaje del programa Saturday Night Live. Ella asist\u00eda entonces como anfitriona de uno de los cap\u00edtulos y \u00e9l estaba all\u00ed como parte del elenco regular del show. Cada uno sigui\u00f3 en aquel momento con su vida, volvieron a cruzarse en otras ocasiones en el programa y no ser\u00eda hasta once a\u00f1os m\u00e1s tarde cuando decidieran unirse como pareja, despu\u00e9s de que la actriz Kate McKinnon organizara una cita. En 2018 acudieron como invitados a la MET Gala y posaron juntos ante los fot\u00f3grafos, lo que sirvi\u00f3 como confirmaci\u00f3n del noviazgo.<\/p>\n<p><img decoding=\"async\" class=\"aligncenter wp-image-40067 size-thumbnail lazyload\" data-src=\"https:\/\/www.lasrosas.com.ar\/portal\/wp-content\/uploads\/GettyImages-955789684-640x480.jpg\" alt=\"\" width=\"640\" height=\"480\" src=\"data:image\/svg+xml;base64,PHN2ZyB3aWR0aD0iMSIgaGVpZ2h0PSIxIiB4bWxucz0iaHR0cDovL3d3dy53My5vcmcvMjAwMC9zdmciPjwvc3ZnPg==\" style=\"--smush-placeholder-width: 640px; --smush-placeholder-aspect-ratio: 640\/480;\" \/><\/p>\n<p>En 2020, a finales del mes de octubre, se conoci\u00f3 que la pareja hab\u00eda dado el paso de casarse. Muy celosos de su privacidad, excepto cuando acuden juntos a eventos que tienen que ver con su profesi\u00f3n, la pareja no confirm\u00f3 el enlace hasta finales de octubre del pasado a\u00f1o. Fue la organizaci\u00f3n Meals on Wheels, una instituci\u00f3n estadounidense centrada en que los mayores tengan aseguradas sus comidas, la que public\u00f3 la noticia en su perfil de Instagram en la que instaba a sus seguidores a hacer una donaci\u00f3n para celebrar la feliz noticia. La boda fue secreta y no se conocen m\u00e1s detalles a d\u00eda de hoy.<\/p>\n<!-- AddThis Advanced Settings generic via filter on the_content --><!-- AddThis Share Buttons generic via filter on the_content -->","protected":false},"excerpt":{"rendered":"<p>Ha sido el padre del beb\u00e9 quien ha dado la noticia a trav\u00e9s de sus redes sociales \u201cHemos tenido un beb\u00e9. Su nombre es Cosmo. Lo queremos mucho. Pedimos privacidad\u201d, ha escrito el c\u00f3mico Colin Jost en su perfil de Instagram hace apenas unas horas. Scarlett Johansson y \u00e9l anunciaban de esta manera tan peculiar [&hellip;]<!-- AddThis Advanced Settings generic via filter on get_the_excerpt --><!-- AddThis Share Buttons generic via filter on get_the_excerpt --><\/p>\n","protected":false},"author":6,"featured_media":40068,"comment_status":"closed","ping_status":"open","sticky":false,"template":"","format":"standard","meta":{"_acf_changed":false,"om_disable_all_campaigns":false,"_monsterinsights_skip_tracking":false,"_monsterinsights_sitenote_active":false,"_monsterinsights_sitenote_note":"","_monsterinsights_sitenote_category":0,"_uf_show_specific_survey":0,"_uf_disable_surveys":false,"footnotes":""},"categories":[100],"tags":[],"class_list":["post-40066","post","type-post","status-publish","format-standard","has-post-thumbnail","hentry","category-noticias"],"acf":[],"aioseo_notices":[],"_links":{"self":[{"href":"https:\/\/www.lasrosas.com.ar\/portal\/wp-json\/wp\/v2\/posts\/40066","targetHints":{"allow":["GET"]}}],"collection":[{"href":"https:\/\/www.lasrosas.com.ar\/portal\/wp-json\/wp\/v2\/posts"}],"about":[{"href":"https:\/\/www.lasrosas.com.ar\/portal\/wp-json\/wp\/v2\/types\/post"}],"author":[{"embeddable":true,"href":"https:\/\/www.lasrosas.com.ar\/portal\/wp-json\/wp\/v2\/users\/6"}],"replies":[{"embeddable":true,"href":"https:\/\/www.lasrosas.com.ar\/portal\/wp-json\/wp\/v2\/comments?post=40066"}],"version-history":[{"count":0,"href":"https:\/\/www.lasrosas.com.ar\/portal\/wp-json\/wp\/v2\/posts\/40066\/revisions"}],"wp:featuredmedia":[{"embeddable":true,"href":"https:\/\/www.lasrosas.com.ar\/portal\/wp-json\/wp\/v2\/media\/40068"}],"wp:attachment":[{"href":"https:\/\/www.lasrosas.com.ar\/portal\/wp-json\/wp\/v2\/media?parent=40066"}],"wp:term":[{"taxonomy":"category","embeddable":true,"href":"https:\/\/www.lasrosas.com.ar\/portal\/wp-json\/wp\/v2\/categories?post=40066"},{"taxonomy":"post_tag","embeddable":true,"href":"https:\/\/www.lasrosas.com.ar\/portal\/wp-json\/wp\/v2\/tags?post=40066"}],"curies":[{"name":"wp","href":"https:\/\/api.w.org\/{rel}","templated":true}]}}