{"id":39953,"date":"2021-08-23T13:40:23","date_gmt":"2021-08-23T16:40:23","guid":{"rendered":"https:\/\/www.lasrosas.com.ar\/portal\/?p=39953"},"modified":"2021-08-23T13:40:23","modified_gmt":"2021-08-23T16:40:23","slug":"ana-cumplio-un-mes-de-vida-y-hubo-festejos","status":"publish","type":"post","link":"https:\/\/www.lasrosas.com.ar\/portal\/ana-cumplio-un-mes-de-vida-y-hubo-festejos\/","title":{"rendered":"ANA CUMPLI\u00d3 UN MES DE VIDA Y HUBO FESTEJOS"},"content":{"rendered":"<p>La hija de Pampita y Roberto Garc\u00eda Morit\u00e1n cumpli\u00f3 un mes y todav\u00eda no pueden creer tener a Ana en sus brazos. Por eso, hubo festejo con torta y todo.<\/p>\n<p>No fue un domingo m\u00e1s para Pampita y Roberto Garc\u00eda Morit\u00e1n. Est\u00e1n felices con la llegada de su hija, Ana, y quisieron festejar su primer mes de vida.<\/p>\n\r\n\t\t<style type='text\/css'>\r\n\t\t\t#gallery-1 {\r\n\t\t\t\tmargin: auto;\r\n\t\t\t}\r\n\t\t\t#gallery-1 .gallery-item {\r\n\t\t\t\tfloat: left;\r\n\t\t\t\tmargin-top: 10px;\r\n\t\t\t\ttext-align: center;\r\n\t\t\t\twidth: 50%;\r\n\t\t\t}\r\n\t\t\t#gallery-1 img {\r\n\t\t\t\tborder: 2px solid #cfcfcf;\r\n\t\t\t}\r\n\t\t\t#gallery-1 .gallery-caption {\r\n\t\t\t\tmargin-left: 0;\r\n\t\t\t}\r\n\t\t<\/style>\r\n\t\t<!-- see gallery_shortcode() in wp-includes\/media.php -->\n\t\t<div id='gallery-1' class='gallery galleryid-39953 gallery-columns-2 gallery-size-full gallery1'><script type=\"text\/javascript\">\r\n\/\/ <![CDATA[\r\n\tjQuery(document).ready(function () {\r\n\t\tjQuery(\".gallery1 a\").attr(\"rel\",\"gallery1\");\t\r\n\t\tjQuery('a[rel=\"gallery1\"]').colorbox({maxWidth:\"95%\", maxHeight:\"95%\",title: function(){ return jQuery(this).children().attr(\"alt\"); }, });\r\n\t});\r\n\/\/ ]]>\r\n<\/script>\n<dl class=\"gallery-item\">\n<dt class=\"gallery-icon\">\r\n<a href=\"https:\/\/www.lasrosas.com.ar\/portal\/wp-content\/uploads\/WhatsApp-Image-2021-08-23-at-13.37.00.jpeg\" title=\"\" rel=\"gallery1\"><img decoding=\"async\" data-src=\"https:\/\/www.lasrosas.com.ar\/portal\/wp-content\/uploads\/WhatsApp-Image-2021-08-23-at-13.37.00.jpeg\" width=\"826\" height=\"1024\" alt=\"\" src=\"data:image\/svg+xml;base64,PHN2ZyB3aWR0aD0iMSIgaGVpZ2h0PSIxIiB4bWxucz0iaHR0cDovL3d3dy53My5vcmcvMjAwMC9zdmciPjwvc3ZnPg==\" class=\"lazyload\" style=\"--smush-placeholder-width: 826px; --smush-placeholder-aspect-ratio: 826\/1024;\" \/><\/a>\r\n<\/dt><\/dl><dl class=\"gallery-item\">\n<dt class=\"gallery-icon\">\r\n<a href=\"https:\/\/www.lasrosas.com.ar\/portal\/wp-content\/uploads\/WhatsApp-Image-2021-08-23-at-13.37.00-1.jpeg\" title=\"\" rel=\"gallery1\"><img decoding=\"async\" data-src=\"https:\/\/www.lasrosas.com.ar\/portal\/wp-content\/uploads\/WhatsApp-Image-2021-08-23-at-13.37.00-1.jpeg\" width=\"822\" height=\"1024\" alt=\"\" src=\"data:image\/svg+xml;base64,PHN2ZyB3aWR0aD0iMSIgaGVpZ2h0PSIxIiB4bWxucz0iaHR0cDovL3d3dy53My5vcmcvMjAwMC9zdmciPjwvc3ZnPg==\" class=\"lazyload\" style=\"--smush-placeholder-width: 822px; --smush-placeholder-aspect-ratio: 822\/1024;\" \/><\/a>\r\n<\/dt><\/dl><br style=\"clear: both\" \/>\r\n\t\t<\/div>\n\n<p>Desde que naci\u00f3, est\u00e1n \u00abenamorados\u00bb de esta beba que lleg\u00f3 para unir a dos familias ensambladas. Porque Pampita ya ten\u00eda sus hijos, Bautista, Beltr\u00e1n y Benicio, de su ex pareja, Benjam\u00edn Vicu\u00f1a; y Garc\u00eda Morit\u00e1n, los suyos, Santino y Delfina, de su matrimonio con Milagros Brito.<\/p>\n<p>Pampita comparti\u00f3 en redes la foto de la torta que hubo para celebrar el primer mes de Ana. Ya pasaron 30 d\u00edas desde su nacimiento, que fue por parto natural (\u00abel m\u00e1s doloroso de todos\u00bb, coment\u00f3 la conductora), en el Sanatorio Otamendi.<\/p>\n<p><img decoding=\"async\" class=\"aligncenter size-full wp-image-39957 lazyload\" data-src=\"https:\/\/www.lasrosas.com.ar\/portal\/wp-content\/uploads\/Captura-de-pantalla-2021-08-23-a-las-11.20.03.png\" alt=\"\" width=\"431\" height=\"645\" src=\"data:image\/svg+xml;base64,PHN2ZyB3aWR0aD0iMSIgaGVpZ2h0PSIxIiB4bWxucz0iaHR0cDovL3d3dy53My5vcmcvMjAwMC9zdmciPjwvc3ZnPg==\" style=\"--smush-placeholder-width: 431px; --smush-placeholder-aspect-ratio: 431\/645;\" \/><\/p>\n<p>En pocos d\u00edas, Pampita se recuper\u00f3 del parto. A la semana ya estaba trabajando y diez d\u00edas despu\u00e9s bail\u00f3 el ca\u00f1o en ShowMatch La Academia.<\/p>\n<p>Garc\u00eda Morit\u00e1n es quien est\u00e1 m\u00e1s apegado a la beb\u00e9. \u00abHay que pedirle por favor que te la de un rato\u00bb, se quej\u00f3 Pampita. \u00abLa tiene siempre \u00e9l en brazos\u00bb, agreg\u00f3.<\/p>\n<!-- AddThis Advanced Settings generic via filter on the_content --><!-- AddThis Share Buttons generic via filter on the_content -->","protected":false},"excerpt":{"rendered":"<p>La hija de Pampita y Roberto Garc\u00eda Morit\u00e1n cumpli\u00f3 un mes y todav\u00eda no pueden creer tener a Ana en sus brazos. Por eso, hubo festejo con torta y todo. No fue un domingo m\u00e1s para Pampita y Roberto Garc\u00eda Morit\u00e1n. Est\u00e1n felices con la llegada de su hija, Ana, y quisieron festejar su primer [&hellip;]<!-- AddThis Advanced Settings generic via filter on get_the_excerpt --><!-- AddThis Share Buttons generic via filter on get_the_excerpt --><\/p>\n","protected":false},"author":6,"featured_media":39955,"comment_status":"closed","ping_status":"open","sticky":false,"template":"","format":"standard","meta":{"_acf_changed":false,"om_disable_all_campaigns":false,"_monsterinsights_skip_tracking":false,"_monsterinsights_sitenote_active":false,"_monsterinsights_sitenote_note":"","_monsterinsights_sitenote_category":0,"_uf_show_specific_survey":0,"_uf_disable_surveys":false,"footnotes":""},"categories":[100],"tags":[],"class_list":["post-39953","post","type-post","status-publish","format-standard","has-post-thumbnail","hentry","category-noticias"],"acf":[],"aioseo_notices":[],"_links":{"self":[{"href":"https:\/\/www.lasrosas.com.ar\/portal\/wp-json\/wp\/v2\/posts\/39953","targetHints":{"allow":["GET"]}}],"collection":[{"href":"https:\/\/www.lasrosas.com.ar\/portal\/wp-json\/wp\/v2\/posts"}],"about":[{"href":"https:\/\/www.lasrosas.com.ar\/portal\/wp-json\/wp\/v2\/types\/post"}],"author":[{"embeddable":true,"href":"https:\/\/www.lasrosas.com.ar\/portal\/wp-json\/wp\/v2\/users\/6"}],"replies":[{"embeddable":true,"href":"https:\/\/www.lasrosas.com.ar\/portal\/wp-json\/wp\/v2\/comments?post=39953"}],"version-history":[{"count":0,"href":"https:\/\/www.lasrosas.com.ar\/portal\/wp-json\/wp\/v2\/posts\/39953\/revisions"}],"wp:featuredmedia":[{"embeddable":true,"href":"https:\/\/www.lasrosas.com.ar\/portal\/wp-json\/wp\/v2\/media\/39955"}],"wp:attachment":[{"href":"https:\/\/www.lasrosas.com.ar\/portal\/wp-json\/wp\/v2\/media?parent=39953"}],"wp:term":[{"taxonomy":"category","embeddable":true,"href":"https:\/\/www.lasrosas.com.ar\/portal\/wp-json\/wp\/v2\/categories?post=39953"},{"taxonomy":"post_tag","embeddable":true,"href":"https:\/\/www.lasrosas.com.ar\/portal\/wp-json\/wp\/v2\/tags?post=39953"}],"curies":[{"name":"wp","href":"https:\/\/api.w.org\/{rel}","templated":true}]}}