{"id":39737,"date":"2021-08-17T13:00:11","date_gmt":"2021-08-17T16:00:11","guid":{"rendered":"https:\/\/www.lasrosas.com.ar\/portal\/?p=39737"},"modified":"2021-08-17T10:48:56","modified_gmt":"2021-08-17T13:48:56","slug":"naomi-campbell-se-mostro-por-primera-vez-con-su-hija","status":"publish","type":"post","link":"https:\/\/www.lasrosas.com.ar\/portal\/naomi-campbell-se-mostro-por-primera-vez-con-su-hija\/","title":{"rendered":"NAOMI CAMPBELL SE MOSTR\u00d3 POR PRIMERA VEZ CON SU HIJA"},"content":{"rendered":"<p>La top model fue vista con la ni\u00f1a caminando por las calles de New York, disfrutando mucho de su peque\u00f1a, a la que no se le conoce el nombre ni mayores detalles de c\u00f3mo fue su nacimiento.<\/p>\n<p>Naomi Campbell anunci\u00f3 en mayo que fue mam\u00e1. Pero todo en torno a su hija sigue siendo un misterio. Recientemente se la vio de paseo con la ni\u00f1a, de la cual todav\u00eda no se conoce el nombre.<\/p>\n<p>La top model fue vista con la ni\u00f1a, que ya tiene dos meses, disfrutando mucho de su peque\u00f1a, a la que no se le conoce el rostro.<\/p>\n<p>Esta fue la primera vez que se vio a la beb\u00e9, aunque sea en el carrito. La top la sac\u00f3 de paseo por Nueva York, donde vive, y para esta ocasi\u00f3n eligi\u00f3 un look informal de blusa blanca, pantalones verdes, deportivas y gorra de los NY Yankees.<\/p>\n<p><img decoding=\"async\" class=\"aligncenter wp-image-39738 lazyload\" data-src=\"https:\/\/www.lasrosas.com.ar\/portal\/wp-content\/uploads\/naomi-959x1500.jpg\" alt=\"\" width=\"600\" height=\"938\" data-srcset=\"https:\/\/www.lasrosas.com.ar\/portal\/wp-content\/uploads\/naomi-959x1500.jpg 959w, https:\/\/www.lasrosas.com.ar\/portal\/wp-content\/uploads\/naomi-959x1500-614x960.jpg 614w\" data-sizes=\"(max-width: 600px) 100vw, 600px\" src=\"data:image\/svg+xml;base64,PHN2ZyB3aWR0aD0iMSIgaGVpZ2h0PSIxIiB4bWxucz0iaHR0cDovL3d3dy53My5vcmcvMjAwMC9zdmciPjwvc3ZnPg==\" style=\"--smush-placeholder-width: 600px; --smush-placeholder-aspect-ratio: 600\/938;\" \/><\/p>\n<p>La llegada al mundo de la ni\u00f1a caus\u00f3 un gran revuelo internacional, y fue la modelo brit\u00e1nica, de 51 a\u00f1os, quien anunci\u00f3 su nacimiento compartiendo en redes sociales una tierna imagen de sus pies.<\/p>\n<p>Hace poco, por el 24 aniversario del asesinato del dise\u00f1ador Gianni Versace, del que Naomi era musa y gran amiga, \u00e9sta public\u00f3 en los Stories de su cuenta de Instagram una imagen de su peque\u00f1a con un body con los logos de la Medusa de la firma italiana. Y hasta la fecha esta imagen y su pies, es lo \u00fanico que hemos visto de ella. Y es que Campbell sigue muy vinculada a la moda, y acaba de volver al trabajo como nuevo rostro de la marca Burberry.<\/p>\n<!-- AddThis Advanced Settings generic via filter on the_content --><!-- AddThis Share Buttons generic via filter on the_content -->","protected":false},"excerpt":{"rendered":"<p>La top model fue vista con la ni\u00f1a caminando por las calles de New York, disfrutando mucho de su peque\u00f1a, a la que no se le conoce el nombre ni mayores detalles de c\u00f3mo fue su nacimiento. Naomi Campbell anunci\u00f3 en mayo que fue mam\u00e1. Pero todo en torno a su hija sigue siendo un [&hellip;]<!-- AddThis Advanced Settings generic via filter on get_the_excerpt --><!-- AddThis Share Buttons generic via filter on get_the_excerpt --><\/p>\n","protected":false},"author":6,"featured_media":39739,"comment_status":"closed","ping_status":"open","sticky":false,"template":"","format":"standard","meta":{"_acf_changed":false,"om_disable_all_campaigns":false,"_monsterinsights_skip_tracking":false,"_monsterinsights_sitenote_active":false,"_monsterinsights_sitenote_note":"","_monsterinsights_sitenote_category":0,"_uf_show_specific_survey":0,"_uf_disable_surveys":false,"footnotes":""},"categories":[100],"tags":[],"class_list":["post-39737","post","type-post","status-publish","format-standard","has-post-thumbnail","hentry","category-noticias"],"acf":[],"aioseo_notices":[],"_links":{"self":[{"href":"https:\/\/www.lasrosas.com.ar\/portal\/wp-json\/wp\/v2\/posts\/39737","targetHints":{"allow":["GET"]}}],"collection":[{"href":"https:\/\/www.lasrosas.com.ar\/portal\/wp-json\/wp\/v2\/posts"}],"about":[{"href":"https:\/\/www.lasrosas.com.ar\/portal\/wp-json\/wp\/v2\/types\/post"}],"author":[{"embeddable":true,"href":"https:\/\/www.lasrosas.com.ar\/portal\/wp-json\/wp\/v2\/users\/6"}],"replies":[{"embeddable":true,"href":"https:\/\/www.lasrosas.com.ar\/portal\/wp-json\/wp\/v2\/comments?post=39737"}],"version-history":[{"count":0,"href":"https:\/\/www.lasrosas.com.ar\/portal\/wp-json\/wp\/v2\/posts\/39737\/revisions"}],"wp:featuredmedia":[{"embeddable":true,"href":"https:\/\/www.lasrosas.com.ar\/portal\/wp-json\/wp\/v2\/media\/39739"}],"wp:attachment":[{"href":"https:\/\/www.lasrosas.com.ar\/portal\/wp-json\/wp\/v2\/media?parent=39737"}],"wp:term":[{"taxonomy":"category","embeddable":true,"href":"https:\/\/www.lasrosas.com.ar\/portal\/wp-json\/wp\/v2\/categories?post=39737"},{"taxonomy":"post_tag","embeddable":true,"href":"https:\/\/www.lasrosas.com.ar\/portal\/wp-json\/wp\/v2\/tags?post=39737"}],"curies":[{"name":"wp","href":"https:\/\/api.w.org\/{rel}","templated":true}]}}