{"id":39687,"date":"2021-08-16T13:00:42","date_gmt":"2021-08-16T16:00:42","guid":{"rendered":"https:\/\/www.lasrosas.com.ar\/portal\/?p=39687"},"modified":"2021-08-16T10:27:58","modified_gmt":"2021-08-16T13:27:58","slug":"thalia-impacto-con-un-look-que-es-tendencia","status":"publish","type":"post","link":"https:\/\/www.lasrosas.com.ar\/portal\/thalia-impacto-con-un-look-que-es-tendencia\/","title":{"rendered":"THAL\u00cdA IMPACT\u00d3 CON UN LOOK QUE ES TENDENCIA"},"content":{"rendered":"<p>Atenta a las tendencias y a todos los detalles, la artista mexicana luci\u00f3 un make up impecable y fabuloso que sale de lo com\u00fan, apto para las m\u00e1s osadas.<\/p>\n<p>Una vez m\u00e1s, Thal\u00eda\u00a0sorprendi\u00f3 a sus millones de seguidores con un make up look de alto impacto que logr\u00f3 miles de \u00abme gusta\u00bb. En los \u00faltimos d\u00edas del verano mexicano, la cantante y empresaria se mostr\u00f3 con una cola de caballo bien tirante, buzo de algod\u00f3n y \u00a1labios negros!, que le quedan s\u00faper.<br \/>\n<img decoding=\"async\" class=\"aligncenter size-full wp-image-39709 lazyload\" data-src=\"https:\/\/www.lasrosas.com.ar\/portal\/wp-content\/uploads\/B3C39960-FDCD-41EF-A340-FB166EF3B2D6.png\" alt=\"\" width=\"768\" height=\"762\" src=\"data:image\/svg+xml;base64,PHN2ZyB3aWR0aD0iMSIgaGVpZ2h0PSIxIiB4bWxucz0iaHR0cDovL3d3dy53My5vcmcvMjAwMC9zdmciPjwvc3ZnPg==\" style=\"--smush-placeholder-width: 768px; --smush-placeholder-aspect-ratio: 768\/762;\" \/><\/p>\n<p>Es habitual que acerc\u00e1ndonos a las estaciones m\u00e1s fr\u00edas, el tono del make up se torne m\u00e1s oscuro, adoptando tonos como el bord\u00f3, el marr\u00f3n e -incluso- el azul o el negro, que suelen elegir las m\u00e1s atrevidas y que se vio en las pasarelas m\u00e1s exclusivas del mundo con la \u00faltima colecci\u00f3n de Chanel.<\/p>\n<p>En una publicaci\u00f3n en Instagram, public\u00f3 la foto con el mensaje: \u00abBesos tatuaje\u00bb. Acompa\u00f1\u00f3 el labial negro con un\u00a0look<strong>\u00a0<\/strong>m\u00e1s suave en sus ojos: delineador s\u00f3lo para la parte superior, con una delicada l\u00ednea para acentuarlos, m\u00e1scara de pesta\u00f1as negra y una sombra suave en degrad\u00e9 que era de un tono nude perlado.<\/p>\n<!-- AddThis Advanced Settings generic via filter on the_content --><!-- AddThis Share Buttons generic via filter on the_content -->","protected":false},"excerpt":{"rendered":"<p>Atenta a las tendencias y a todos los detalles, la artista mexicana luci\u00f3 un make up impecable y fabuloso que sale de lo com\u00fan, apto para las m\u00e1s osadas. Una vez m\u00e1s, Thal\u00eda\u00a0sorprendi\u00f3 a sus millones de seguidores con un make up look de alto impacto que logr\u00f3 miles de \u00abme gusta\u00bb. En los \u00faltimos [&hellip;]<!-- AddThis Advanced Settings generic via filter on get_the_excerpt --><!-- AddThis Share Buttons generic via filter on get_the_excerpt --><\/p>\n","protected":false},"author":6,"featured_media":39708,"comment_status":"closed","ping_status":"open","sticky":false,"template":"","format":"standard","meta":{"_acf_changed":false,"om_disable_all_campaigns":false,"_monsterinsights_skip_tracking":false,"_monsterinsights_sitenote_active":false,"_monsterinsights_sitenote_note":"","_monsterinsights_sitenote_category":0,"_uf_show_specific_survey":0,"_uf_disable_surveys":false,"footnotes":""},"categories":[234,100,1],"tags":[],"class_list":["post-39687","post","type-post","status-publish","format-standard","has-post-thumbnail","hentry","category-trend","category-noticias","category-sin-categoria"],"acf":[],"aioseo_notices":[],"_links":{"self":[{"href":"https:\/\/www.lasrosas.com.ar\/portal\/wp-json\/wp\/v2\/posts\/39687","targetHints":{"allow":["GET"]}}],"collection":[{"href":"https:\/\/www.lasrosas.com.ar\/portal\/wp-json\/wp\/v2\/posts"}],"about":[{"href":"https:\/\/www.lasrosas.com.ar\/portal\/wp-json\/wp\/v2\/types\/post"}],"author":[{"embeddable":true,"href":"https:\/\/www.lasrosas.com.ar\/portal\/wp-json\/wp\/v2\/users\/6"}],"replies":[{"embeddable":true,"href":"https:\/\/www.lasrosas.com.ar\/portal\/wp-json\/wp\/v2\/comments?post=39687"}],"version-history":[{"count":0,"href":"https:\/\/www.lasrosas.com.ar\/portal\/wp-json\/wp\/v2\/posts\/39687\/revisions"}],"wp:featuredmedia":[{"embeddable":true,"href":"https:\/\/www.lasrosas.com.ar\/portal\/wp-json\/wp\/v2\/media\/39708"}],"wp:attachment":[{"href":"https:\/\/www.lasrosas.com.ar\/portal\/wp-json\/wp\/v2\/media?parent=39687"}],"wp:term":[{"taxonomy":"category","embeddable":true,"href":"https:\/\/www.lasrosas.com.ar\/portal\/wp-json\/wp\/v2\/categories?post=39687"},{"taxonomy":"post_tag","embeddable":true,"href":"https:\/\/www.lasrosas.com.ar\/portal\/wp-json\/wp\/v2\/tags?post=39687"}],"curies":[{"name":"wp","href":"https:\/\/api.w.org\/{rel}","templated":true}]}}