{"id":39596,"date":"2021-08-13T13:05:50","date_gmt":"2021-08-13T16:05:50","guid":{"rendered":"https:\/\/www.lasrosas.com.ar\/portal\/?p=39596"},"modified":"2021-08-13T11:18:20","modified_gmt":"2021-08-13T14:18:20","slug":"harry-styles-estreno-nuevo-look","status":"publish","type":"post","link":"https:\/\/www.lasrosas.com.ar\/portal\/harry-styles-estreno-nuevo-look\/","title":{"rendered":"HARRY STYLES ESTREN\u00d3 NUEVO LOOK"},"content":{"rendered":"<p>El cantante aparece con un nuevo aspecto y son los bigotes.<\/p>\n<p><img decoding=\"async\" class=\"aligncenter wp-image-39598 lazyload\" data-src=\"https:\/\/www.lasrosas.com.ar\/portal\/wp-content\/uploads\/harry-styles-se-despide-de-su-bigote-cambio-de-look_crop1599598992567.jpg_423682103-960x960.jpg\" alt=\"\" width=\"704\" height=\"734\" src=\"data:image\/svg+xml;base64,PHN2ZyB3aWR0aD0iMSIgaGVpZ2h0PSIxIiB4bWxucz0iaHR0cDovL3d3dy53My5vcmcvMjAwMC9zdmciPjwvc3ZnPg==\" style=\"--smush-placeholder-width: 704px; --smush-placeholder-aspect-ratio: 704\/734;\" \/><\/p>\n<p>Harrys Styles es considerado uno de los \u00edconos de la moda en todo el mundo. Desde su paso en One Direction, el artista marc\u00f3 tendencia con sus diferentes estilos y su m\u00fasica.<\/p>\n<p>Ahora, Harry vuelve a ser noticia por estrenar un nuevo look. Esta vez, el int\u00e9rprete de \u00abWatermelon Sugar\u00bb se mostr\u00f3 con bigotes y barba, lo que le da un aspecto muy diferente.<\/p>\n<p><img decoding=\"async\" class=\"aligncenter size-full wp-image-39597 lazyload\" data-src=\"https:\/\/www.lasrosas.com.ar\/portal\/wp-content\/uploads\/1628790972_281836_1628791223_noticia_normal.jpg\" alt=\"\" width=\"640\" height=\"320\" src=\"data:image\/svg+xml;base64,PHN2ZyB3aWR0aD0iMSIgaGVpZ2h0PSIxIiB4bWxucz0iaHR0cDovL3d3dy53My5vcmcvMjAwMC9zdmciPjwvc3ZnPg==\" style=\"--smush-placeholder-width: 640px; --smush-placeholder-aspect-ratio: 640\/320;\" \/><\/p>\n<p>El cantante fue fotografiado por sus fans en Los \u00c1ngeles mientras descansaba junto a su novia Olivia Wilde en una lujosa casa.<\/p>\n<p>Muchos creen que ese nuevo look se debe a la pel\u00edcula que Harry termin\u00f3 de filmar. Se trata de My Policeman, una cinta en la que el artista interpreta a un polic\u00eda homosexual mientras mantiene paralelamente, una relaci\u00f3n con una mujer.<\/p>\n<!-- AddThis Advanced Settings generic via filter on the_content --><!-- AddThis Share Buttons generic via filter on the_content -->","protected":false},"excerpt":{"rendered":"<p>El cantante aparece con un nuevo aspecto y son los bigotes. Harrys Styles es considerado uno de los \u00edconos de la moda en todo el mundo. Desde su paso en One Direction, el artista marc\u00f3 tendencia con sus diferentes estilos y su m\u00fasica. Ahora, Harry vuelve a ser noticia por estrenar un nuevo look. Esta [&hellip;]<!-- AddThis Advanced Settings generic via filter on get_the_excerpt --><!-- AddThis Share Buttons generic via filter on get_the_excerpt --><\/p>\n","protected":false},"author":6,"featured_media":39599,"comment_status":"closed","ping_status":"open","sticky":false,"template":"","format":"standard","meta":{"_acf_changed":false,"om_disable_all_campaigns":false,"_monsterinsights_skip_tracking":false,"_monsterinsights_sitenote_active":false,"_monsterinsights_sitenote_note":"","_monsterinsights_sitenote_category":0,"_uf_show_specific_survey":0,"_uf_disable_surveys":false,"footnotes":""},"categories":[100],"tags":[],"class_list":["post-39596","post","type-post","status-publish","format-standard","has-post-thumbnail","hentry","category-noticias"],"acf":[],"aioseo_notices":[],"_links":{"self":[{"href":"https:\/\/www.lasrosas.com.ar\/portal\/wp-json\/wp\/v2\/posts\/39596","targetHints":{"allow":["GET"]}}],"collection":[{"href":"https:\/\/www.lasrosas.com.ar\/portal\/wp-json\/wp\/v2\/posts"}],"about":[{"href":"https:\/\/www.lasrosas.com.ar\/portal\/wp-json\/wp\/v2\/types\/post"}],"author":[{"embeddable":true,"href":"https:\/\/www.lasrosas.com.ar\/portal\/wp-json\/wp\/v2\/users\/6"}],"replies":[{"embeddable":true,"href":"https:\/\/www.lasrosas.com.ar\/portal\/wp-json\/wp\/v2\/comments?post=39596"}],"version-history":[{"count":0,"href":"https:\/\/www.lasrosas.com.ar\/portal\/wp-json\/wp\/v2\/posts\/39596\/revisions"}],"wp:featuredmedia":[{"embeddable":true,"href":"https:\/\/www.lasrosas.com.ar\/portal\/wp-json\/wp\/v2\/media\/39599"}],"wp:attachment":[{"href":"https:\/\/www.lasrosas.com.ar\/portal\/wp-json\/wp\/v2\/media?parent=39596"}],"wp:term":[{"taxonomy":"category","embeddable":true,"href":"https:\/\/www.lasrosas.com.ar\/portal\/wp-json\/wp\/v2\/categories?post=39596"},{"taxonomy":"post_tag","embeddable":true,"href":"https:\/\/www.lasrosas.com.ar\/portal\/wp-json\/wp\/v2\/tags?post=39596"}],"curies":[{"name":"wp","href":"https:\/\/api.w.org\/{rel}","templated":true}]}}