{"id":39411,"date":"2021-08-10T13:05:11","date_gmt":"2021-08-10T16:05:11","guid":{"rendered":"https:\/\/www.lasrosas.com.ar\/portal\/?p=39411"},"modified":"2021-08-10T12:28:26","modified_gmt":"2021-08-10T15:28:26","slug":"asi-luce-lady-di-en-la-proxima-temporada-de-the-crown","status":"publish","type":"post","link":"https:\/\/www.lasrosas.com.ar\/portal\/asi-luce-lady-di-en-la-proxima-temporada-de-the-crown\/","title":{"rendered":"AS\u00cd LUCE LADY DI EN LA PR\u00d3XIMA TEMPORADA DE THE CROWN"},"content":{"rendered":"<p>Elizabeth Debicki es quien interpretar\u00e1 a Diana Spencer en la pr\u00f3xima temporada de la serie y se acaban de filtrar las primeras im\u00e1genes: usando un blazer estilo navy, jeans y zapatillas blancas, se la vio rodando una escena que la muestra junto a William y Harry mientras eran dos ni\u00f1os peque\u00f1os. Y el parecido es realmente impresionante.<\/p>\n<p>La quinta temporada de\u00a0The Crown\u00a0est\u00e1 en pleno rodaje y crea mucha expectativa cada vez que se filtra alg\u00fan detalle. La semana pasada conocimos la caracterizaci\u00f3n de\u00a0Imelda Staunton\u00a0como Isabel II y ahora llegan im\u00e1genes de\u00a0Elizabeth Debicki\u00a0como la nueva\u00a0Lady Di.<\/p>\n<p>Como ya anunci\u00f3 Netflix hace algunas semanas, la quinta y sexta temporada de la serie abarcar\u00e1n el per\u00edodo entre 1990 hasta un poco m\u00e1s all\u00e1 del 2000 en el que la familia real brit\u00e1nica vivi\u00f3 un gran revuelo: primero, con el divorcio de Carlos y Diana, luego con la tr\u00e1gica muerte de la Princesa de Gales.<\/p>\n<p><img decoding=\"async\" class=\"aligncenter wp-image-39412 size-thumbnail lazyload\" data-src=\"https:\/\/www.lasrosas.com.ar\/portal\/wp-content\/uploads\/elizabeth-debicki-attends-the-burnt-orange-heresy-photocall-news-photo-1628160431-640x418.jpg\" alt=\"\" width=\"640\" height=\"418\" src=\"data:image\/svg+xml;base64,PHN2ZyB3aWR0aD0iMSIgaGVpZ2h0PSIxIiB4bWxucz0iaHR0cDovL3d3dy53My5vcmcvMjAwMC9zdmciPjwvc3ZnPg==\" style=\"--smush-placeholder-width: 640px; --smush-placeholder-aspect-ratio: 640\/418;\" \/><\/p>\n<p>Las im\u00e1genes son del set de filmaci\u00f3n y si bien est\u00e1n tomadas desde la lejan\u00eda, se puede apreciar como la actriz australiana ya luce una gran caracterizaci\u00f3n para encarnar su papel.<\/p>\n<p>Una vez m\u00e1s se nota el trabajo de producci\u00f3n, ya que\u00a0Elizabeth viste exactamente igual que Diana en esa \u00e9poca. Otro detalles es que la actriz est\u00e1 acompa\u00f1ada de dos peque\u00f1os, quienes seguramente son los encargados de interpretar a\u00a0William y Harry.<\/p>\n<p>Elizabeth reemplaza a\u00a0Emma Corrin, quien encarn\u00f3 una joven Diana durante la cuarta temporada y por el cual recibi\u00f3 una\u00a0nominaci\u00f3n al Emmy.<\/p>\n<!-- AddThis Advanced Settings generic via filter on the_content --><!-- AddThis Share Buttons generic via filter on the_content -->","protected":false},"excerpt":{"rendered":"<p>Elizabeth Debicki es quien interpretar\u00e1 a Diana Spencer en la pr\u00f3xima temporada de la serie y se acaban de filtrar las primeras im\u00e1genes: usando un blazer estilo navy, jeans y zapatillas blancas, se la vio rodando una escena que la muestra junto a William y Harry mientras eran dos ni\u00f1os peque\u00f1os. Y el parecido es [&hellip;]<!-- AddThis Advanced Settings generic via filter on get_the_excerpt --><!-- AddThis Share Buttons generic via filter on get_the_excerpt --><\/p>\n","protected":false},"author":6,"featured_media":39413,"comment_status":"closed","ping_status":"open","sticky":false,"template":"","format":"standard","meta":{"_acf_changed":false,"om_disable_all_campaigns":false,"_monsterinsights_skip_tracking":false,"_monsterinsights_sitenote_active":false,"_monsterinsights_sitenote_note":"","_monsterinsights_sitenote_category":0,"_uf_show_specific_survey":0,"_uf_disable_surveys":false,"footnotes":""},"categories":[100],"tags":[],"class_list":["post-39411","post","type-post","status-publish","format-standard","has-post-thumbnail","hentry","category-noticias"],"acf":[],"aioseo_notices":[],"_links":{"self":[{"href":"https:\/\/www.lasrosas.com.ar\/portal\/wp-json\/wp\/v2\/posts\/39411","targetHints":{"allow":["GET"]}}],"collection":[{"href":"https:\/\/www.lasrosas.com.ar\/portal\/wp-json\/wp\/v2\/posts"}],"about":[{"href":"https:\/\/www.lasrosas.com.ar\/portal\/wp-json\/wp\/v2\/types\/post"}],"author":[{"embeddable":true,"href":"https:\/\/www.lasrosas.com.ar\/portal\/wp-json\/wp\/v2\/users\/6"}],"replies":[{"embeddable":true,"href":"https:\/\/www.lasrosas.com.ar\/portal\/wp-json\/wp\/v2\/comments?post=39411"}],"version-history":[{"count":0,"href":"https:\/\/www.lasrosas.com.ar\/portal\/wp-json\/wp\/v2\/posts\/39411\/revisions"}],"wp:featuredmedia":[{"embeddable":true,"href":"https:\/\/www.lasrosas.com.ar\/portal\/wp-json\/wp\/v2\/media\/39413"}],"wp:attachment":[{"href":"https:\/\/www.lasrosas.com.ar\/portal\/wp-json\/wp\/v2\/media?parent=39411"}],"wp:term":[{"taxonomy":"category","embeddable":true,"href":"https:\/\/www.lasrosas.com.ar\/portal\/wp-json\/wp\/v2\/categories?post=39411"},{"taxonomy":"post_tag","embeddable":true,"href":"https:\/\/www.lasrosas.com.ar\/portal\/wp-json\/wp\/v2\/tags?post=39411"}],"curies":[{"name":"wp","href":"https:\/\/api.w.org\/{rel}","templated":true}]}}