{"id":39283,"date":"2021-08-06T12:48:35","date_gmt":"2021-08-06T15:48:35","guid":{"rendered":"https:\/\/www.lasrosas.com.ar\/portal\/?p=39283"},"modified":"2021-08-06T12:48:35","modified_gmt":"2021-08-06T15:48:35","slug":"el-dia-internacional-de-la-birra","status":"publish","type":"post","link":"https:\/\/www.lasrosas.com.ar\/portal\/el-dia-internacional-de-la-birra\/","title":{"rendered":"EL D\u00cdA INTERNACIONAL DE LA BIRRA"},"content":{"rendered":"<p>El primer viernes de agosto se celebra el d\u00eda internacional de la cerveza. Gelt, la app de cashback\u00a0 especialista en compra inteligente, explica datos sobre qu\u00e9 preferencia tienen los consumidores de cerveza a la hora de comprar.<\/p>\n<p><strong>El finde arranca el jueves<\/strong><\/p>\n<p>No es sorpresa que el consumo de cerveza aumente el fin de semana, lo que s\u00ed puede sorprender es que muchos consumidores arrancan con el finde antes: el incremento en ventas se ve el 13% del consumo de cerveza es los d\u00edas jueves, el 16% los viernes y el pico es el s\u00e1bado con el 21%.<\/p>\n<p><strong>\u00bfLa cerveza se pide por delivery?<\/strong><\/p>\n<p>El consumo de delivery de cerveza es comparativamente bajo: seg\u00fan el informe, el 95,38% de las cervezas se compran por tienda f\u00edsica, un 3.52% por el canal online y solo un 1.10% de los usuarios piden por delivery.<\/p>\n<p><img decoding=\"async\" class=\"aligncenter size-full wp-image-39287 lazyload\" data-src=\"https:\/\/www.lasrosas.com.ar\/portal\/wp-content\/uploads\/cervezas.jpg\" alt=\"\" width=\"650\" height=\"440\" src=\"data:image\/svg+xml;base64,PHN2ZyB3aWR0aD0iMSIgaGVpZ2h0PSIxIiB4bWxucz0iaHR0cDovL3d3dy53My5vcmcvMjAwMC9zdmciPjwvc3ZnPg==\" style=\"--smush-placeholder-width: 650px; --smush-placeholder-aspect-ratio: 650\/440;\" \/><\/p>\n<p><strong>La lata es la preferida<\/strong><\/p>\n<p>No hay con qu\u00e9 darle: tanto los centennials, los millennials, la generaci\u00f3n x y los mayores de 60 a la hora de comprar cerveza prefieren la lata. El 64,1% de las compras de cerveza son de lata, mientras que la botella representa un 20,8% y los Six Pack un 15%.<\/p>\n<p><img decoding=\"async\" class=\"aligncenter wp-image-39288 size-thumbnail lazyload\" data-src=\"https:\/\/www.lasrosas.com.ar\/portal\/wp-content\/uploads\/cerveza-lata-640x480.jpg\" alt=\"\" width=\"640\" height=\"480\" data-srcset=\"https:\/\/www.lasrosas.com.ar\/portal\/wp-content\/uploads\/cerveza-lata-640x480.jpg 640w, https:\/\/www.lasrosas.com.ar\/portal\/wp-content\/uploads\/cerveza-lata-960x720.jpg 960w, https:\/\/www.lasrosas.com.ar\/portal\/wp-content\/uploads\/cerveza-lata.jpg 1040w\" data-sizes=\"(max-width: 640px) 100vw, 640px\" src=\"data:image\/svg+xml;base64,PHN2ZyB3aWR0aD0iMSIgaGVpZ2h0PSIxIiB4bWxucz0iaHR0cDovL3d3dy53My5vcmcvMjAwMC9zdmciPjwvc3ZnPg==\" style=\"--smush-placeholder-width: 640px; --smush-placeholder-aspect-ratio: 640\/480;\" \/><\/p>\n<p><strong>Compra por g\u00e9nero<\/strong><\/p>\n<p>Los datos de Gelt nos indican que entre los consumidores centennials la compra es muy pareja: 49,65% son varones, 49,37% mujeres y 0,7% no binarios. En la generaci\u00f3n X suelen comprar un poco m\u00e1s los varones: 55,84% ellos, 43,95% mujeres y 0,2% no binarios. Ocurre lo mismo con los millennials, pero no as\u00ed con los baby boomers. La tendencia se revierte y las mujeres representan el 52,83%, mientras que los varones un 48,40% y los no binarios un 0,25%.<\/p>\n<p><strong>M\u00e1s hijos, menos cerveza<\/strong><\/p>\n<p>El informe de Gelt arroja que el 66% de los usuarios millennials que viven solos consumen cerveza. \u00bfCon ni\u00f1os en el hogar? Los n\u00fameros bajan a 18% con 1 ni\u00f1o, 12% con 2 ni\u00f1os y a 4% con 3\u00a0 ni\u00f1os o m\u00e1s.<\/p>\n<p><strong>Un consumo social<\/strong><\/p>\n<p>\u00abLa cerveza, y las bebidas alcoh\u00f3licas en general, son productos de consumo social, es decir su compra var\u00eda mucho seg\u00fan el comportamiento de los consumidores, por eso interfieren tantas variables: la edad, los hijos, el tipo de envase que eligen; no ten\u00e9s tantas variables significativas con otros productos. Un ejemplo es lo que se observa en la comparaci\u00f3n de la cerveza con el vino: los centennials, millennials y los mayores de 40, casi no toman vino. Si bien la tendencia crece con los a\u00f1os, es muy baja a comparaci\u00f3n del consumo de cerveza, mientras que cuando lleg\u00e1s a los usuarios mayores de 60 se percibe un consumo casi igual de vino y cerveza\u00bb &#8211; explic\u00f3 Pablo Rubino, responsable de marketing de Gelt.<\/p>\n<!-- AddThis Advanced Settings generic via filter on the_content --><!-- AddThis Share Buttons generic via filter on the_content -->","protected":false},"excerpt":{"rendered":"<p>El primer viernes de agosto se celebra el d\u00eda internacional de la cerveza. Gelt, la app de cashback\u00a0 especialista en compra inteligente, explica datos sobre qu\u00e9 preferencia tienen los consumidores de cerveza a la hora de comprar. El finde arranca el jueves No es sorpresa que el consumo de cerveza aumente el fin de semana, [&hellip;]<!-- AddThis Advanced Settings generic via filter on get_the_excerpt --><!-- AddThis Share Buttons generic via filter on get_the_excerpt --><\/p>\n","protected":false},"author":6,"featured_media":39284,"comment_status":"closed","ping_status":"open","sticky":false,"template":"","format":"standard","meta":{"_acf_changed":false,"om_disable_all_campaigns":false,"_monsterinsights_skip_tracking":false,"_monsterinsights_sitenote_active":false,"_monsterinsights_sitenote_note":"","_monsterinsights_sitenote_category":0,"_uf_show_specific_survey":0,"_uf_disable_surveys":false,"footnotes":""},"categories":[100],"tags":[],"class_list":["post-39283","post","type-post","status-publish","format-standard","has-post-thumbnail","hentry","category-noticias"],"acf":[],"aioseo_notices":[],"_links":{"self":[{"href":"https:\/\/www.lasrosas.com.ar\/portal\/wp-json\/wp\/v2\/posts\/39283","targetHints":{"allow":["GET"]}}],"collection":[{"href":"https:\/\/www.lasrosas.com.ar\/portal\/wp-json\/wp\/v2\/posts"}],"about":[{"href":"https:\/\/www.lasrosas.com.ar\/portal\/wp-json\/wp\/v2\/types\/post"}],"author":[{"embeddable":true,"href":"https:\/\/www.lasrosas.com.ar\/portal\/wp-json\/wp\/v2\/users\/6"}],"replies":[{"embeddable":true,"href":"https:\/\/www.lasrosas.com.ar\/portal\/wp-json\/wp\/v2\/comments?post=39283"}],"version-history":[{"count":0,"href":"https:\/\/www.lasrosas.com.ar\/portal\/wp-json\/wp\/v2\/posts\/39283\/revisions"}],"wp:featuredmedia":[{"embeddable":true,"href":"https:\/\/www.lasrosas.com.ar\/portal\/wp-json\/wp\/v2\/media\/39284"}],"wp:attachment":[{"href":"https:\/\/www.lasrosas.com.ar\/portal\/wp-json\/wp\/v2\/media?parent=39283"}],"wp:term":[{"taxonomy":"category","embeddable":true,"href":"https:\/\/www.lasrosas.com.ar\/portal\/wp-json\/wp\/v2\/categories?post=39283"},{"taxonomy":"post_tag","embeddable":true,"href":"https:\/\/www.lasrosas.com.ar\/portal\/wp-json\/wp\/v2\/tags?post=39283"}],"curies":[{"name":"wp","href":"https:\/\/api.w.org\/{rel}","templated":true}]}}