{"id":39029,"date":"2021-08-02T11:51:30","date_gmt":"2021-08-02T14:51:30","guid":{"rendered":"https:\/\/www.lasrosas.com.ar\/portal\/?p=39029"},"modified":"2021-08-02T11:51:55","modified_gmt":"2021-08-02T14:51:55","slug":"citroen-c5-aircross-una-obsesion-por-el-confort","status":"publish","type":"post","link":"https:\/\/www.lasrosas.com.ar\/portal\/citroen-c5-aircross-una-obsesion-por-el-confort\/","title":{"rendered":"CITRO\u00cbN C5 AIRCROSS: UNA OBSESI\u00d3N POR EL CONFORT"},"content":{"rendered":"<p><b>Citro\u00ebn C5 Aircross: una obsesi\u00f3n por el confort<\/b><\/p>\n<p><span style=\"font-weight: 400;\">Se trata de uno de los \u00faltimos lanzamiento de Citro\u00ebn, llega importado de Francia<\/span> <span style=\"font-weight: 400;\">y est\u00e1 siendo reconocido por la calidad de vida a bordo. Es que su configuraci\u00f3n se centra en el confort de quienes viajan en \u00e9l. Un ejemplo de esto son <\/span><span style=\"font-weight: 400;\">las regulaciones mec\u00e1nicas, su habitabilidad y elementos que hacen sentir a gusto tanto al conductor como a sus acompa\u00f1antes.<\/span><\/p>\n\r\n\t\t<style type='text\/css'>\r\n\t\t\t#gallery-1 {\r\n\t\t\t\tmargin: auto;\r\n\t\t\t}\r\n\t\t\t#gallery-1 .gallery-item {\r\n\t\t\t\tfloat: left;\r\n\t\t\t\tmargin-top: 10px;\r\n\t\t\t\ttext-align: center;\r\n\t\t\t\twidth: 50%;\r\n\t\t\t}\r\n\t\t\t#gallery-1 img {\r\n\t\t\t\tborder: 2px solid #cfcfcf;\r\n\t\t\t}\r\n\t\t\t#gallery-1 .gallery-caption {\r\n\t\t\t\tmargin-left: 0;\r\n\t\t\t}\r\n\t\t<\/style>\r\n\t\t<!-- see gallery_shortcode() in wp-includes\/media.php -->\n\t\t<div id='gallery-1' class='gallery galleryid-39029 gallery-columns-2 gallery-size-medium gallery1'><script type=\"text\/javascript\">\r\n\/\/ <![CDATA[\r\n\tjQuery(document).ready(function () {\r\n\t\tjQuery(\".gallery1 a\").attr(\"rel\",\"gallery1\");\t\r\n\t\tjQuery('a[rel=\"gallery1\"]').colorbox({maxWidth:\"95%\", maxHeight:\"95%\",title: function(){ return jQuery(this).children().attr(\"alt\"); }, });\r\n\t});\r\n\/\/ ]]>\r\n<\/script>\n<dl class=\"gallery-item\">\n<dt class=\"gallery-icon\">\r\n<a href=\"https:\/\/www.lasrosas.com.ar\/portal\/wp-content\/uploads\/galeria-c5aircross_cinemascope-15.355703-1-1920x823.jpg\" title=\"\" rel=\"gallery1\"><img decoding=\"async\" data-src=\"https:\/\/www.lasrosas.com.ar\/portal\/wp-content\/uploads\/galeria-c5aircross_cinemascope-15.355703-1-960x412.jpg\" width=\"960\" height=\"412\" alt=\"\" src=\"data:image\/svg+xml;base64,PHN2ZyB3aWR0aD0iMSIgaGVpZ2h0PSIxIiB4bWxucz0iaHR0cDovL3d3dy53My5vcmcvMjAwMC9zdmciPjwvc3ZnPg==\" class=\"lazyload\" style=\"--smush-placeholder-width: 960px; --smush-placeholder-aspect-ratio: 960\/412;\" \/><\/a>\r\n<\/dt><\/dl><dl class=\"gallery-item\">\n<dt class=\"gallery-icon\">\r\n<a href=\"https:\/\/www.lasrosas.com.ar\/portal\/wp-content\/uploads\/galeria-c5aircross_cinemascope-08.355702-1-1920x823.jpg\" title=\"\" rel=\"gallery1\"><img decoding=\"async\" data-src=\"https:\/\/www.lasrosas.com.ar\/portal\/wp-content\/uploads\/galeria-c5aircross_cinemascope-08.355702-1-960x412.jpg\" width=\"960\" height=\"412\" alt=\"\" src=\"data:image\/svg+xml;base64,PHN2ZyB3aWR0aD0iMSIgaGVpZ2h0PSIxIiB4bWxucz0iaHR0cDovL3d3dy53My5vcmcvMjAwMC9zdmciPjwvc3ZnPg==\" class=\"lazyload\" style=\"--smush-placeholder-width: 960px; --smush-placeholder-aspect-ratio: 960\/412;\" \/><\/a>\r\n<\/dt><\/dl><br style=\"clear: both\" \/>\r\n\t\t<\/div>\n\n<p>&nbsp;<\/p>\n<p><span style=\"font-weight: 400;\">Citro\u00ebn C5 Aircross <\/span><span style=\"font-weight: 400;\">es un embajador de la marca del programa Citro\u00ebn Advanced Comfort, con una serie de ajustes y sistemas tecnol\u00f3gicos que aseguran el bienestar de los ocupantes.<\/span><\/p>\n<p><span style=\"font-weight: 400;\">En cuanto a est\u00e9tica exterior, el C5 Aircross expresa una mirada que no pasa desapercibida. Y cuotas de inserciones de color, le otorgan una personalidad \u00fanica. Puertas adentro los detalles chic saltan a la vista. Materiales de calidad y terminaciones elegantes hace del interior de este modelo toda una experiencia a bordo.<\/span><\/p>\n<p><span style=\"font-weight: 400;\">Sus tapizados son de cuero y tela; como si se tratase de un sof\u00e1, los asientos est\u00e1n dise\u00f1ados con espuma de alta densidad. Posee un interior amplio, pr\u00e1ctico y con una excelente insonorizaci\u00f3n, adem\u00e1s de un espacio bien iluminado. Es un veh\u00edculo concebido para viajar con comodidad, sin perder detalles de calidad y elegancia.\u00a0<\/span><\/p>\n<p><b>Musicaliza tu viaje<\/b><\/p>\n<p><span style=\"font-weight: 400;\">En cuanto a ac\u00fastica, su tecnolog\u00eda se hace sentir: posee <\/span><span style=\"font-weight: 400;\">una aislaci\u00f3n ac\u00fastica al mejor nivel &#8211; vidrios delanteros laminados con capa aislante y un tratamiento espec\u00edfico de la aislaci\u00f3n del Bloc Motor \u2013 <\/span><span style=\"font-weight: 400;\">As\u00ed, los ruidos del viento o rodamiento no llegan al interior del veh\u00edculo, lo que permite disfrutar de una experiencia ac\u00fastica de calidad.<\/span><\/p>\n<p><span style=\"font-weight: 400;\">Otro detalle que lo hace especial, es su superficie acristalada que hace posible ver 360\u00b0 hacia al exterior, proporcionando una gran luminosidad.<\/span><\/p>\n\r\n\t\t<style type='text\/css'>\r\n\t\t\t#gallery-2 {\r\n\t\t\t\tmargin: auto;\r\n\t\t\t}\r\n\t\t\t#gallery-2 .gallery-item {\r\n\t\t\t\tfloat: left;\r\n\t\t\t\tmargin-top: 10px;\r\n\t\t\t\ttext-align: center;\r\n\t\t\t\twidth: 50%;\r\n\t\t\t}\r\n\t\t\t#gallery-2 img {\r\n\t\t\t\tborder: 2px solid #cfcfcf;\r\n\t\t\t}\r\n\t\t\t#gallery-2 .gallery-caption {\r\n\t\t\t\tmargin-left: 0;\r\n\t\t\t}\r\n\t\t<\/style>\r\n\t\t<!-- see gallery_shortcode() in wp-includes\/media.php -->\n\t\t<div id='gallery-2' class='gallery galleryid-39029 gallery-columns-2 gallery-size-thumbnail gallery1'><script type=\"text\/javascript\">\r\n\/\/ <![CDATA[\r\n\tjQuery(document).ready(function () {\r\n\t\tjQuery(\".gallery1 a\").attr(\"rel\",\"gallery1\");\t\r\n\t\tjQuery('a[rel=\"gallery1\"]').colorbox({maxWidth:\"95%\", maxHeight:\"95%\",title: function(){ return jQuery(this).children().attr(\"alt\"); }, });\r\n\t});\r\n\/\/ ]]>\r\n<\/script>\n<dl class=\"gallery-item\">\n<dt class=\"gallery-icon\">\r\n<a href=\"https:\/\/www.lasrosas.com.ar\/portal\/wp-content\/uploads\/galeria-c5aircross_cinemascope-08.355702-1920x823.jpg\" title=\"\" rel=\"gallery1\"><img decoding=\"async\" data-src=\"https:\/\/www.lasrosas.com.ar\/portal\/wp-content\/uploads\/galeria-c5aircross_cinemascope-08.355702-640x480.jpg\" width=\"640\" height=\"480\" alt=\"\" src=\"data:image\/svg+xml;base64,PHN2ZyB3aWR0aD0iMSIgaGVpZ2h0PSIxIiB4bWxucz0iaHR0cDovL3d3dy53My5vcmcvMjAwMC9zdmciPjwvc3ZnPg==\" class=\"lazyload\" style=\"--smush-placeholder-width: 640px; --smush-placeholder-aspect-ratio: 640\/480;\" \/><\/a>\r\n<\/dt><\/dl><dl class=\"gallery-item\">\n<dt class=\"gallery-icon\">\r\n<a href=\"https:\/\/www.lasrosas.com.ar\/portal\/wp-content\/uploads\/galeria-c5aircross_1-visual-portrait-09.355695.jpg\" title=\"\" rel=\"gallery1\"><img decoding=\"async\" data-src=\"https:\/\/www.lasrosas.com.ar\/portal\/wp-content\/uploads\/galeria-c5aircross_1-visual-portrait-09.355695-640x480.jpg\" width=\"640\" height=\"480\" alt=\"\" src=\"data:image\/svg+xml;base64,PHN2ZyB3aWR0aD0iMSIgaGVpZ2h0PSIxIiB4bWxucz0iaHR0cDovL3d3dy53My5vcmcvMjAwMC9zdmciPjwvc3ZnPg==\" class=\"lazyload\" style=\"--smush-placeholder-width: 640px; --smush-placeholder-aspect-ratio: 640\/480;\" \/><\/a>\r\n<\/dt><\/dl><br style=\"clear: both\" \/>\r\n\t\t<\/div>\n\n<p><span style=\"font-weight: 400;\">El modelo cuenta con acceso sin llave y su motor se enciende a trav\u00e9s de un bot\u00f3n START\/STOP. A su vez, el sistema multimedia se desarrolla a trav\u00e9s de una pantalla t\u00e1ctil de 8\u201d con conectividad Mirror Screen (Apple Car Play y Android Auto). Eso permite utilizar all\u00ed diferentes aplicaciones como Google Map, Spotify, entre otros.<\/span><\/p>\n<p><span style=\"font-weight: 400;\">\u00bfQuer\u00e9s conocer m\u00e1s acerca del SUV Citroen C5 Aircross? Ingres\u00e1 al sitio web de AVEC Citro\u00ebn <\/span><a href=\"http:\/\/www.avec.com.ar\/\"><span style=\"font-weight: 400;\">www.avec.com.ar<\/span><\/a><span style=\"font-weight: 400;\"> , comun\u00edcate al 351 &#8211; 7422020 o vis\u00edtanos en Av. Col\u00f3n 4800 (C\u00f3rdoba Capital) y en Ruta Nac. 9 KM 554 (Villa Mar\u00eda). Tambi\u00e9n pod\u00e9s encontrarnos en Facebook e Instagram como Avec Citro\u00ebn.\u00a0<\/span><\/p>\n<p>&nbsp;<\/p>\n<!-- AddThis Advanced Settings generic via filter on the_content --><!-- AddThis Share Buttons generic via filter on the_content -->","protected":false},"excerpt":{"rendered":"<p>Citro\u00ebn C5 Aircross: una obsesi\u00f3n por el confort Se trata de uno de los \u00faltimos lanzamiento de Citro\u00ebn, llega importado de Francia y est\u00e1 siendo reconocido por la calidad de vida a bordo. Es que su configuraci\u00f3n se centra en el confort de quienes viajan en \u00e9l. Un ejemplo de esto son las regulaciones mec\u00e1nicas, [&hellip;]<!-- AddThis Advanced Settings generic via filter on get_the_excerpt --><!-- AddThis Share Buttons generic via filter on get_the_excerpt --><\/p>\n","protected":false},"author":6,"featured_media":39030,"comment_status":"closed","ping_status":"open","sticky":false,"template":"","format":"standard","meta":{"_acf_changed":false,"om_disable_all_campaigns":false,"_monsterinsights_skip_tracking":false,"_monsterinsights_sitenote_active":false,"_monsterinsights_sitenote_note":"","_monsterinsights_sitenote_category":0,"_uf_show_specific_survey":0,"_uf_disable_surveys":false,"footnotes":""},"categories":[373,35],"tags":[],"class_list":["post-39029","post","type-post","status-publish","format-standard","has-post-thumbnail","hentry","category-las-rosas-drives","category-especiales"],"acf":[],"aioseo_notices":[],"_links":{"self":[{"href":"https:\/\/www.lasrosas.com.ar\/portal\/wp-json\/wp\/v2\/posts\/39029","targetHints":{"allow":["GET"]}}],"collection":[{"href":"https:\/\/www.lasrosas.com.ar\/portal\/wp-json\/wp\/v2\/posts"}],"about":[{"href":"https:\/\/www.lasrosas.com.ar\/portal\/wp-json\/wp\/v2\/types\/post"}],"author":[{"embeddable":true,"href":"https:\/\/www.lasrosas.com.ar\/portal\/wp-json\/wp\/v2\/users\/6"}],"replies":[{"embeddable":true,"href":"https:\/\/www.lasrosas.com.ar\/portal\/wp-json\/wp\/v2\/comments?post=39029"}],"version-history":[{"count":0,"href":"https:\/\/www.lasrosas.com.ar\/portal\/wp-json\/wp\/v2\/posts\/39029\/revisions"}],"wp:featuredmedia":[{"embeddable":true,"href":"https:\/\/www.lasrosas.com.ar\/portal\/wp-json\/wp\/v2\/media\/39030"}],"wp:attachment":[{"href":"https:\/\/www.lasrosas.com.ar\/portal\/wp-json\/wp\/v2\/media?parent=39029"}],"wp:term":[{"taxonomy":"category","embeddable":true,"href":"https:\/\/www.lasrosas.com.ar\/portal\/wp-json\/wp\/v2\/categories?post=39029"},{"taxonomy":"post_tag","embeddable":true,"href":"https:\/\/www.lasrosas.com.ar\/portal\/wp-json\/wp\/v2\/tags?post=39029"}],"curies":[{"name":"wp","href":"https:\/\/api.w.org\/{rel}","templated":true}]}}