{"id":38564,"date":"2021-07-19T12:11:49","date_gmt":"2021-07-19T15:11:49","guid":{"rendered":"https:\/\/www.lasrosas.com.ar\/portal\/?p=38564"},"modified":"2021-07-19T12:11:49","modified_gmt":"2021-07-19T15:11:49","slug":"el-volumen-y-el-color-reflejaron-la-opulencia-de-valentino","status":"publish","type":"post","link":"https:\/\/www.lasrosas.com.ar\/portal\/el-volumen-y-el-color-reflejaron-la-opulencia-de-valentino\/","title":{"rendered":"EL VOL\u00daMEN Y EL COLOR REFLEJARON LA OPULENCIA DE VALENTINO"},"content":{"rendered":"<p>Pierpaolo Piccioli realiz\u00f3 su colecci\u00f3n de Alta Costura con la ayuda de artistas contempor\u00e1neos.<\/p>\n<p>Los desfiles de Valentino simepre son un espect\u00e1culo de moda donde cada temporada logra superar las expectativas del p\u00fablico.<\/p>\n<p>Para esta nueva colecci\u00f3n de Alta Costura, Pierpaolo Pocciolo, su director creativo, eligi\u00f3 como escenario el Gaggiandre, en el Arsenale de Venecia, que es uno de los centros de producci\u00f3n de arte m\u00e1s grandes de la ciudad.<\/p>\n<p><img decoding=\"async\" class=\"aligncenter wp-image-38565 size-medium lazyload\" data-src=\"https:\/\/www.lasrosas.com.ar\/portal\/wp-content\/uploads\/Ftn_071721_Valentino_HC_Collection_0005-655x1024-614x960.jpg\" alt=\"\" width=\"614\" height=\"960\" data-srcset=\"https:\/\/www.lasrosas.com.ar\/portal\/wp-content\/uploads\/Ftn_071721_Valentino_HC_Collection_0005-655x1024-614x960.jpg 614w, https:\/\/www.lasrosas.com.ar\/portal\/wp-content\/uploads\/Ftn_071721_Valentino_HC_Collection_0005-655x1024.jpg 655w\" data-sizes=\"(max-width: 614px) 100vw, 614px\" src=\"data:image\/svg+xml;base64,PHN2ZyB3aWR0aD0iMSIgaGVpZ2h0PSIxIiB4bWxucz0iaHR0cDovL3d3dy53My5vcmcvMjAwMC9zdmciPjwvc3ZnPg==\" style=\"--smush-placeholder-width: 614px; --smush-placeholder-aspect-ratio: 614\/960;\" \/><\/p>\n<p>Pierpaolo es amante del arte contempor\u00e1neo y antes de idear su pr\u00f3ximo show, decidi\u00f3 reunir en el Atelier a un grupo de pintores de todas las edades, procedencias e inclinaciones est\u00e9ticas, involucr\u00e1ndolos en un di\u00e1logo que se traduce luego en sus prendas.<\/p>\n<p>Y el resultado es asombroso: vol\u00famenes escult\u00f3ricos y vestidos tridimensionales en los que el espacio que ocupen sus piezas en la pasarela sea el mismo que imaginar\u00edamos en un museo.<\/p>\n\r\n\t\t<style type='text\/css'>\r\n\t\t\t#gallery-1 {\r\n\t\t\t\tmargin: auto;\r\n\t\t\t}\r\n\t\t\t#gallery-1 .gallery-item {\r\n\t\t\t\tfloat: left;\r\n\t\t\t\tmargin-top: 10px;\r\n\t\t\t\ttext-align: center;\r\n\t\t\t\twidth: 50%;\r\n\t\t\t}\r\n\t\t\t#gallery-1 img {\r\n\t\t\t\tborder: 2px solid #cfcfcf;\r\n\t\t\t}\r\n\t\t\t#gallery-1 .gallery-caption {\r\n\t\t\t\tmargin-left: 0;\r\n\t\t\t}\r\n\t\t<\/style>\r\n\t\t<!-- see gallery_shortcode() in wp-includes\/media.php -->\n\t\t<div id='gallery-1' class='gallery galleryid-38564 gallery-columns-2 gallery-size-full gallery1'><script type=\"text\/javascript\">\r\n\/\/ <![CDATA[\r\n\tjQuery(document).ready(function () {\r\n\t\tjQuery(\".gallery1 a\").attr(\"rel\",\"gallery1\");\t\r\n\t\tjQuery('a[rel=\"gallery1\"]').colorbox({maxWidth:\"95%\", maxHeight:\"95%\",title: function(){ return jQuery(this).children().attr(\"alt\"); }, });\r\n\t});\r\n\/\/ ]]>\r\n<\/script>\n<dl class=\"gallery-item\">\n<dt class=\"gallery-icon\">\r\n<a href=\"https:\/\/www.lasrosas.com.ar\/portal\/wp-content\/uploads\/Ftn_071721_Valentino_HC_Collection_0001-657x1024.jpg\" title=\"\" rel=\"gallery1\"><img decoding=\"async\" data-src=\"https:\/\/www.lasrosas.com.ar\/portal\/wp-content\/uploads\/Ftn_071721_Valentino_HC_Collection_0001-657x1024.jpg\" width=\"657\" height=\"1024\" alt=\"\" src=\"data:image\/svg+xml;base64,PHN2ZyB3aWR0aD0iMSIgaGVpZ2h0PSIxIiB4bWxucz0iaHR0cDovL3d3dy53My5vcmcvMjAwMC9zdmciPjwvc3ZnPg==\" class=\"lazyload\" style=\"--smush-placeholder-width: 657px; --smush-placeholder-aspect-ratio: 657\/1024;\" \/><\/a>\r\n<\/dt><\/dl><dl class=\"gallery-item\">\n<dt class=\"gallery-icon\">\r\n<a href=\"https:\/\/www.lasrosas.com.ar\/portal\/wp-content\/uploads\/Ftn_071721_Valentino_HC_Collection_0010-682x1024.jpg\" title=\"\" rel=\"gallery1\"><img decoding=\"async\" data-src=\"https:\/\/www.lasrosas.com.ar\/portal\/wp-content\/uploads\/Ftn_071721_Valentino_HC_Collection_0010-682x1024.jpg\" width=\"682\" height=\"1024\" alt=\"\" src=\"data:image\/svg+xml;base64,PHN2ZyB3aWR0aD0iMSIgaGVpZ2h0PSIxIiB4bWxucz0iaHR0cDovL3d3dy53My5vcmcvMjAwMC9zdmciPjwvc3ZnPg==\" class=\"lazyload\" style=\"--smush-placeholder-width: 682px; --smush-placeholder-aspect-ratio: 682\/1024;\" \/><\/a>\r\n<\/dt><\/dl><br style=\"clear: both\" \/>\r\n\t\t<\/div>\n\n<p>Se presentaron diferentes siluetas, largas y cortas, pero cada una era una obra de arte en si misma.<\/p>\n<p>Esta \u00faltima colecci\u00f3n lleva el nombre de Des Ateliers, ya que logr\u00f3 combinar el arte y la pintura con el mundo tridimencional de la moda y la forma de vestir al cuerpo.<\/p>\n\r\n\t\t<style type='text\/css'>\r\n\t\t\t#gallery-2 {\r\n\t\t\t\tmargin: auto;\r\n\t\t\t}\r\n\t\t\t#gallery-2 .gallery-item {\r\n\t\t\t\tfloat: left;\r\n\t\t\t\tmargin-top: 10px;\r\n\t\t\t\ttext-align: center;\r\n\t\t\t\twidth: 50%;\r\n\t\t\t}\r\n\t\t\t#gallery-2 img {\r\n\t\t\t\tborder: 2px solid #cfcfcf;\r\n\t\t\t}\r\n\t\t\t#gallery-2 .gallery-caption {\r\n\t\t\t\tmargin-left: 0;\r\n\t\t\t}\r\n\t\t<\/style>\r\n\t\t<!-- see gallery_shortcode() in wp-includes\/media.php -->\n\t\t<div id='gallery-2' class='gallery galleryid-38564 gallery-columns-2 gallery-size-full gallery1'><script type=\"text\/javascript\">\r\n\/\/ <![CDATA[\r\n\tjQuery(document).ready(function () {\r\n\t\tjQuery(\".gallery1 a\").attr(\"rel\",\"gallery1\");\t\r\n\t\tjQuery('a[rel=\"gallery1\"]').colorbox({maxWidth:\"95%\", maxHeight:\"95%\",title: function(){ return jQuery(this).children().attr(\"alt\"); }, });\r\n\t});\r\n\/\/ ]]>\r\n<\/script>\n<dl class=\"gallery-item\">\n<dt class=\"gallery-icon\">\r\n<a href=\"https:\/\/www.lasrosas.com.ar\/portal\/wp-content\/uploads\/Ftn_071721_Valentino_HC_Collection_0002-682x1024.jpg\" title=\"\" rel=\"gallery1\"><img decoding=\"async\" data-src=\"https:\/\/www.lasrosas.com.ar\/portal\/wp-content\/uploads\/Ftn_071721_Valentino_HC_Collection_0002-682x1024.jpg\" width=\"682\" height=\"1024\" alt=\"\" src=\"data:image\/svg+xml;base64,PHN2ZyB3aWR0aD0iMSIgaGVpZ2h0PSIxIiB4bWxucz0iaHR0cDovL3d3dy53My5vcmcvMjAwMC9zdmciPjwvc3ZnPg==\" class=\"lazyload\" style=\"--smush-placeholder-width: 682px; --smush-placeholder-aspect-ratio: 682\/1024;\" \/><\/a>\r\n<\/dt><\/dl><dl class=\"gallery-item\">\n<dt class=\"gallery-icon\">\r\n<a href=\"https:\/\/www.lasrosas.com.ar\/portal\/wp-content\/uploads\/Ftn_071721_Valentino_HC_Collection_0003-682x1024.jpg\" title=\"\" rel=\"gallery1\"><img decoding=\"async\" data-src=\"https:\/\/www.lasrosas.com.ar\/portal\/wp-content\/uploads\/Ftn_071721_Valentino_HC_Collection_0003-682x1024.jpg\" width=\"682\" height=\"1024\" alt=\"\" src=\"data:image\/svg+xml;base64,PHN2ZyB3aWR0aD0iMSIgaGVpZ2h0PSIxIiB4bWxucz0iaHR0cDovL3d3dy53My5vcmcvMjAwMC9zdmciPjwvc3ZnPg==\" class=\"lazyload\" style=\"--smush-placeholder-width: 682px; --smush-placeholder-aspect-ratio: 682\/1024;\" \/><\/a>\r\n<\/dt><\/dl><br style=\"clear: both\" \/>\r\n\t\t<\/div>\n\n<p>Se vieron siluetas m\u00e1s modernas y vanguardistas y esto se debe a que Pierpaolo quiere acercar la marca a un p\u00fablico m\u00e1s joven.<\/p>\n<p>Como siempre, la paleta de colores vibrantes e intensas transmit\u00edan optimismo y una energ\u00eda positiva.<\/p>\n<p>Como novedad, esta temporada la intenci\u00f3n de Pierpaolo fue incluir piezas sin g\u00e9nero para que puedan ser usadas tanto hombres como mujeres.<\/p>\n<!-- AddThis Advanced Settings generic via filter on the_content --><!-- AddThis Share Buttons generic via filter on the_content -->","protected":false},"excerpt":{"rendered":"<p>Pierpaolo Piccioli realiz\u00f3 su colecci\u00f3n de Alta Costura con la ayuda de artistas contempor\u00e1neos. Los desfiles de Valentino simepre son un espect\u00e1culo de moda donde cada temporada logra superar las expectativas del p\u00fablico. Para esta nueva colecci\u00f3n de Alta Costura, Pierpaolo Pocciolo, su director creativo, eligi\u00f3 como escenario el Gaggiandre, en el Arsenale de Venecia, [&hellip;]<!-- AddThis Advanced Settings generic via filter on get_the_excerpt --><!-- AddThis Share Buttons generic via filter on get_the_excerpt --><\/p>\n","protected":false},"author":6,"featured_media":38570,"comment_status":"closed","ping_status":"open","sticky":false,"template":"","format":"standard","meta":{"_acf_changed":false,"om_disable_all_campaigns":false,"_monsterinsights_skip_tracking":false,"_monsterinsights_sitenote_active":false,"_monsterinsights_sitenote_note":"","_monsterinsights_sitenote_category":0,"_uf_show_specific_survey":0,"_uf_disable_surveys":false,"footnotes":""},"categories":[234,100],"tags":[],"class_list":["post-38564","post","type-post","status-publish","format-standard","has-post-thumbnail","hentry","category-trend","category-noticias"],"acf":[],"aioseo_notices":[],"_links":{"self":[{"href":"https:\/\/www.lasrosas.com.ar\/portal\/wp-json\/wp\/v2\/posts\/38564","targetHints":{"allow":["GET"]}}],"collection":[{"href":"https:\/\/www.lasrosas.com.ar\/portal\/wp-json\/wp\/v2\/posts"}],"about":[{"href":"https:\/\/www.lasrosas.com.ar\/portal\/wp-json\/wp\/v2\/types\/post"}],"author":[{"embeddable":true,"href":"https:\/\/www.lasrosas.com.ar\/portal\/wp-json\/wp\/v2\/users\/6"}],"replies":[{"embeddable":true,"href":"https:\/\/www.lasrosas.com.ar\/portal\/wp-json\/wp\/v2\/comments?post=38564"}],"version-history":[{"count":0,"href":"https:\/\/www.lasrosas.com.ar\/portal\/wp-json\/wp\/v2\/posts\/38564\/revisions"}],"wp:featuredmedia":[{"embeddable":true,"href":"https:\/\/www.lasrosas.com.ar\/portal\/wp-json\/wp\/v2\/media\/38570"}],"wp:attachment":[{"href":"https:\/\/www.lasrosas.com.ar\/portal\/wp-json\/wp\/v2\/media?parent=38564"}],"wp:term":[{"taxonomy":"category","embeddable":true,"href":"https:\/\/www.lasrosas.com.ar\/portal\/wp-json\/wp\/v2\/categories?post=38564"},{"taxonomy":"post_tag","embeddable":true,"href":"https:\/\/www.lasrosas.com.ar\/portal\/wp-json\/wp\/v2\/tags?post=38564"}],"curies":[{"name":"wp","href":"https:\/\/api.w.org\/{rel}","templated":true}]}}