{"id":38236,"date":"2021-07-08T11:36:19","date_gmt":"2021-07-08T14:36:19","guid":{"rendered":"https:\/\/www.lasrosas.com.ar\/portal\/?p=38236"},"modified":"2021-07-08T11:39:26","modified_gmt":"2021-07-08T14:39:26","slug":"disney-revela-el-primer-trailer-de-su-nueva-pelicula-original-encanto","status":"publish","type":"post","link":"https:\/\/www.lasrosas.com.ar\/portal\/disney-revela-el-primer-trailer-de-su-nueva-pelicula-original-encanto\/","title":{"rendered":"DISNEY REVELA EL PRIMER TR\u00c1ILER, DE SU NUEVA PEL\u00cdCULA ORIGINAL ENCANTO"},"content":{"rendered":"<p style=\"font-weight: 400;\"><strong><em>ENCANTO<\/em><\/strong>\u00a0de Walt Disney Animation Studios cuenta la historia de los Madrigal, una familia extraordinaria que vive escondida en las monta\u00f1as de Colombia,\u00a0en una casa m\u00e1gica, en un pueblo vibrante, en un lugar maravilloso\u00a0conocido como un\u00a0Encanto. La pel\u00edcula original completamente nueva presenta a Stephanie Beatriz como la voz en ingl\u00e9s de Mirabel, una joven de 15 a\u00f1os que est\u00e1 luchando por encontrar su lugar en su familia.\u00a0<em>\u201cMirabel es un personaje muy divertido y cari\u00f1oso que tambi\u00e9n anhela profundamente algo m\u00e1s\u201d<\/em>, dice Beatriz.\u00a0<em>\u201cTampoco tiene miedo de defender lo que sabe que es correcto, algo que amo y con lo que me identifico mucho\u201d<\/em>.<\/p>\n<p><img decoding=\"async\" class=\"aligncenter size-full wp-image-38238 lazyload\" data-src=\"https:\/\/www.lasrosas.com.ar\/portal\/wp-content\/uploads\/unnamed-1-21.jpg\" alt=\"\" width=\"840\" height=\"226\" src=\"data:image\/svg+xml;base64,PHN2ZyB3aWR0aD0iMSIgaGVpZ2h0PSIxIiB4bWxucz0iaHR0cDovL3d3dy53My5vcmcvMjAwMC9zdmciPjwvc3ZnPg==\" style=\"--smush-placeholder-width: 840px; --smush-placeholder-aspect-ratio: 840\/226;\" \/><\/p>\n<p style=\"font-weight: 400;\"><em>\u201cSoy colombiana por parte de mi padre, y desempe\u00f1ar este papel me llena de un orgullo inmenso\u201d,<\/em>\u00a0contin\u00faa Beatriz.\u00a0<em>\u201cComo una ni\u00f1a fan de Disney, miraba repetidamente mis cintas VHS y adoraba cada historia m\u00e1gica que el mundo de Disney me presentaba. Aprend\u00ed en esas historias que todo es posible, especialmente si crees en la magia y la bondad arraigada en lo profundo de todos nosotros\u201d.<\/em><\/p>\n<p style=\"font-weight: 400;\">En la pel\u00edcula, la magia de\u00a0este\u00a0Encanto ha bendecido a todos los ni\u00f1os y ni\u00f1as de la familia con un don \u00fanico, desde s\u00faper fuerza hasta el poder de sanar. A todos, excepto a Mirabel. Pero cuando descubre que la magia que rodea al Encanto corre peligro, Mirabel decide que ella, la \u00fanica Madrigal sin poderes m\u00e1gicos, podr\u00eda ser la \u00faltima esperanza de su excepcional familia.<\/p>\n<p style=\"font-weight: 400;\">Entre las voces en ingl\u00e9s tambi\u00e9n se incluyen Mar\u00eda Cecilia Botero, Wilmer Valderrama, Adassa, Diane Guerrero, Mauro Castillo, Angie Cepeda, Jessica Darrow, Rhenzy Feliz y Carolina Gait\u00e1n.<\/p>\n<p style=\"font-weight: 400;\"><strong><em>Las voces para la versi\u00f3n en espa\u00f1ol de Latinoam\u00e9rica de la pel\u00edcula ser\u00e1n reveladas muy pronto.<\/em><\/strong><\/p>\n<p style=\"font-weight: 400;\">El nuevo tr\u00e1iler incluye la canci\u00f3n original de la pel\u00edcula,\u00a0<em>\u201cColombia, mi encanto\u201d<\/em>, interpretada por el cantante, compositor y actor Carlos Vives, 17 veces ganador del GRAMMY\u00ae y del Latin GRAMMY\u00ae, quien es oriundo de Santa Marta, Colombia.\u00a0<em>\u201cEsta canci\u00f3n es una celebraci\u00f3n de la diversidad m\u00e1gica de Colombia\u201d<\/em>, dice Vives.\u00a0<em>\u00abNo puedo esperar a ver c\u00f3mo la m\u00fasica se fusionar\u00e1 con las im\u00e1genes y los personajes inspirados en el \u2018encanto\u2019 de los colombianos\u00bb<\/em>.<\/p>\n<p style=\"font-weight: 400;\">La pel\u00edcula presenta canciones completamente nuevas de Lin-Manuel Miranda (<em>HAMILTON, MOANA<\/em>), ganador del premio Emmy\u00ae, GRAMMY\u00ae y Tony Award\u00ae, y est\u00e1 dirigida por Byron Howard (<em>ZOOTOPIA, ENREDADOS<\/em>) y Jared Bush (Co-director de\u00a0<em>ZOOTOPIA<\/em>), co-dirigida por Charise Castro Smith (guionista\u00a0<em>La muerte de Eva Sofia Valdez<\/em>) y producida por Clark Spencer e Yvett Merino.\u00a0Bush y Castro Smith son los guionistas de la pel\u00edcula. Los realizadores se sintieron profundamente inspirados por su viaje de investigaci\u00f3n a Colombia durante el desarrollo inicial de\u00a0<strong><em>ENCANTO<\/em><\/strong>, as\u00ed como por su trabajo continuo con un grupo de consultores expertos reunidos a lo largo de la producci\u00f3n de la pel\u00edcula.<\/p>\n<p style=\"font-weight: 400;\"><strong>SINOPSIS OFICIAL:\u00a0<\/strong><strong><em>ENCANTO<\/em><\/strong>\u00a0de Walt Disney Animation Studios cuenta la historia de los Madrigal, una familia extraordinaria que vive escondida en las monta\u00f1as de Colombia,\u00a0en una casa m\u00e1gica, en un pueblo vibrante, en un lugar maravilloso\u00a0conocido como un\u00a0Encanto. La magia de\u00a0este\u00a0Encanto ha bendecido a todos los ni\u00f1os y ni\u00f1as de la familia con un don \u00fanico, desde s\u00faper fuerza hasta el poder de sanar. A todos, excepto a Mirabel. Pero cuando descubre que la magia que rodea al Encanto corre peligro, Mirabel decide que ella, la \u00fanica Madrigal sin poderes m\u00e1gicos, podr\u00eda ser la \u00faltima esperanza de su excepcional familia.<\/p>\n<p style=\"font-weight: 400;\">La pel\u00edcula presenta canciones completamente nuevas de Lin-Manuel Miranda (<em>HAMILTON, MOANA<\/em>), ganador del premio Emmy\u00ae, GRAMMY\u00ae y Tony Award\u00ae, y est\u00e1 dirigida por Byron Howard (<em>ZOOTOPIA, ENREDADOS<\/em>) y Jared Bush (Co-director de\u00a0<em>ZOOTOPIA<\/em>), co-dirigida por Charise Castro Smith (guionista\u00a0<em>La muerte de Eva Sofia Valdez<\/em>) y producida por Clark Spencer e Yvett Merino.\u00a0\u00a0\u00a0Bush y Castro Smith son los guionistas de la pel\u00edcula. Los realizadores se sintieron profundamente inspirados por su viaje de investigaci\u00f3n a Colombia durante el desarrollo inicial de\u00a0<strong><em>ENCANTO<\/em><\/strong>, \u00a0as\u00ed como por su trabajo continuo con un grupo de consultores expertos reunidos a lo largo de la producci\u00f3n de la pel\u00edcula.<\/p>\n<p style=\"font-weight: 400;\"><strong><em>ENCANTO<\/em><\/strong>\u00a0de Walt Disney Animation Studios se estrena en cines en noviembre de 2021.<\/p>\n<p><iframe title=\"YouTube video player\" data-src=\"https:\/\/www.youtube.com\/embed\/7LIKoBqI3NE\" width=\"560\" height=\"315\" frameborder=\"0\" allowfullscreen=\"allowfullscreen\" src=\"data:image\/svg+xml;base64,PHN2ZyB3aWR0aD0iMSIgaGVpZ2h0PSIxIiB4bWxucz0iaHR0cDovL3d3dy53My5vcmcvMjAwMC9zdmciPjwvc3ZnPg==\" class=\"lazyload\" data-load-mode=\"1\"><\/iframe><\/p>\n<!-- AddThis Advanced Settings generic via filter on the_content --><!-- AddThis Share Buttons generic via filter on the_content -->","protected":false},"excerpt":{"rendered":"<p>ENCANTO\u00a0de Walt Disney Animation Studios cuenta la historia de los Madrigal, una familia extraordinaria que vive escondida en las monta\u00f1as de Colombia,\u00a0en una casa m\u00e1gica, en un pueblo vibrante, en un lugar maravilloso\u00a0conocido como un\u00a0Encanto. La pel\u00edcula original completamente nueva presenta a Stephanie Beatriz como la voz en ingl\u00e9s de Mirabel, una joven de 15 [&hellip;]<!-- AddThis Advanced Settings generic via filter on get_the_excerpt --><!-- AddThis Share Buttons generic via filter on get_the_excerpt --><\/p>\n","protected":false},"author":6,"featured_media":38237,"comment_status":"closed","ping_status":"open","sticky":false,"template":"","format":"standard","meta":{"_acf_changed":false,"om_disable_all_campaigns":false,"_monsterinsights_skip_tracking":false,"_monsterinsights_sitenote_active":false,"_monsterinsights_sitenote_note":"","_monsterinsights_sitenote_category":0,"_uf_show_specific_survey":0,"_uf_disable_surveys":false,"footnotes":""},"categories":[100],"tags":[],"class_list":["post-38236","post","type-post","status-publish","format-standard","has-post-thumbnail","hentry","category-noticias"],"acf":[],"aioseo_notices":[],"_links":{"self":[{"href":"https:\/\/www.lasrosas.com.ar\/portal\/wp-json\/wp\/v2\/posts\/38236","targetHints":{"allow":["GET"]}}],"collection":[{"href":"https:\/\/www.lasrosas.com.ar\/portal\/wp-json\/wp\/v2\/posts"}],"about":[{"href":"https:\/\/www.lasrosas.com.ar\/portal\/wp-json\/wp\/v2\/types\/post"}],"author":[{"embeddable":true,"href":"https:\/\/www.lasrosas.com.ar\/portal\/wp-json\/wp\/v2\/users\/6"}],"replies":[{"embeddable":true,"href":"https:\/\/www.lasrosas.com.ar\/portal\/wp-json\/wp\/v2\/comments?post=38236"}],"version-history":[{"count":0,"href":"https:\/\/www.lasrosas.com.ar\/portal\/wp-json\/wp\/v2\/posts\/38236\/revisions"}],"wp:featuredmedia":[{"embeddable":true,"href":"https:\/\/www.lasrosas.com.ar\/portal\/wp-json\/wp\/v2\/media\/38237"}],"wp:attachment":[{"href":"https:\/\/www.lasrosas.com.ar\/portal\/wp-json\/wp\/v2\/media?parent=38236"}],"wp:term":[{"taxonomy":"category","embeddable":true,"href":"https:\/\/www.lasrosas.com.ar\/portal\/wp-json\/wp\/v2\/categories?post=38236"},{"taxonomy":"post_tag","embeddable":true,"href":"https:\/\/www.lasrosas.com.ar\/portal\/wp-json\/wp\/v2\/tags?post=38236"}],"curies":[{"name":"wp","href":"https:\/\/api.w.org\/{rel}","templated":true}]}}