{"id":38213,"date":"2021-07-07T20:15:11","date_gmt":"2021-07-07T23:15:11","guid":{"rendered":"https:\/\/www.lasrosas.com.ar\/portal\/?p=38213"},"modified":"2021-07-07T20:15:11","modified_gmt":"2021-07-07T23:15:11","slug":"la-alegria-en-tiempos-de-pandemia","status":"publish","type":"post","link":"https:\/\/www.lasrosas.com.ar\/portal\/la-alegria-en-tiempos-de-pandemia\/","title":{"rendered":"LA ALEGR\u00cdA EN TIEMPOS DE PANDEMIA"},"content":{"rendered":"<p><b>Por: Claudia Faena <\/b><b>@claudiafaenaestudio <\/b><\/p>\n<p><i><span style=\"font-weight: 400;\">En nuestra cultura existencialista la alegr\u00eda se siente a veces como algo muy vol\u00e1til, superficial, sin peso propio. Nos parece que ser profundos es ser serios, solemnes, intelectuales, hablar de cosas importantes como la econom\u00eda o las estad\u00edsticas de contagios. Nos parece que en \u00e9pocas como estas re\u00edr, estar alegres, tener proyectos, est\u00e1 mal. Pero la realidad energ\u00e9tica es otra, la alegr\u00eda no es incidental sino esencial.<\/span><\/i><\/p>\n<p><img decoding=\"async\" class=\"aligncenter wp-image-38215 size-thumbnail lazyload\" data-src=\"https:\/\/www.lasrosas.com.ar\/portal\/wp-content\/uploads\/IMG-20210701-WA0021-640x480.jpg\" alt=\"\" width=\"640\" height=\"480\" src=\"data:image\/svg+xml;base64,PHN2ZyB3aWR0aD0iMSIgaGVpZ2h0PSIxIiB4bWxucz0iaHR0cDovL3d3dy53My5vcmcvMjAwMC9zdmciPjwvc3ZnPg==\" style=\"--smush-placeholder-width: 640px; --smush-placeholder-aspect-ratio: 640\/480;\" \/><\/p>\n<p><span style=\"font-weight: 400;\">La alegr\u00eda es una forma elevada del amor, es cuando sentimos que est\u00e1 todo bien. No hablo de una alegr\u00eda resultado de un giro favorable de los acontecimientos, sino de la alegr\u00eda que es un acompa\u00f1ante constante de todas tus actividades. La marca distintiva de este estado es la compasi\u00f3n, y da al que vive en este estado una actitud positiva frente a la adversidad.\u00a0\u00a0<\/span><\/p>\n<p><span style=\"font-weight: 400;\">En momentos de restricci\u00f3n como los que estamos viviendo, donde no podemos salir y encontrarnos con los otros con libertad, sino que debemos hablar a dos metros, usar un barbijo que nos protege del virus pero nos tapa la sonrisa, sonre\u00edr desde el coraz\u00f3n es fundamental. Este es un tiempo en el cual no podemos planear o viajar en libertad. Es un tiempo en donde las normas de urgencia deciden nuestras vidas y un velo de tristeza y separaci\u00f3n cubren nuestros d\u00edas, hoy m\u00e1s que nunca hay que estar alegres. Eso implica tener voluntad\u00a0 con nosotros mismos y trabajar para estarlo y tener empat\u00eda con el otro y ser comprensivos y pacientes.<\/span><\/p>\n<p><img decoding=\"async\" class=\"aligncenter wp-image-38216 size-thumbnail lazyload\" data-src=\"https:\/\/www.lasrosas.com.ar\/portal\/wp-content\/uploads\/IMG-20210701-WA0022-640x480.jpg\" alt=\"\" width=\"640\" height=\"480\" src=\"data:image\/svg+xml;base64,PHN2ZyB3aWR0aD0iMSIgaGVpZ2h0PSIxIiB4bWxucz0iaHR0cDovL3d3dy53My5vcmcvMjAwMC9zdmciPjwvc3ZnPg==\" style=\"--smush-placeholder-width: 640px; --smush-placeholder-aspect-ratio: 640\/480;\" \/><\/p>\n<p><span style=\"font-weight: 400;\">Les quiero compartir un secreto a voces, la alegr\u00eda es contagiosa. La persona alegre, que siente que est\u00e1 todo bien, se eleva sobre los detalles de la raz\u00f3n y transforma los lugares con su energ\u00eda, contagia a los dem\u00e1s y una fiesta ocurre a su alrededor.\u00a0<\/span><\/p>\n<p><span style=\"font-weight: 400;\">Se preguntar\u00e1n \u00bfqu\u00e9 tiene que ver hablar de la energ\u00eda alta de la alegr\u00eda con el dise\u00f1o? Tiene mucho que ver porque los lugares influyen en nuestra biolog\u00eda, de esta forma dise\u00f1ar espacios alegres es la mejor forma de actuar en estos tiempos de pandemia. Crear lugares que estimulen nuestra vibraci\u00f3n para elevarla a trav\u00e9s de los colores, la luz, la naturaleza, las texturas es fundamental. Los espacios alegres, nos dan alegr\u00eda, nos contagiamos de ellos como de las personas,\u00a0 y a su vez le devolvemos alegr\u00eda al lugar y de esta forma se genera una espiral ascendente que nos protege de nuestros pensamientos reiterados y descendentes. Seamos todos militantes de la alegr\u00eda y salgamos a conquistar este mundo que se nos presenta gris para transformarlo en un mundo rosa y dorado lleno de amor y expansi\u00f3n.<\/span><\/p>\n<p><span style=\"font-weight: 400;\">Por eso colegas y amigues, hoy en el d\u00eda del arquitectes los invito a dibujar la vida con la tinta de la alegr\u00eda.<\/span><\/p>\n<blockquote><p><img decoding=\"async\" class=\"aligncenter wp-image-38214 size-thumbnail lazyload\" data-src=\"https:\/\/www.lasrosas.com.ar\/portal\/wp-content\/uploads\/IMG-20210701-WA0020-640x480.jpg\" alt=\"\" width=\"640\" height=\"480\" src=\"data:image\/svg+xml;base64,PHN2ZyB3aWR0aD0iMSIgaGVpZ2h0PSIxIiB4bWxucz0iaHR0cDovL3d3dy53My5vcmcvMjAwMC9zdmciPjwvc3ZnPg==\" style=\"--smush-placeholder-width: 640px; --smush-placeholder-aspect-ratio: 640\/480;\" \/><span style=\"font-weight: 400;\">Patio de los chicos , en Palmera Crespo. Dise\u00f1o Claudia Faena Estudio, Desarrollo Grupo Portland, Lopatin Arquitectos.<\/span><\/p><\/blockquote>\n<!-- AddThis Advanced Settings generic via filter on the_content --><!-- AddThis Share Buttons generic via filter on the_content -->","protected":false},"excerpt":{"rendered":"<p>Por: Claudia Faena @claudiafaenaestudio En nuestra cultura existencialista la alegr\u00eda se siente a veces como algo muy vol\u00e1til, superficial, sin peso propio. Nos parece que ser profundos es ser serios, solemnes, intelectuales, hablar de cosas importantes como la econom\u00eda o las estad\u00edsticas de contagios. Nos parece que en \u00e9pocas como estas re\u00edr, estar alegres, tener [&hellip;]<!-- AddThis Advanced Settings generic via filter on get_the_excerpt --><!-- AddThis Share Buttons generic via filter on get_the_excerpt --><\/p>\n","protected":false},"author":6,"featured_media":38214,"comment_status":"closed","ping_status":"open","sticky":false,"template":"","format":"standard","meta":{"_acf_changed":false,"om_disable_all_campaigns":false,"_monsterinsights_skip_tracking":false,"_monsterinsights_sitenote_active":false,"_monsterinsights_sitenote_note":"","_monsterinsights_sitenote_category":0,"_uf_show_specific_survey":0,"_uf_disable_surveys":false,"footnotes":""},"categories":[31],"tags":[],"class_list":["post-38213","post","type-post","status-publish","format-standard","has-post-thumbnail","hentry","category-arquitectura-decoracion"],"acf":[],"aioseo_notices":[],"_links":{"self":[{"href":"https:\/\/www.lasrosas.com.ar\/portal\/wp-json\/wp\/v2\/posts\/38213","targetHints":{"allow":["GET"]}}],"collection":[{"href":"https:\/\/www.lasrosas.com.ar\/portal\/wp-json\/wp\/v2\/posts"}],"about":[{"href":"https:\/\/www.lasrosas.com.ar\/portal\/wp-json\/wp\/v2\/types\/post"}],"author":[{"embeddable":true,"href":"https:\/\/www.lasrosas.com.ar\/portal\/wp-json\/wp\/v2\/users\/6"}],"replies":[{"embeddable":true,"href":"https:\/\/www.lasrosas.com.ar\/portal\/wp-json\/wp\/v2\/comments?post=38213"}],"version-history":[{"count":0,"href":"https:\/\/www.lasrosas.com.ar\/portal\/wp-json\/wp\/v2\/posts\/38213\/revisions"}],"wp:featuredmedia":[{"embeddable":true,"href":"https:\/\/www.lasrosas.com.ar\/portal\/wp-json\/wp\/v2\/media\/38214"}],"wp:attachment":[{"href":"https:\/\/www.lasrosas.com.ar\/portal\/wp-json\/wp\/v2\/media?parent=38213"}],"wp:term":[{"taxonomy":"category","embeddable":true,"href":"https:\/\/www.lasrosas.com.ar\/portal\/wp-json\/wp\/v2\/categories?post=38213"},{"taxonomy":"post_tag","embeddable":true,"href":"https:\/\/www.lasrosas.com.ar\/portal\/wp-json\/wp\/v2\/tags?post=38213"}],"curies":[{"name":"wp","href":"https:\/\/api.w.org\/{rel}","templated":true}]}}