{"id":38050,"date":"2021-07-06T11:27:54","date_gmt":"2021-07-06T14:27:54","guid":{"rendered":"https:\/\/www.lasrosas.com.ar\/portal\/?p=38050"},"modified":"2021-07-06T11:27:54","modified_gmt":"2021-07-06T14:27:54","slug":"arranco-la-semana-de-la-moda-en-paris","status":"publish","type":"post","link":"https:\/\/www.lasrosas.com.ar\/portal\/arranco-la-semana-de-la-moda-en-paris\/","title":{"rendered":"ARRANC\u00d3 LA SEMANA DE LA MODA EN PAR\u00cdS"},"content":{"rendered":"<p>Par\u00eds vive la fiesta de la Alta Costura despu\u00e9s de un 2020 confinado y sin desfiles. La presentaci\u00f3n de la colecci\u00f3n oto\u00f1o invierno 2022 fue una de las primeras de la Paris Fashion Week.<\/p>\n<p>Virgil Abloh hizo de su desfile un aut\u00e9ntico espect\u00e1culo y lo llam\u00f3 \u00abLaboratorio de la diversi\u00f3n\u00bb. La presentaci\u00f3n de Off White marc\u00f3 el comienzo de la primera temporada de alta costura en Par\u00eds desde la pandemia.<\/p>\n<p>La pasarela improvisada sobre una cancha de basket fue tambi\u00e9n escenario para la actuaci\u00f3n de MIA, todo en uno.<\/p>\n<p>Abloh se plante\u00f3 cu\u00e1l era la mejor manera de volver despu\u00e9s de un a\u00f1o 2020 pand\u00e9mico. \u00abSabes, me tomo el 2020 en serio. Cuando est\u00e1bamos sentados en casa viendo c\u00f3mo el mundo se volv\u00eda patas arriba, hab\u00eda pautas muy, muy claras sobre c\u00f3mo era la industria de la moda y c\u00f3mo (la gente) esperaba que evolucionara. Entonces, esto es como un gran problema: esencialmente, cuando comienzan los desfiles de moda, \u00bfc\u00f3mo regresamos y nos comportamos? No puedes simplemente pasar por alto eso\u00bb.<\/p>\n\r\n\t\t<style type='text\/css'>\r\n\t\t\t#gallery-1 {\r\n\t\t\t\tmargin: auto;\r\n\t\t\t}\r\n\t\t\t#gallery-1 .gallery-item {\r\n\t\t\t\tfloat: left;\r\n\t\t\t\tmargin-top: 10px;\r\n\t\t\t\ttext-align: center;\r\n\t\t\t\twidth: 33%;\r\n\t\t\t}\r\n\t\t\t#gallery-1 img {\r\n\t\t\t\tborder: 2px solid #cfcfcf;\r\n\t\t\t}\r\n\t\t\t#gallery-1 .gallery-caption {\r\n\t\t\t\tmargin-left: 0;\r\n\t\t\t}\r\n\t\t<\/style>\r\n\t\t<!-- see gallery_shortcode() in wp-includes\/media.php -->\n\t\t<div id='gallery-1' class='gallery galleryid-38050 gallery-columns-3 gallery-size-full gallery1'><script type=\"text\/javascript\">\r\n\/\/ <![CDATA[\r\n\tjQuery(document).ready(function () {\r\n\t\tjQuery(\".gallery1 a\").attr(\"rel\",\"gallery1\");\t\r\n\t\tjQuery('a[rel=\"gallery1\"]').colorbox({maxWidth:\"95%\", maxHeight:\"95%\",title: function(){ return jQuery(this).children().attr(\"alt\"); }, });\r\n\t});\r\n\/\/ ]]>\r\n<\/script>\n<dl class=\"gallery-item\">\n<dt class=\"gallery-icon\">\r\n<a href=\"https:\/\/www.lasrosas.com.ar\/portal\/wp-content\/uploads\/Ftn_070521_OffWhite_FShow_Paris_FWeek0001vestidos-largos-683x1024.jpg\" title=\"\" rel=\"gallery1\"><img decoding=\"async\" data-src=\"https:\/\/www.lasrosas.com.ar\/portal\/wp-content\/uploads\/Ftn_070521_OffWhite_FShow_Paris_FWeek0001vestidos-largos-683x1024.jpg\" width=\"683\" height=\"1024\" alt=\"\" src=\"data:image\/svg+xml;base64,PHN2ZyB3aWR0aD0iMSIgaGVpZ2h0PSIxIiB4bWxucz0iaHR0cDovL3d3dy53My5vcmcvMjAwMC9zdmciPjwvc3ZnPg==\" class=\"lazyload\" style=\"--smush-placeholder-width: 683px; --smush-placeholder-aspect-ratio: 683\/1024;\" \/><\/a>\r\n<\/dt><\/dl><dl class=\"gallery-item\">\n<dt class=\"gallery-icon\">\r\n<a href=\"https:\/\/www.lasrosas.com.ar\/portal\/wp-content\/uploads\/Ftn_070521_OffWhite_FShow_Paris_FWeek0002vestidos-largos-683x1024.jpg\" title=\"\" rel=\"gallery1\"><img decoding=\"async\" data-src=\"https:\/\/www.lasrosas.com.ar\/portal\/wp-content\/uploads\/Ftn_070521_OffWhite_FShow_Paris_FWeek0002vestidos-largos-683x1024.jpg\" width=\"683\" height=\"1024\" alt=\"\" src=\"data:image\/svg+xml;base64,PHN2ZyB3aWR0aD0iMSIgaGVpZ2h0PSIxIiB4bWxucz0iaHR0cDovL3d3dy53My5vcmcvMjAwMC9zdmciPjwvc3ZnPg==\" class=\"lazyload\" style=\"--smush-placeholder-width: 683px; --smush-placeholder-aspect-ratio: 683\/1024;\" \/><\/a>\r\n<\/dt><\/dl><dl class=\"gallery-item\">\n<dt class=\"gallery-icon\">\r\n<a href=\"https:\/\/www.lasrosas.com.ar\/portal\/wp-content\/uploads\/Ftn_070521_OffWhite_FShow_Paris_FWeek0003vestidos-largos-683x1024.jpg\" title=\"\" rel=\"gallery1\"><img decoding=\"async\" data-src=\"https:\/\/www.lasrosas.com.ar\/portal\/wp-content\/uploads\/Ftn_070521_OffWhite_FShow_Paris_FWeek0003vestidos-largos-683x1024.jpg\" width=\"683\" height=\"1024\" alt=\"\" src=\"data:image\/svg+xml;base64,PHN2ZyB3aWR0aD0iMSIgaGVpZ2h0PSIxIiB4bWxucz0iaHR0cDovL3d3dy53My5vcmcvMjAwMC9zdmciPjwvc3ZnPg==\" class=\"lazyload\" style=\"--smush-placeholder-width: 683px; --smush-placeholder-aspect-ratio: 683\/1024;\" \/><\/a>\r\n<\/dt><\/dl><br style=\"clear: both\" \/>\r\n\t\t<\/div>\n\n<p>Y volvi\u00f3 con todo: con dise\u00f1os minimalistas, elegantes y mucho color. Off-White present\u00f3 trajes de falda a medida, elegantes abrigos entallados y dos vestidos de noche largos con una construcci\u00f3n de cadera acolchada con espuma. Bella Hadid lider\u00f3 el desfile con un min\u00fasculo vestido tubo azul el\u00e9ctrico, le siguieron top models de otras \u00e9pocas como Amber Valetta, y marc\u00f3 el comienzo de una nueva era.<\/p>\n\r\n\t\t<style type='text\/css'>\r\n\t\t\t#gallery-2 {\r\n\t\t\t\tmargin: auto;\r\n\t\t\t}\r\n\t\t\t#gallery-2 .gallery-item {\r\n\t\t\t\tfloat: left;\r\n\t\t\t\tmargin-top: 10px;\r\n\t\t\t\ttext-align: center;\r\n\t\t\t\twidth: 33%;\r\n\t\t\t}\r\n\t\t\t#gallery-2 img {\r\n\t\t\t\tborder: 2px solid #cfcfcf;\r\n\t\t\t}\r\n\t\t\t#gallery-2 .gallery-caption {\r\n\t\t\t\tmargin-left: 0;\r\n\t\t\t}\r\n\t\t<\/style>\r\n\t\t<!-- see gallery_shortcode() in wp-includes\/media.php -->\n\t\t<div id='gallery-2' class='gallery galleryid-38050 gallery-columns-3 gallery-size-full gallery1'><script type=\"text\/javascript\">\r\n\/\/ <![CDATA[\r\n\tjQuery(document).ready(function () {\r\n\t\tjQuery(\".gallery1 a\").attr(\"rel\",\"gallery1\");\t\r\n\t\tjQuery('a[rel=\"gallery1\"]').colorbox({maxWidth:\"95%\", maxHeight:\"95%\",title: function(){ return jQuery(this).children().attr(\"alt\"); }, });\r\n\t});\r\n\/\/ ]]>\r\n<\/script>\n<dl class=\"gallery-item\">\n<dt class=\"gallery-icon\">\r\n<a href=\"https:\/\/www.lasrosas.com.ar\/portal\/wp-content\/uploads\/Ftn_070521_OffWhite_FShow_Paris_FWeek0006vestidos-largos-683x1024.jpg\" title=\"\" rel=\"gallery1\"><img decoding=\"async\" data-src=\"https:\/\/www.lasrosas.com.ar\/portal\/wp-content\/uploads\/Ftn_070521_OffWhite_FShow_Paris_FWeek0006vestidos-largos-683x1024.jpg\" width=\"683\" height=\"1024\" alt=\"\" src=\"data:image\/svg+xml;base64,PHN2ZyB3aWR0aD0iMSIgaGVpZ2h0PSIxIiB4bWxucz0iaHR0cDovL3d3dy53My5vcmcvMjAwMC9zdmciPjwvc3ZnPg==\" class=\"lazyload\" style=\"--smush-placeholder-width: 683px; --smush-placeholder-aspect-ratio: 683\/1024;\" \/><\/a>\r\n<\/dt><\/dl><dl class=\"gallery-item\">\n<dt class=\"gallery-icon\">\r\n<a href=\"https:\/\/www.lasrosas.com.ar\/portal\/wp-content\/uploads\/Ftn_070521_OffWhite_FShow_Paris_FWeek0005vestidos-largos-683x1024.jpg\" title=\"\" rel=\"gallery1\"><img decoding=\"async\" data-src=\"https:\/\/www.lasrosas.com.ar\/portal\/wp-content\/uploads\/Ftn_070521_OffWhite_FShow_Paris_FWeek0005vestidos-largos-683x1024.jpg\" width=\"683\" height=\"1024\" alt=\"\" src=\"data:image\/svg+xml;base64,PHN2ZyB3aWR0aD0iMSIgaGVpZ2h0PSIxIiB4bWxucz0iaHR0cDovL3d3dy53My5vcmcvMjAwMC9zdmciPjwvc3ZnPg==\" class=\"lazyload\" style=\"--smush-placeholder-width: 683px; --smush-placeholder-aspect-ratio: 683\/1024;\" \/><\/a>\r\n<\/dt><\/dl><dl class=\"gallery-item\">\n<dt class=\"gallery-icon\">\r\n<a href=\"https:\/\/www.lasrosas.com.ar\/portal\/wp-content\/uploads\/Ftn_070521_OffWhite_FShow_Paris_FWeek0004vestidos-largos-683x1024.jpg\" title=\"\" rel=\"gallery1\"><img decoding=\"async\" data-src=\"https:\/\/www.lasrosas.com.ar\/portal\/wp-content\/uploads\/Ftn_070521_OffWhite_FShow_Paris_FWeek0004vestidos-largos-683x1024.jpg\" width=\"683\" height=\"1024\" alt=\"\" src=\"data:image\/svg+xml;base64,PHN2ZyB3aWR0aD0iMSIgaGVpZ2h0PSIxIiB4bWxucz0iaHR0cDovL3d3dy53My5vcmcvMjAwMC9zdmciPjwvc3ZnPg==\" class=\"lazyload\" style=\"--smush-placeholder-width: 683px; --smush-placeholder-aspect-ratio: 683\/1024;\" \/><\/a>\r\n<\/dt><\/dl><br style=\"clear: both\" \/>\r\n\t\t<\/div>\n\n<!-- AddThis Advanced Settings generic via filter on the_content --><!-- AddThis Share Buttons generic via filter on the_content -->","protected":false},"excerpt":{"rendered":"<p>Par\u00eds vive la fiesta de la Alta Costura despu\u00e9s de un 2020 confinado y sin desfiles. La presentaci\u00f3n de la colecci\u00f3n oto\u00f1o invierno 2022 fue una de las primeras de la Paris Fashion Week. Virgil Abloh hizo de su desfile un aut\u00e9ntico espect\u00e1culo y lo llam\u00f3 \u00abLaboratorio de la diversi\u00f3n\u00bb. La presentaci\u00f3n de Off White [&hellip;]<!-- AddThis Advanced Settings generic via filter on get_the_excerpt --><!-- AddThis Share Buttons generic via filter on get_the_excerpt --><\/p>\n","protected":false},"author":6,"featured_media":38057,"comment_status":"closed","ping_status":"open","sticky":false,"template":"","format":"standard","meta":{"_acf_changed":false,"om_disable_all_campaigns":false,"_monsterinsights_skip_tracking":false,"_monsterinsights_sitenote_active":false,"_monsterinsights_sitenote_note":"","_monsterinsights_sitenote_category":0,"_uf_show_specific_survey":0,"_uf_disable_surveys":false,"footnotes":""},"categories":[234,100,30],"tags":[],"class_list":["post-38050","post","type-post","status-publish","format-standard","has-post-thumbnail","hentry","category-trend","category-noticias","category-moda"],"acf":[],"aioseo_notices":[],"_links":{"self":[{"href":"https:\/\/www.lasrosas.com.ar\/portal\/wp-json\/wp\/v2\/posts\/38050","targetHints":{"allow":["GET"]}}],"collection":[{"href":"https:\/\/www.lasrosas.com.ar\/portal\/wp-json\/wp\/v2\/posts"}],"about":[{"href":"https:\/\/www.lasrosas.com.ar\/portal\/wp-json\/wp\/v2\/types\/post"}],"author":[{"embeddable":true,"href":"https:\/\/www.lasrosas.com.ar\/portal\/wp-json\/wp\/v2\/users\/6"}],"replies":[{"embeddable":true,"href":"https:\/\/www.lasrosas.com.ar\/portal\/wp-json\/wp\/v2\/comments?post=38050"}],"version-history":[{"count":0,"href":"https:\/\/www.lasrosas.com.ar\/portal\/wp-json\/wp\/v2\/posts\/38050\/revisions"}],"wp:featuredmedia":[{"embeddable":true,"href":"https:\/\/www.lasrosas.com.ar\/portal\/wp-json\/wp\/v2\/media\/38057"}],"wp:attachment":[{"href":"https:\/\/www.lasrosas.com.ar\/portal\/wp-json\/wp\/v2\/media?parent=38050"}],"wp:term":[{"taxonomy":"category","embeddable":true,"href":"https:\/\/www.lasrosas.com.ar\/portal\/wp-json\/wp\/v2\/categories?post=38050"},{"taxonomy":"post_tag","embeddable":true,"href":"https:\/\/www.lasrosas.com.ar\/portal\/wp-json\/wp\/v2\/tags?post=38050"}],"curies":[{"name":"wp","href":"https:\/\/api.w.org\/{rel}","templated":true}]}}