{"id":37737,"date":"2021-06-24T11:37:44","date_gmt":"2021-06-24T14:37:44","guid":{"rendered":"https:\/\/www.lasrosas.com.ar\/portal\/?p=37737"},"modified":"2021-06-24T11:37:44","modified_gmt":"2021-06-24T14:37:44","slug":"britney-spears-no-soy-feliz","status":"publish","type":"post","link":"https:\/\/www.lasrosas.com.ar\/portal\/britney-spears-no-soy-feliz\/","title":{"rendered":"BRITNEY SPEARS: \u201cNO SOY FELIZ\u201d"},"content":{"rendered":"<p>Britney Spears ha hecho unas duras declaraciones en su juicio, entre otras reflexiones que han impactado a sus seguidores. \u201cNo soy feliz, no puedo dormir y lloro cada d\u00eda\u201d<\/p>\n<p>Es la primera vez que\u00a0Britney Spears\u00a0ha hablado claro sobre su situaci\u00f3n. La artista, que entr\u00f3 en una tutela en febrero de 2008 (y que se extendi\u00f3 recientemente hasta septiembre de 2021), tuvo voz por primera vez ante un juzgado en Los Angeles, ayer por la tarde. Sus declaraciones han impactado a todos los que est\u00e1n siguiendo este caso, y sus fans se organizaron para protestar y pedir que esa tutela se acabe por fin.<\/p>\n<p>En sus declaraciones, las cuales se pueden leer\u00a0en CNN, la artista pide que se elimine la tutela que le impide decidir con libertad sobre cuestiones de su vida laboral y personal. \u00abHe mentido y he dicho a todo el mundo que estoy bien y feliz, pero estoy traumatizada. No soy feliz y no puedo dormir. Lloro cada d\u00eda, estoy tan enfadada que no es sano. Quiero ser escuchada, quiero cambios, merezco cambios. Simplemente quiero mi vida de vuelta, han pasado 13 a\u00f1os y ya est\u00e1 bien\u00bb.<\/p>\n<p><img decoding=\"async\" class=\"aligncenter wp-image-37740 size-thumbnail lazyload\" data-src=\"https:\/\/www.lasrosas.com.ar\/portal\/wp-content\/uploads\/britney-1624522037-640x480.png\" alt=\"\" width=\"640\" height=\"480\" src=\"data:image\/svg+xml;base64,PHN2ZyB3aWR0aD0iMSIgaGVpZ2h0PSIxIiB4bWxucz0iaHR0cDovL3d3dy53My5vcmcvMjAwMC9zdmciPjwvc3ZnPg==\" style=\"--smush-placeholder-width: 640px; --smush-placeholder-aspect-ratio: 640\/480;\" \/><\/p>\n<p>Britney no tiene libertad para manejar su dinero y viajar a donde ella quiera, pero tambi\u00e9n tiene que lidiar con decisiones muy personales que se tomaron por ella, como la colocaci\u00f3n de un DIU para que no se quede embarazada, y no puede quit\u00e1rselo sin permiso. Esta situaci\u00f3n le ha llevado, tambi\u00e9n, a ser desconfiada con los profesionales de la salud que le tratan o le pueden tratar.<\/p>\n<p>\u00abMe da miedo la gente, no conf\u00edo en las personas y no quiero someterme a una evaluaci\u00f3n psiqui\u00e1trica. Creo que esta tutela es abusiva y que no me permite vivir mi vida. He trabajado toda mi vida, merezco tener dos o tres a\u00f1os de descanso y hacer lo que quiera. Pero siento que hay un &#8216;gap&#8217; aqu\u00ed: me siento bien cont\u00e1ndoos esto y desear\u00eda poder estar al tel\u00e9fono cont\u00e1ndoos m\u00e1s, porque cuando cuelgue, seguro que otra vez empiezan las negativas, y me sentir\u00e9 excluida y sola. Estoy cansada de sentirme sola\u00bb, ha concluido.<\/p>\n<p>Estaremos atentas para saber m\u00e1s del tema y ver c\u00f3mo acaba todo para la artista, que ha dejado bien clara, por fin, su situaci\u00f3n.<\/p>\n<!-- AddThis Advanced Settings generic via filter on the_content --><!-- AddThis Share Buttons generic via filter on the_content -->","protected":false},"excerpt":{"rendered":"<p>Britney Spears ha hecho unas duras declaraciones en su juicio, entre otras reflexiones que han impactado a sus seguidores. \u201cNo soy feliz, no puedo dormir y lloro cada d\u00eda\u201d Es la primera vez que\u00a0Britney Spears\u00a0ha hablado claro sobre su situaci\u00f3n. La artista, que entr\u00f3 en una tutela en febrero de 2008 (y que se extendi\u00f3 [&hellip;]<!-- AddThis Advanced Settings generic via filter on get_the_excerpt --><!-- AddThis Share Buttons generic via filter on get_the_excerpt --><\/p>\n","protected":false},"author":6,"featured_media":37739,"comment_status":"closed","ping_status":"open","sticky":false,"template":"","format":"standard","meta":{"_acf_changed":false,"om_disable_all_campaigns":false,"_monsterinsights_skip_tracking":false,"_monsterinsights_sitenote_active":false,"_monsterinsights_sitenote_note":"","_monsterinsights_sitenote_category":0,"_uf_show_specific_survey":0,"_uf_disable_surveys":false,"footnotes":""},"categories":[234,100],"tags":[],"class_list":["post-37737","post","type-post","status-publish","format-standard","has-post-thumbnail","hentry","category-trend","category-noticias"],"acf":[],"aioseo_notices":[],"_links":{"self":[{"href":"https:\/\/www.lasrosas.com.ar\/portal\/wp-json\/wp\/v2\/posts\/37737","targetHints":{"allow":["GET"]}}],"collection":[{"href":"https:\/\/www.lasrosas.com.ar\/portal\/wp-json\/wp\/v2\/posts"}],"about":[{"href":"https:\/\/www.lasrosas.com.ar\/portal\/wp-json\/wp\/v2\/types\/post"}],"author":[{"embeddable":true,"href":"https:\/\/www.lasrosas.com.ar\/portal\/wp-json\/wp\/v2\/users\/6"}],"replies":[{"embeddable":true,"href":"https:\/\/www.lasrosas.com.ar\/portal\/wp-json\/wp\/v2\/comments?post=37737"}],"version-history":[{"count":0,"href":"https:\/\/www.lasrosas.com.ar\/portal\/wp-json\/wp\/v2\/posts\/37737\/revisions"}],"wp:featuredmedia":[{"embeddable":true,"href":"https:\/\/www.lasrosas.com.ar\/portal\/wp-json\/wp\/v2\/media\/37739"}],"wp:attachment":[{"href":"https:\/\/www.lasrosas.com.ar\/portal\/wp-json\/wp\/v2\/media?parent=37737"}],"wp:term":[{"taxonomy":"category","embeddable":true,"href":"https:\/\/www.lasrosas.com.ar\/portal\/wp-json\/wp\/v2\/categories?post=37737"},{"taxonomy":"post_tag","embeddable":true,"href":"https:\/\/www.lasrosas.com.ar\/portal\/wp-json\/wp\/v2\/tags?post=37737"}],"curies":[{"name":"wp","href":"https:\/\/api.w.org\/{rel}","templated":true}]}}