{"id":37700,"date":"2021-06-23T12:00:26","date_gmt":"2021-06-23T15:00:26","guid":{"rendered":"https:\/\/www.lasrosas.com.ar\/portal\/?p=37700"},"modified":"2021-06-23T12:00:26","modified_gmt":"2021-06-23T15:00:26","slug":"britney-spears-hablara-hoy-por-primera-vez","status":"publish","type":"post","link":"https:\/\/www.lasrosas.com.ar\/portal\/britney-spears-hablara-hoy-por-primera-vez\/","title":{"rendered":"BRITNEY SPEARS HABLAR\u00c1 HOY POR PRIMERA VEZ"},"content":{"rendered":"<p>La artista rompe su silencio para intentar desplazar a su padre del cargo que le impide tomar decisiones en libertad.<\/p>\n<p>La anhelada libertad de Britney Spears est\u00e1 un poco m\u00e1s cerca. Este mismo mi\u00e9rcoles tendr\u00e1 lugar en el Tribunal Superior de Los \u00c1ngeles el primer juicio al que la artista acuda de forma presencial para verbalizar a la jueza encargada del caso su situaci\u00f3n personal y profesional, la que desde hace 13 a\u00f1os se encuentra supeditada a las decisiones que toma por ella su padre, Jamie Spears. Decisiones que van desde la administraci\u00f3n de su fortuna, hasta asuntos \u00ednfimos como sus controladas salidas personales o la imposibilidad de conducir e incluso ver a sus hijos de forma libre. Su incapacidad, hasta el momento, es m\u00e1xima. Un asunto que desde hace un a\u00f1o denuncia abiertamente dado que, seg\u00fan la int\u00e9rprete, \u201cla tutela es demasiado f\u00e9rrea y ejerce demasiado control en su vida\u201d.<\/p>\n<p><img decoding=\"async\" class=\"aligncenter wp-image-37702 size-thumbnail lazyload\" data-src=\"https:\/\/www.lasrosas.com.ar\/portal\/wp-content\/uploads\/britney-spears-destacado-640x480.jpg\" alt=\"\" width=\"640\" height=\"480\" data-srcset=\"https:\/\/www.lasrosas.com.ar\/portal\/wp-content\/uploads\/britney-spears-destacado-640x480.jpg 640w, https:\/\/www.lasrosas.com.ar\/portal\/wp-content\/uploads\/britney-spears-destacado-960x720.jpg 960w, https:\/\/www.lasrosas.com.ar\/portal\/wp-content\/uploads\/britney-spears-destacado.jpg 1200w\" data-sizes=\"(max-width: 640px) 100vw, 640px\" src=\"data:image\/svg+xml;base64,PHN2ZyB3aWR0aD0iMSIgaGVpZ2h0PSIxIiB4bWxucz0iaHR0cDovL3d3dy53My5vcmcvMjAwMC9zdmciPjwvc3ZnPg==\" style=\"--smush-placeholder-width: 640px; --smush-placeholder-aspect-ratio: 640\/480;\" \/><\/p>\n<p>La popularidad de su caso crec\u00eda como la espuma cuando a principios de a\u00f1o se convert\u00eda en viral el documental sobre su vida \u2018Framing Britney Spears\u2019, proyecto que dejaba al descubierto las luces y sombras que su tutela mantiene hasta la fecha y que hac\u00eda popular el movimiento #FreeBritney. Ella misma ya habr\u00eda comunicado en noviembre del a\u00f1o pasado que no volver\u00eda a subirse a un escenario hasta que su padre, que no tiene intenci\u00f3n de abandonar el cargo, fuese retirado como tutor legal. Un avance que a principios de a\u00f1o lograba parcialmente cuando su progenitor perd\u00eda parte de la tutela vi\u00e9ndose obligado a compartirla despu\u00e9s de que el Tribunal Superior de Los \u00c1ngeles fallara a favor de la cantante e incluyera un co-tutor elegido personalmente por la artista. Ahora su misi\u00f3n es lograr que este ente, perteneciente al fondo privado Bassemer Trust, se ocupe de forma total de su fortuna.<\/p>\n<!-- AddThis Advanced Settings generic via filter on the_content --><!-- AddThis Share Buttons generic via filter on the_content -->","protected":false},"excerpt":{"rendered":"<p>La artista rompe su silencio para intentar desplazar a su padre del cargo que le impide tomar decisiones en libertad. La anhelada libertad de Britney Spears est\u00e1 un poco m\u00e1s cerca. Este mismo mi\u00e9rcoles tendr\u00e1 lugar en el Tribunal Superior de Los \u00c1ngeles el primer juicio al que la artista acuda de forma presencial para [&hellip;]<!-- AddThis Advanced Settings generic via filter on get_the_excerpt --><!-- AddThis Share Buttons generic via filter on get_the_excerpt --><\/p>\n","protected":false},"author":6,"featured_media":37703,"comment_status":"closed","ping_status":"open","sticky":false,"template":"","format":"standard","meta":{"_acf_changed":false,"om_disable_all_campaigns":false,"_monsterinsights_skip_tracking":false,"_monsterinsights_sitenote_active":false,"_monsterinsights_sitenote_note":"","_monsterinsights_sitenote_category":0,"_uf_show_specific_survey":0,"_uf_disable_surveys":false,"footnotes":""},"categories":[100],"tags":[],"class_list":["post-37700","post","type-post","status-publish","format-standard","has-post-thumbnail","hentry","category-noticias"],"acf":[],"aioseo_notices":[],"_links":{"self":[{"href":"https:\/\/www.lasrosas.com.ar\/portal\/wp-json\/wp\/v2\/posts\/37700","targetHints":{"allow":["GET"]}}],"collection":[{"href":"https:\/\/www.lasrosas.com.ar\/portal\/wp-json\/wp\/v2\/posts"}],"about":[{"href":"https:\/\/www.lasrosas.com.ar\/portal\/wp-json\/wp\/v2\/types\/post"}],"author":[{"embeddable":true,"href":"https:\/\/www.lasrosas.com.ar\/portal\/wp-json\/wp\/v2\/users\/6"}],"replies":[{"embeddable":true,"href":"https:\/\/www.lasrosas.com.ar\/portal\/wp-json\/wp\/v2\/comments?post=37700"}],"version-history":[{"count":0,"href":"https:\/\/www.lasrosas.com.ar\/portal\/wp-json\/wp\/v2\/posts\/37700\/revisions"}],"wp:featuredmedia":[{"embeddable":true,"href":"https:\/\/www.lasrosas.com.ar\/portal\/wp-json\/wp\/v2\/media\/37703"}],"wp:attachment":[{"href":"https:\/\/www.lasrosas.com.ar\/portal\/wp-json\/wp\/v2\/media?parent=37700"}],"wp:term":[{"taxonomy":"category","embeddable":true,"href":"https:\/\/www.lasrosas.com.ar\/portal\/wp-json\/wp\/v2\/categories?post=37700"},{"taxonomy":"post_tag","embeddable":true,"href":"https:\/\/www.lasrosas.com.ar\/portal\/wp-json\/wp\/v2\/tags?post=37700"}],"curies":[{"name":"wp","href":"https:\/\/api.w.org\/{rel}","templated":true}]}}