{"id":3719,"date":"2018-04-06T13:30:09","date_gmt":"2018-04-06T16:30:09","guid":{"rendered":"https:\/\/www.lasrosas.com.ar\/portal\/?p=3719"},"modified":"2018-04-13T15:33:08","modified_gmt":"2018-04-13T18:33:08","slug":"5-trending-topics-de-la-semana-2","status":"publish","type":"post","link":"https:\/\/www.lasrosas.com.ar\/portal\/5-trending-topics-de-la-semana-2\/","title":{"rendered":"#5 TRENDING TOPICS DE LA SEMANA"},"content":{"rendered":"<h3><span style=\"color: #000000;\">Los temas m\u00e1s hablados esta semana, \u00a1te los contamos ac\u00e1!<\/span><\/h3>\n<p><strong><span style=\"color: #000000;\">1#REINALETIZIAVS.REINASOF\u00cdA<\/span><\/strong><\/p>\n<p><img decoding=\"async\" class=\"alignnone wp-image-3721 size-thumbnail lazyload\" data-src=\"https:\/\/www.lasrosas.com.ar\/portal\/wp-content\/uploads\/1-8-640x421.jpg\" alt=\"\" width=\"640\" height=\"421\" src=\"data:image\/svg+xml;base64,PHN2ZyB3aWR0aD0iMSIgaGVpZ2h0PSIxIiB4bWxucz0iaHR0cDovL3d3dy53My5vcmcvMjAwMC9zdmciPjwvc3ZnPg==\" style=\"--smush-placeholder-width: 640px; --smush-placeholder-aspect-ratio: 640\/421;\" \/><br \/>\n<span style=\"color: #000000;\"><strong>Papel\u00f3n Real:<\/strong> El extra\u00f1o episodio ocurrido en un acto p\u00fablico, en el que la Reina Letizia impidi\u00f3 de mala gana que la Reina Sof\u00eda se saque una foto con sus nietas, se convirti\u00f3 en la portada de todos los diarios del mundo. Si llevarte bien con tu suegra es complicado, \u00bfte imagin\u00e1s cuando se trata de la Reina de Espa\u00f1a?<\/span><\/p>\n<p><strong><span style=\"color: #000000;\">2#LUISANALOPILATOENC\u00d3RDOBA<\/span><\/strong><\/p>\n<p><img decoding=\"async\" class=\"alignnone wp-image-3722 size-thumbnail lazyload\" data-src=\"https:\/\/www.lasrosas.com.ar\/portal\/wp-content\/uploads\/2-9-640x480.jpg\" alt=\"\" width=\"640\" height=\"480\" src=\"data:image\/svg+xml;base64,PHN2ZyB3aWR0aD0iMSIgaGVpZ2h0PSIxIiB4bWxucz0iaHR0cDovL3d3dy53My5vcmcvMjAwMC9zdmciPjwvc3ZnPg==\" style=\"--smush-placeholder-width: 640px; --smush-placeholder-aspect-ratio: 640\/480;\" \/><br \/>\n<span style=\"color: #000000;\"><strong>Un encuentro para nada \u00abembarazoso\u00bb:<\/strong> Como embajadora de la marca Vitamina, Luisana estuvo en el C\u00f3rdoba Shopping presentando la \u00faltima colecci\u00f3n de la temporada oto\u00f1o- invierno. Brind\u00f3 una entrevista exclusiva para Grupo Las Rosas donde nos dio detalles de sus \u00faltimos proyectos.<\/span><\/p>\n<p><strong><span style=\"color: #000000;\">3#\u00bfFINDEUNREINADO?\u00a0<\/span><\/strong><\/p>\n<p><img decoding=\"async\" class=\"alignnone wp-image-3723 size-thumbnail lazyload\" data-src=\"https:\/\/www.lasrosas.com.ar\/portal\/wp-content\/uploads\/3-8-640x430.jpg\" alt=\"\" width=\"640\" height=\"430\" src=\"data:image\/svg+xml;base64,PHN2ZyB3aWR0aD0iMSIgaGVpZ2h0PSIxIiB4bWxucz0iaHR0cDovL3d3dy53My5vcmcvMjAwMC9zdmciPjwvc3ZnPg==\" style=\"--smush-placeholder-width: 640px; --smush-placeholder-aspect-ratio: 640\/430;\" \/><br \/>\n<strong><span style=\"color: #000000;\">El diablo se viste de pijama\u2026 \u00bfy se jubila?:<\/span> <\/strong><span style=\"color: #000000;\">Hay rumores de que Anna Wintour podr\u00eda dejar de ser la editora de \u00abVogue\u00bb Nueva York. Una de las mayores celebridades del mundo fashion, de 64 a\u00f1os, quien durante tres d\u00e9cadas ha tenido el poder m\u00e1s importante dentro de la moda, estar\u00eda a punto de jubilarse.<\/span><\/p>\n<p><strong><span style=\"color: #000000;\">4#24A\u00d1OSSINKURTCOBAIN<\/span><\/strong><\/p>\n<p><img decoding=\"async\" class=\"alignnone wp-image-3724 size-thumbnail lazyload\" data-src=\"https:\/\/www.lasrosas.com.ar\/portal\/wp-content\/uploads\/4-9-640x480.jpg\" alt=\"\" width=\"640\" height=\"480\" src=\"data:image\/svg+xml;base64,PHN2ZyB3aWR0aD0iMSIgaGVpZ2h0PSIxIiB4bWxucz0iaHR0cDovL3d3dy53My5vcmcvMjAwMC9zdmciPjwvc3ZnPg==\" style=\"--smush-placeholder-width: 640px; --smush-placeholder-aspect-ratio: 640\/480;\" \/><br \/>\n<span style=\"color: #000000;\"><strong>Por siempre \u201csmell like teen spirit\u201d: <\/strong>Se cumplieron 24 a\u00f1os de la muerte de Kurt Cobain, vocalista de la banda \u00abNirvana\u00bb. El 5 de abril, recordamos al l\u00edder de una generaci\u00f3n, una figura del \u00abgrunge\u00bb con un final tr\u00e1gico.<\/span><\/p>\n<p><strong><span style=\"color: #000000;\">5#WORKSHOPCONCARLABUGARIN<\/span><\/strong><\/p>\n<p><img decoding=\"async\" class=\"alignnone wp-image-3726 lazyload\" data-src=\"https:\/\/www.lasrosas.com.ar\/portal\/wp-content\/uploads\/Carla-Bugarin.png\" alt=\"\" width=\"640\" height=\"448\" src=\"data:image\/svg+xml;base64,PHN2ZyB3aWR0aD0iMSIgaGVpZ2h0PSIxIiB4bWxucz0iaHR0cDovL3d3dy53My5vcmcvMjAwMC9zdmciPjwvc3ZnPg==\" style=\"--smush-placeholder-width: 640px; --smush-placeholder-aspect-ratio: 640\/448;\" \/><\/p>\n<p><span style=\"color: #000000;\"><strong>El estilo prevalece, pero la moda se aprende:<\/strong> La extravagante asesora de imagen, Carla Bugarin, estuvo en C\u00f3rdoba para dar un workshop de estilo. Con m\u00e1s de una d\u00e9cada de experiencia, la estilista nos habl\u00f3 de su estilo y conocimientos, adem\u00e1s de sus experiencias en las capitales de la moda.<\/span><\/p>\n<!-- AddThis Advanced Settings generic via filter on the_content --><!-- AddThis Share Buttons generic via filter on the_content -->","protected":false},"excerpt":{"rendered":"<p>Los temas m\u00e1s hablados esta semana, \u00a1te los contamos ac\u00e1! 1#REINALETIZIAVS.REINASOF\u00cdA Papel\u00f3n Real: El extra\u00f1o episodio ocurrido en un acto p\u00fablico, en el que la Reina Letizia impidi\u00f3 de mala gana que la Reina Sof\u00eda se saque una foto con sus nietas, se convirti\u00f3 en la portada de todos los diarios del mundo. Si llevarte [&hellip;]<!-- AddThis Advanced Settings generic via filter on get_the_excerpt --><!-- AddThis Share Buttons generic via filter on get_the_excerpt --><\/p>\n","protected":false},"author":6,"featured_media":3725,"comment_status":"closed","ping_status":"open","sticky":false,"template":"","format":"standard","meta":{"_acf_changed":false,"om_disable_all_campaigns":false,"_monsterinsights_skip_tracking":false,"_monsterinsights_sitenote_active":false,"_monsterinsights_sitenote_note":"","_monsterinsights_sitenote_category":0,"_uf_show_specific_survey":0,"_uf_disable_surveys":false,"footnotes":""},"categories":[100],"tags":[39,108,44,62,58,245,249,74,64],"class_list":["post-3719","post","type-post","status-publish","format-standard","has-post-thumbnail","hentry","category-noticias","tag-actriz","tag-artista","tag-buenos-aires","tag-marcas","tag-moda","tag-noticias","tag-reinas","tag-sociales","tag-tendencias"],"acf":[],"aioseo_notices":[],"_links":{"self":[{"href":"https:\/\/www.lasrosas.com.ar\/portal\/wp-json\/wp\/v2\/posts\/3719","targetHints":{"allow":["GET"]}}],"collection":[{"href":"https:\/\/www.lasrosas.com.ar\/portal\/wp-json\/wp\/v2\/posts"}],"about":[{"href":"https:\/\/www.lasrosas.com.ar\/portal\/wp-json\/wp\/v2\/types\/post"}],"author":[{"embeddable":true,"href":"https:\/\/www.lasrosas.com.ar\/portal\/wp-json\/wp\/v2\/users\/6"}],"replies":[{"embeddable":true,"href":"https:\/\/www.lasrosas.com.ar\/portal\/wp-json\/wp\/v2\/comments?post=3719"}],"version-history":[{"count":0,"href":"https:\/\/www.lasrosas.com.ar\/portal\/wp-json\/wp\/v2\/posts\/3719\/revisions"}],"wp:featuredmedia":[{"embeddable":true,"href":"https:\/\/www.lasrosas.com.ar\/portal\/wp-json\/wp\/v2\/media\/3725"}],"wp:attachment":[{"href":"https:\/\/www.lasrosas.com.ar\/portal\/wp-json\/wp\/v2\/media?parent=3719"}],"wp:term":[{"taxonomy":"category","embeddable":true,"href":"https:\/\/www.lasrosas.com.ar\/portal\/wp-json\/wp\/v2\/categories?post=3719"},{"taxonomy":"post_tag","embeddable":true,"href":"https:\/\/www.lasrosas.com.ar\/portal\/wp-json\/wp\/v2\/tags?post=3719"}],"curies":[{"name":"wp","href":"https:\/\/api.w.org\/{rel}","templated":true}]}}