{"id":36452,"date":"2021-06-03T13:54:30","date_gmt":"2021-06-03T16:54:30","guid":{"rendered":"https:\/\/www.lasrosas.com.ar\/portal\/?p=36452"},"modified":"2021-06-03T13:54:30","modified_gmt":"2021-06-03T16:54:30","slug":"diseno-estrategico-como-hacer-que-tus-metros-cuadrados-valgan-mas","status":"publish","type":"post","link":"https:\/\/www.lasrosas.com.ar\/portal\/diseno-estrategico-como-hacer-que-tus-metros-cuadrados-valgan-mas\/","title":{"rendered":"DISE\u00d1O ESTRAT\u00c9GICO: C\u00d3MO HACER QUE TUS METROS CUADRADOS VALGAN M\u00c1S"},"content":{"rendered":"<p><b>\u00bfPara qu\u00e9 servimos los dise\u00f1adores y arquitectos?\u00a0<\/b><\/p>\n<p><span style=\"font-weight: 400;\">Para ayudar a nuestros clientes a cumplir sus sue\u00f1os, o muchas veces a vivir de una forma que nunca se hab\u00edan imaginado. Nuestra funci\u00f3n \u00faltima es llevar felicidad espacial a la humanidad. Claro est\u00e1 que esa felicidad es completa cuando adem\u00e1s nos adaptamos como profesionales a una realidad de presupuesto\u00a0 y a la posibilidad de usar nuestra creatividad para incrementar el valor de la propiedad.<\/span><\/p>\n<p><img decoding=\"async\" class=\"aligncenter wp-image-36456 size-thumbnail lazyload\" data-src=\"https:\/\/www.lasrosas.com.ar\/portal\/wp-content\/uploads\/Foto-1-1-640x480.jpg\" alt=\"\" width=\"640\" height=\"480\" src=\"data:image\/svg+xml;base64,PHN2ZyB3aWR0aD0iMSIgaGVpZ2h0PSIxIiB4bWxucz0iaHR0cDovL3d3dy53My5vcmcvMjAwMC9zdmciPjwvc3ZnPg==\" style=\"--smush-placeholder-width: 640px; --smush-placeholder-aspect-ratio: 640\/480;\" \/><\/p>\n<blockquote><p><span style=\"font-weight: 400;\">Oficinas Unidigital 1. Paso uno: uso de las frecuencias energ\u00e9ticas.\u00a0<\/span>Paso dos: le dise\u00f1amos una nueva oficina de 600 metros cuadrados luego de haber vivido en el espacio de la prosperidad.<\/p><\/blockquote>\n<p><b>\u00bfC\u00f3mo lo hacemos?<\/b><\/p>\n<p><span style=\"font-weight: 400;\">Tenemos muchas y variadas herramientas para lograrlo seg\u00fan el caso. Algunas apuntan al estado de confort psicol\u00f3gico y energ\u00e9tico de las personas y otras a su confort f\u00edsico.\u00a0<\/span><\/p>\n<p><span style=\"font-weight: 400;\">Para lograr subir la energ\u00eda y el confort psicol\u00f3gico del lugar debemos usar nuestra empat\u00eda para entender a nuestro cliente y luego utilizar herramientas como la luz, los colores, los aromas, la diferencia espacial de los lugares seg\u00fan las necesidades y funciones que sean necesarias. Por otro lado las herramientas para el confort f\u00edsico ser\u00e1n m\u00e1s mec\u00e1nicas, como el buen uso de la ventilaci\u00f3n natural, el acondicionamiento ac\u00fastico y visual, calefaccionar correctamente los lugares y cerrarlos de una manera segura cuando nos vamos de casa entre otras cosas.<\/span><\/p>\n<p><span style=\"font-weight: 400;\">En el momento de dise\u00f1ar debemos tener en nuestra caja de herramientas toda clase de elementos para lograr un lugar en los cuales nos sintamos felices.<\/span><img decoding=\"async\" class=\"aligncenter wp-image-36454 size-thumbnail lazyload\" data-src=\"https:\/\/www.lasrosas.com.ar\/portal\/wp-content\/uploads\/Foto-2-2-640x480.jpg\" alt=\"\" width=\"640\" height=\"480\" src=\"data:image\/svg+xml;base64,PHN2ZyB3aWR0aD0iMSIgaGVpZ2h0PSIxIiB4bWxucz0iaHR0cDovL3d3dy53My5vcmcvMjAwMC9zdmciPjwvc3ZnPg==\" style=\"--smush-placeholder-width: 640px; --smush-placeholder-aspect-ratio: 640\/480;\" \/><\/p>\n<blockquote><p>Oficina Unidigital 2: Oficina de 600 metros cuadrados.<\/p><\/blockquote>\n<p><span style=\"font-weight: 400;\">Pero hoy en d\u00eda como corren las cosas en un mundo r\u00e1pido y cambiante nos mudamos muchas veces, ya no compramos una casa para siempre. Nos mudamos de casa y hasta de pa\u00eds. Por lo cual adem\u00e1s de asegurar que seamos felices en los espacios que creamos los dise\u00f1adores debemos agregar una variable m\u00e1s: la de dise\u00f1ar de una manera estrat\u00e9gica para que con poco costo agregado logremos hacer que el mismo lugar conserve o hasta aumente su valor de venta despu\u00e9s de intervenirlo.<\/span><\/p>\n<p><span style=\"font-weight: 400;\">El hecho que los arquitectos y dise\u00f1adores somos creadores de mundos l\u00fadicos y alegres no est\u00e1 enfrentado con el hecho de que esos espacios alegres sean la raz\u00f3n misma para que esa propiedad tenga mayor valor econ\u00f3mico.<\/span><\/p>\n<p><span style=\"font-weight: 400;\">Por eso lo blando que puede ser la empat\u00eda o el arte no est\u00e1 re\u00f1ido con algo duro como puede ser el valor econ\u00f3mico de las cosas. Todo lo contrario, cuanto m\u00e1s alto sea el valor energ\u00e9tico de un lugar , m\u00e1s alto ser\u00e1 su valor econ\u00f3mico. A eso yo lo llamo hacer dise\u00f1o estrat\u00e9gico, y los invito a hacerlo. A veces una peque\u00f1a mayor\u00a0 inversi\u00f3n me acerca a mejorar el valor de mi propiedad.\u00a0<\/span><\/p>\n<p><img decoding=\"async\" class=\"aligncenter wp-image-36455 size-thumbnail lazyload\" data-src=\"https:\/\/www.lasrosas.com.ar\/portal\/wp-content\/uploads\/Foto-3-bis-640x480.jpg\" alt=\"\" width=\"640\" height=\"480\" src=\"data:image\/svg+xml;base64,PHN2ZyB3aWR0aD0iMSIgaGVpZ2h0PSIxIiB4bWxucz0iaHR0cDovL3d3dy53My5vcmcvMjAwMC9zdmciPjwvc3ZnPg==\" style=\"--smush-placeholder-width: 640px; --smush-placeholder-aspect-ratio: 640\/480;\" \/><\/p>\n<blockquote><p><span style=\"font-weight: 400;\">Hall Blanco y Negro. Palmera Caballito. Las Palmeras que elevan la energ\u00eda haciendo que las personas que entran quieran vivir all\u00ed. <\/span><\/p><\/blockquote>\n<p><span style=\"font-weight: 400;\">Por eso les recomiendo no pensar solo en el costo de las intervenciones de dise\u00f1o que hacemos en nuestras casas, sino en su valor de venta, de esa forma van a encontrar un buen equilibrio entre un buen lugar para vivir y una buena forma de invertir su dinero, que no deja de ser un capital energ\u00e9tico que nos ayuda al buen vivir. El buen vivir amigas y amigos genera una vida m\u00e1s alta en energ\u00eda y creatividad, en pocas palabras nos da m\u00e1s felicidad. Objetivo cumplido. <\/span><\/p>\n<!-- AddThis Advanced Settings generic via filter on the_content --><!-- AddThis Share Buttons generic via filter on the_content -->","protected":false},"excerpt":{"rendered":"<p>\u00bfPara qu\u00e9 servimos los dise\u00f1adores y arquitectos?\u00a0 Para ayudar a nuestros clientes a cumplir sus sue\u00f1os, o muchas veces a vivir de una forma que nunca se hab\u00edan imaginado. Nuestra funci\u00f3n \u00faltima es llevar felicidad espacial a la humanidad. Claro est\u00e1 que esa felicidad es completa cuando adem\u00e1s nos adaptamos como profesionales a una realidad [&hellip;]<!-- AddThis Advanced Settings generic via filter on get_the_excerpt --><!-- AddThis Share Buttons generic via filter on get_the_excerpt --><\/p>\n","protected":false},"author":6,"featured_media":36455,"comment_status":"closed","ping_status":"open","sticky":false,"template":"","format":"standard","meta":{"_acf_changed":false,"om_disable_all_campaigns":false,"_monsterinsights_skip_tracking":false,"_monsterinsights_sitenote_active":false,"_monsterinsights_sitenote_note":"","_monsterinsights_sitenote_category":0,"_uf_show_specific_survey":0,"_uf_disable_surveys":false,"footnotes":""},"categories":[31],"tags":[],"class_list":["post-36452","post","type-post","status-publish","format-standard","has-post-thumbnail","hentry","category-arquitectura-decoracion"],"acf":[],"aioseo_notices":[],"_links":{"self":[{"href":"https:\/\/www.lasrosas.com.ar\/portal\/wp-json\/wp\/v2\/posts\/36452","targetHints":{"allow":["GET"]}}],"collection":[{"href":"https:\/\/www.lasrosas.com.ar\/portal\/wp-json\/wp\/v2\/posts"}],"about":[{"href":"https:\/\/www.lasrosas.com.ar\/portal\/wp-json\/wp\/v2\/types\/post"}],"author":[{"embeddable":true,"href":"https:\/\/www.lasrosas.com.ar\/portal\/wp-json\/wp\/v2\/users\/6"}],"replies":[{"embeddable":true,"href":"https:\/\/www.lasrosas.com.ar\/portal\/wp-json\/wp\/v2\/comments?post=36452"}],"version-history":[{"count":0,"href":"https:\/\/www.lasrosas.com.ar\/portal\/wp-json\/wp\/v2\/posts\/36452\/revisions"}],"wp:featuredmedia":[{"embeddable":true,"href":"https:\/\/www.lasrosas.com.ar\/portal\/wp-json\/wp\/v2\/media\/36455"}],"wp:attachment":[{"href":"https:\/\/www.lasrosas.com.ar\/portal\/wp-json\/wp\/v2\/media?parent=36452"}],"wp:term":[{"taxonomy":"category","embeddable":true,"href":"https:\/\/www.lasrosas.com.ar\/portal\/wp-json\/wp\/v2\/categories?post=36452"},{"taxonomy":"post_tag","embeddable":true,"href":"https:\/\/www.lasrosas.com.ar\/portal\/wp-json\/wp\/v2\/tags?post=36452"}],"curies":[{"name":"wp","href":"https:\/\/api.w.org\/{rel}","templated":true}]}}