{"id":36324,"date":"2021-06-02T13:56:59","date_gmt":"2021-06-02T16:56:59","guid":{"rendered":"https:\/\/www.lasrosas.com.ar\/portal\/?p=36324"},"modified":"2021-06-02T14:03:51","modified_gmt":"2021-06-02T17:03:51","slug":"taylor-swift-anya-taylor-joy-y-margot-robbie-protagonizaran-una-pelicula","status":"publish","type":"post","link":"https:\/\/www.lasrosas.com.ar\/portal\/taylor-swift-anya-taylor-joy-y-margot-robbie-protagonizaran-una-pelicula\/","title":{"rendered":"TAYLOR SWIFT, ANYA TAYLOR-JOY Y MARGOT ROBBIE PROTAGONIZAR\u00c1N UNA PEL\u00cdCULA"},"content":{"rendered":"<p>El film ser\u00e1 dirigido por David Owen Russell.<\/p>\n<p>Para su pr\u00f3xima pel\u00edcula, el director David O. Russell logr\u00f3 reunir a tres celebridades de la actuaci\u00f3n y la m\u00fasica: Se trata de las actrices <em>Anya Taylor-Joy y Margot Robbie<\/em>, y la cantante<em> Taylor Swift<\/em>, quien ya particip\u00f3 en otras producciones cinematogr\u00e1ficas como \u00abCats\u00bb.<\/p>\n<p>La productora New Regancy confirm\u00f3 que tambi\u00e9n sum\u00f3 al elenco a Robert De Niro, Rami Malek, Christian Bale, Chris Rock y Michael Shannon, que se vincular\u00e1n con las protagonistas femeninas dentro de la historia.<\/p>\n<blockquote class=\"twitter-tweet\" data-width=\"500\" data-dnt=\"true\">\n<p lang=\"es\" dir=\"ltr\">vos me estas diciendo que Taylor Swift, Margot Robbie y Anya Taylor Joy van a estar juntas en una pelicula, VOS ENTENDES EL PODER QUE VA HABER EN ESTA PELICULA 3 DIOSAS JUNTAS <a href=\"https:\/\/t.co\/uJdOQgbBsy\">pic.twitter.com\/uJdOQgbBsy<\/a><\/p>\n<p>&mdash; vale lvs dylan (@watsonvalen) <a href=\"https:\/\/twitter.com\/watsonvalen\/status\/1399836165625335808?ref_src=twsrc%5Etfw\">June 1, 2021<\/a><\/p><\/blockquote>\n<p><script async src=\"https:\/\/platform.twitter.com\/widgets.js\" charset=\"utf-8\"><\/script><\/p>\n<p>&nbsp;<\/p>\n<p>Lo m\u00e1s llamativo de este film es la participaci\u00f3n de Taylor Swift. Aunque la cantante ven\u00eda desde hace mucho tiempo buscando un papel en la pantalla grande esta es la primera vez que la artista se pone en la piel de un personaje mucho m\u00e1s elaborado y comprometido.<\/p>\n<p>Todav\u00eda no se difundi\u00f3 la fecha de estreno ni el nombre de la pel\u00edcula, aunque se sabe que es uno de los films m\u00e1s esperados por sus fans.<\/p>\n<!-- AddThis Advanced Settings generic via filter on the_content --><!-- AddThis Share Buttons generic via filter on the_content -->","protected":false},"excerpt":{"rendered":"<p>El film ser\u00e1 dirigido por David Owen Russell. Para su pr\u00f3xima pel\u00edcula, el director David O. Russell logr\u00f3 reunir a tres celebridades de la actuaci\u00f3n y la m\u00fasica: Se trata de las actrices Anya Taylor-Joy y Margot Robbie, y la cantante Taylor Swift, quien ya particip\u00f3 en otras producciones cinematogr\u00e1ficas como \u00abCats\u00bb. La productora New [&hellip;]<!-- AddThis Advanced Settings generic via filter on get_the_excerpt --><!-- AddThis Share Buttons generic via filter on get_the_excerpt --><\/p>\n","protected":false},"author":6,"featured_media":36325,"comment_status":"closed","ping_status":"open","sticky":false,"template":"","format":"standard","meta":{"_acf_changed":false,"om_disable_all_campaigns":false,"_monsterinsights_skip_tracking":false,"_monsterinsights_sitenote_active":false,"_monsterinsights_sitenote_note":"","_monsterinsights_sitenote_category":0,"_uf_show_specific_survey":0,"_uf_disable_surveys":false,"footnotes":""},"categories":[100],"tags":[],"class_list":["post-36324","post","type-post","status-publish","format-standard","has-post-thumbnail","hentry","category-noticias"],"acf":[],"aioseo_notices":[],"_links":{"self":[{"href":"https:\/\/www.lasrosas.com.ar\/portal\/wp-json\/wp\/v2\/posts\/36324","targetHints":{"allow":["GET"]}}],"collection":[{"href":"https:\/\/www.lasrosas.com.ar\/portal\/wp-json\/wp\/v2\/posts"}],"about":[{"href":"https:\/\/www.lasrosas.com.ar\/portal\/wp-json\/wp\/v2\/types\/post"}],"author":[{"embeddable":true,"href":"https:\/\/www.lasrosas.com.ar\/portal\/wp-json\/wp\/v2\/users\/6"}],"replies":[{"embeddable":true,"href":"https:\/\/www.lasrosas.com.ar\/portal\/wp-json\/wp\/v2\/comments?post=36324"}],"version-history":[{"count":0,"href":"https:\/\/www.lasrosas.com.ar\/portal\/wp-json\/wp\/v2\/posts\/36324\/revisions"}],"wp:featuredmedia":[{"embeddable":true,"href":"https:\/\/www.lasrosas.com.ar\/portal\/wp-json\/wp\/v2\/media\/36325"}],"wp:attachment":[{"href":"https:\/\/www.lasrosas.com.ar\/portal\/wp-json\/wp\/v2\/media?parent=36324"}],"wp:term":[{"taxonomy":"category","embeddable":true,"href":"https:\/\/www.lasrosas.com.ar\/portal\/wp-json\/wp\/v2\/categories?post=36324"},{"taxonomy":"post_tag","embeddable":true,"href":"https:\/\/www.lasrosas.com.ar\/portal\/wp-json\/wp\/v2\/tags?post=36324"}],"curies":[{"name":"wp","href":"https:\/\/api.w.org\/{rel}","templated":true}]}}