{"id":35723,"date":"2021-05-17T16:31:14","date_gmt":"2021-05-17T19:31:14","guid":{"rendered":"https:\/\/www.lasrosas.com.ar\/portal\/?p=35723"},"modified":"2021-05-17T16:31:14","modified_gmt":"2021-05-17T19:31:14","slug":"israel-critica-a-bella-hadid-por-unirse-a-un-mitin-pro-palestino","status":"publish","type":"post","link":"https:\/\/www.lasrosas.com.ar\/portal\/israel-critica-a-bella-hadid-por-unirse-a-un-mitin-pro-palestino\/","title":{"rendered":"ISRAEL CR\u00cdTICA A BELLA HADID POR UNIRSE A UN MITIN PRO PALESTINO"},"content":{"rendered":"<p>La modelo marchaba este fin de semana en Nueva York, lo que provocaba que el propio Estado israel\u00ed le dedicara un par de tuits que ya son virales.<\/p>\n<p>La modelo de 24 a\u00f1os es una de las celebrities mejor pagadas y valoradas de la industria de la moda, donde comparte spotlight junto a su tambi\u00e9n famosa hermana Gigi. Ambas de or\u00edgenes palestinos, zona donde naci\u00f3 su padre, Mohamed Hadid. Ahora, en mitad del peor conflicto pol\u00edtico y social que viven Palestina e Israel desde 2014, ha decidido posicionarse trav\u00e9s de Instagram, donde tiene m\u00e1s de 40 millones de seguidores, y dar su opini\u00f3n del enfrentamiento que ya se ha saldado con m\u00e1s de 200 vidas en apenas unos d\u00edas. As\u00ed, Hadid compart\u00eda im\u00e1genes tomadas en Brooklyn en donde, ataviada con el tradicional pa\u00f1uelo \u201cshemagh\u201d, acud\u00eda a una marcha que ped\u00eda la liberaci\u00f3n del pueblo palestino bajo el eslogan #FreePalestine.<\/p>\n<blockquote class=\"instagram-media\" style=\"background: #FFF; border: 0; border-radius: 3px; box-shadow: 0 0 1px 0 rgba(0,0,0,0.5),0 1px 10px 0 rgba(0,0,0,0.15); margin: 1px; max-width: 540px; min-width: 326px; padding: 0; width: calc(100% - 2px);\" data-instgrm-captioned=\"\" data-instgrm-permalink=\"https:\/\/www.instagram.com\/p\/CO6y8kotR8d\/?utm_source=ig_embed&amp;utm_campaign=loading\" data-instgrm-version=\"13\">\n<div style=\"padding: 16px;\">\n<p>&nbsp;<\/p>\n<div style=\"display: flex; flex-direction: row; align-items: center;\">\n<div style=\"background-color: #f4f4f4; border-radius: 50%; flex-grow: 0; height: 40px; margin-right: 14px; width: 40px;\"><\/div>\n<div style=\"display: flex; flex-direction: column; flex-grow: 1; justify-content: center;\">\n<div style=\"background-color: #f4f4f4; border-radius: 4px; flex-grow: 0; height: 14px; margin-bottom: 6px; width: 100px;\"><\/div>\n<div style=\"background-color: #f4f4f4; border-radius: 4px; flex-grow: 0; height: 14px; width: 60px;\"><\/div>\n<\/div>\n<\/div>\n<div style=\"padding: 19% 0;\"><\/div>\n<div style=\"display: block; height: 50px; margin: 0 auto 12px; width: 50px;\"><\/div>\n<div style=\"padding-top: 8px;\">\n<div style=\"color: #3897f0; font-family: Arial,sans-serif; font-size: 14px; font-style: normal; font-weight: 550; line-height: 18px;\">Ver esta publicaci\u00f3n en Instagram<\/div>\n<\/div>\n<div style=\"padding: 12.5% 0;\"><\/div>\n<div style=\"display: flex; flex-direction: row; margin-bottom: 14px; align-items: center;\">\n<div>\n<div style=\"background-color: #f4f4f4; border-radius: 50%; height: 12.5px; width: 12.5px; transform: translateX(0px) translateY(7px);\"><\/div>\n<div style=\"background-color: #f4f4f4; height: 12.5px; transform: rotate(-45deg) translateX(3px) translateY(1px); width: 12.5px; flex-grow: 0; margin-right: 14px; margin-left: 2px;\"><\/div>\n<div style=\"background-color: #f4f4f4; border-radius: 50%; height: 12.5px; width: 12.5px; transform: translateX(9px) translateY(-18px);\"><\/div>\n<\/div>\n<div style=\"margin-left: 8px;\">\n<div style=\"background-color: #f4f4f4; border-radius: 50%; flex-grow: 0; height: 20px; width: 20px;\"><\/div>\n<div style=\"width: 0; height: 0; border-top: 2px solid transparent; border-left: 6px solid #f4f4f4; border-bottom: 2px solid transparent; transform: translateX(16px) translateY(-4px) rotate(30deg);\"><\/div>\n<\/div>\n<div style=\"margin-left: auto;\">\n<div style=\"width: 0px; border-top: 8px solid #F4F4F4; border-right: 8px solid transparent; transform: translateY(16px);\"><\/div>\n<div style=\"background-color: #f4f4f4; flex-grow: 0; height: 12px; width: 16px; transform: translateY(-4px);\"><\/div>\n<div style=\"width: 0; height: 0; border-top: 8px solid #F4F4F4; border-left: 8px solid transparent; transform: translateY(-4px) translateX(8px);\"><\/div>\n<\/div>\n<\/div>\n<div style=\"display: flex; flex-direction: column; flex-grow: 1; justify-content: center; margin-bottom: 24px;\">\n<div style=\"background-color: #f4f4f4; border-radius: 4px; flex-grow: 0; height: 14px; margin-bottom: 6px; width: 224px;\"><\/div>\n<div style=\"background-color: #f4f4f4; border-radius: 4px; flex-grow: 0; height: 14px; width: 144px;\"><\/div>\n<\/div>\n<p>&nbsp;<\/p>\n<p style=\"color: #c9c8cd; font-family: Arial,sans-serif; font-size: 14px; line-height: 17px; margin-bottom: 0; margin-top: 8px; overflow: hidden; padding: 8px 0 7px; text-align: center; text-overflow: ellipsis; white-space: nowrap;\"><a style=\"color: #c9c8cd; font-family: Arial,sans-serif; font-size: 14px; font-style: normal; font-weight: normal; line-height: 17px; text-decoration: none;\" href=\"https:\/\/www.instagram.com\/p\/CO6y8kotR8d\/?utm_source=ig_embed&amp;utm_campaign=loading\" target=\"_blank\" rel=\"noopener\">Una publicaci\u00f3n compartida de Bella &#x1f98b; (@bellahadid)<\/a><\/p>\n<\/div>\n<\/blockquote>\n<blockquote><p><script async src=\"\/\/www.instagram.com\/embed.js\"><\/script>\u00a0As\u00ed es como lo siente mi coraz\u00f3n\u2026 Estar rodeada de tanta gente hermosa, lista, respetuosa, querida, amable y generosa de Palestina en un solo sitio\u2026 me llena por completo. Somos una raza rara &#x2764;&#xfe0f; Diremos que liberen a Palestina hasta que Palestina sea libre.<\/p><\/blockquote>\n<p>Las reacciones en redes sociales, donde las opiniones acerca del conflicto est\u00e1n bastante polarizadas, no se hac\u00edan esperar. Aunque era una en concreto, escrita por la cuenta oficial de Israel en Twitter, la que desataba la pol\u00e9mica. Esta era la respuesta del Estado a la modelo:<\/p>\n<blockquote><p>\u201cCuando famosas como Bella Hadid abogan por arrojar jud\u00edos al mar, est\u00e1n abogando por la eliminaci\u00f3n del Estado jud\u00edo. Esto no deber\u00eda ser un problema palestino-israel\u00ed, sino que deber\u00eda ser un problema humano. Deber\u00eda darte verg\u00fcenza [\u2026] Para quien no lo sepa, la letra \u2018desde el r\u00edo al mar, Palestina ha de ser libre\u2019 es una frase usada por quienes piden la eliminaci\u00f3n de Israel desde el r\u00edo al mar\u201d.<\/p><\/blockquote>\n<p>La modelo, \u00a0se ha convertido en una improvisada altavoz social y pol\u00edtico de Palestina en Estados Unidos, no se ha manifestado al respecto de este mensaje que en Twitter ya acumula m\u00e1s de 5.000 \u2018me gusta\u2019.<\/p>\n<!-- AddThis Advanced Settings generic via filter on the_content --><!-- AddThis Share Buttons generic via filter on the_content -->","protected":false},"excerpt":{"rendered":"<p>La modelo marchaba este fin de semana en Nueva York, lo que provocaba que el propio Estado israel\u00ed le dedicara un par de tuits que ya son virales. La modelo de 24 a\u00f1os es una de las celebrities mejor pagadas y valoradas de la industria de la moda, donde comparte spotlight junto a su tambi\u00e9n [&hellip;]<!-- AddThis Advanced Settings generic via filter on get_the_excerpt --><!-- AddThis Share Buttons generic via filter on get_the_excerpt --><\/p>\n","protected":false},"author":6,"featured_media":35724,"comment_status":"closed","ping_status":"open","sticky":false,"template":"","format":"standard","meta":{"_acf_changed":false,"om_disable_all_campaigns":false,"_monsterinsights_skip_tracking":false,"_monsterinsights_sitenote_active":false,"_monsterinsights_sitenote_note":"","_monsterinsights_sitenote_category":0,"_uf_show_specific_survey":0,"_uf_disable_surveys":false,"footnotes":""},"categories":[100],"tags":[],"class_list":["post-35723","post","type-post","status-publish","format-standard","has-post-thumbnail","hentry","category-noticias"],"acf":[],"aioseo_notices":[],"_links":{"self":[{"href":"https:\/\/www.lasrosas.com.ar\/portal\/wp-json\/wp\/v2\/posts\/35723","targetHints":{"allow":["GET"]}}],"collection":[{"href":"https:\/\/www.lasrosas.com.ar\/portal\/wp-json\/wp\/v2\/posts"}],"about":[{"href":"https:\/\/www.lasrosas.com.ar\/portal\/wp-json\/wp\/v2\/types\/post"}],"author":[{"embeddable":true,"href":"https:\/\/www.lasrosas.com.ar\/portal\/wp-json\/wp\/v2\/users\/6"}],"replies":[{"embeddable":true,"href":"https:\/\/www.lasrosas.com.ar\/portal\/wp-json\/wp\/v2\/comments?post=35723"}],"version-history":[{"count":0,"href":"https:\/\/www.lasrosas.com.ar\/portal\/wp-json\/wp\/v2\/posts\/35723\/revisions"}],"wp:featuredmedia":[{"embeddable":true,"href":"https:\/\/www.lasrosas.com.ar\/portal\/wp-json\/wp\/v2\/media\/35724"}],"wp:attachment":[{"href":"https:\/\/www.lasrosas.com.ar\/portal\/wp-json\/wp\/v2\/media?parent=35723"}],"wp:term":[{"taxonomy":"category","embeddable":true,"href":"https:\/\/www.lasrosas.com.ar\/portal\/wp-json\/wp\/v2\/categories?post=35723"},{"taxonomy":"post_tag","embeddable":true,"href":"https:\/\/www.lasrosas.com.ar\/portal\/wp-json\/wp\/v2\/tags?post=35723"}],"curies":[{"name":"wp","href":"https:\/\/api.w.org\/{rel}","templated":true}]}}